{"id":164563,"date":"2025-08-12T02:17:28","date_gmt":"2025-08-12T02:17:28","guid":{"rendered":"https:\/\/www.clarin.com\/deportes\/panamericanos-junior-asuncion-polemica-descalificacion-mateo-kalejman-malena-santillan-consiguio-segundo-oro-argentina_0_IE7F0Z5hLY.html"},"modified":"2025-08-12T02:17:28","modified_gmt":"2025-08-12T02:17:28","slug":"panamericanos-junior-de-asuncion-tras-la-polemica-descalificacion-de-mateo-kalejman-malena-santillan-consiguio-el-segundo-oro-para-argentina","status":"publish","type":"post","link":"http:\/\/cordobainforma.info\/index.php\/2025\/08\/12\/panamericanos-junior-de-asuncion-tras-la-polemica-descalificacion-de-mateo-kalejman-malena-santillan-consiguio-el-segundo-oro-para-argentina\/","title":{"rendered":"Panamericanos Junior de Asunci\u00f3n: tras la pol\u00e9mica descalificaci\u00f3n de Mateo Kalejman, Malena Santill\u00e1n consigui\u00f3 el segundo oro para Argentina"},"content":{"rendered":"<p><img src=\"http:\/\/cordobainforma.info\/wp-content\/uploads\/2025\/08\/panamericanos-junior-de-asuncion-tras-la-polemica-descalificacion-de-mateo-kalejman-malena-santillan-consiguio-el-segundo-oro-para-argentina.jpg\"><\/p>\n<div><img src=\"http:\/\/cordobainforma.info\/wp-content\/uploads\/2025\/08\/panamericanos-junior-de-asuncion-tras-la-polemica-descalificacion-de-mateo-kalejman-malena-santillan-consiguio-el-segundo-oro-para-argentina-2.jpg\" class=\"ff-og-image-inserted\"><\/div>\n<div id=\"element-body-0\" readability=\"54.586129753915\">\n<p>Despu\u00e9s de un domingo agridulce -con la felicidad por el oro de Agostina Hein en 400 libre de nataci\u00f3n y la bronca por <a href=\"https:\/\/www.clarin.com\/deportes\/impotencia-mateo-kalejman-polemica-descalificacion-juegos-panamericanos-junior-verguenza-total-hecho_0_0yDG5sWgrl.html\" target=\"_blank\" title=\"la pol\u00e9mica descalificaci\u00f3n de Mateo Kalejman\" alt=\"la pol\u00e9mica descalificaci\u00f3n de Mateo Kalejman\" rel=\"noopener noreferrer\">la pol\u00e9mica descalificaci\u00f3n de Mateo Kalejman<\/a> tras coronarse en la contrarreloj de ciclismo en ruta-, la delegaci\u00f3n argentina sigui\u00f3 alimentando su medallero en los <strong>Juegos Panamericanos Junior de Asunci\u00f3n<\/strong>. Y sum\u00f3 su segunda medalla dorada con una enorme actuaci\u00f3n de <strong>Malena Santill\u00e1n<\/strong> en la pileta del Centro Acu\u00e1tico.<\/p>\n<\/div>\n<div id=\"element-body-1\" readability=\"61\">\n<p>La cordobesa de 17 a\u00f1os se coron\u00f3 en los 200 metros espalda al imponerse en una final que tuvo tambi\u00e9n en el podio a <strong>Cecilia Diekele<\/strong>. Lo hizo con 2m10s36, con los que estableci\u00f3 una nueva plusmarca panamericana de la categor\u00eda -baj\u00f3 los 2m13s10 que hab\u00eda conseguido la mexicaba <strong>Celia Pulido<\/strong> en la clasificaci\u00f3n de la ma\u00f1ana- y nuevo r\u00e9cord sudamericano y argentino absoluto (super\u00f3 su propio registro de 2m12s28 de marzo de 2024).<\/p>\n<\/div>\n<div id=\"element-body-2\" readability=\"61\">\n<p>Pulido fue plata con 2m11s67 y Diekele, de 15 a\u00f1os, se colg\u00f3 el bronce con 2m11s92, tambi\u00e9n un gran tiempo.<\/p>\n<\/div>\n<div id=\"element-body-3\" readability=\"62\">\n<p>\u00abEstoy muy feliz y muy emocionada. No esperaba hacer esta marca, pero sali\u00f3 por el entrenamiento y el esfuerzo de todos los d\u00edas. Hace unos meses ya que vengo entrenando muy fuerte. Me fui a vivir a Santa Fe para seguir progresando y mejorando marcas y eso se est\u00e1 viendo\u00bb, coment\u00f3 Santill\u00e1n en charla con <strong>TyC Sports<\/strong>.<\/p>\n<\/div>\n<div id=\"element-body-4\" readability=\"29.089595375723\">\n<blockquote class=\"twitter-tweet\" readability=\"7.9335260115607\">\n<p lang=\"es\" dir=\"ltr\">\ud83c\udde6\ud83c\uddf7 \u00a1Argentina cosech\u00f3 una gran cantidad de medallas en nataci\u00f3n en la jornada de hoy!<\/p>\n<p>\ud83e\udd49Mat\u00edas Santiso\/ 200 m. libre<br \/>\ud83e\udd48 Ulises Cazau\/ 100 m. mariposa<br \/>\ud83e\udd47 Malena Santill\u00e1n\/ 200 m. espalda<br \/>\ud83e\udd49 Cecilia Dieleke\/ 200 m. espalda<br \/>\ud83e\udd48 4X100 m. relevo libre mixto <a href=\"https:\/\/t.co\/9WY5qWjUC0\">pic.twitter.com\/9WY5qWjUC0<\/a><\/p>\n<p>\u2014 TyC Sports Play (@TyCSportsPlay) <a href=\"https:\/\/twitter.com\/TyCSportsPlay\/status\/1955047049499463909?ref_src=twsrc%5Etfw\">August 11, 2025<\/a><\/p><\/blockquote><\/div>\n<div id=\"element-body-5\" readability=\"65\">\n<p>La cordobesa destac\u00f3 el apoyo que est\u00e1 recibiendo de <strong>Uni\u00f3n<\/strong>, el club en el que entrena desde hace un tiempo. \u00abMe ayudan much\u00edsimo. Las instalaciones son buenas, los entrenadores tambi\u00e9n y tienen un equipo muy lindo. El a\u00f1o pasado me ayudaron a poder viajar, porque como fue todo auto-financiado fue muy dif\u00edcil, y siempre estuvieron ah\u00ed\u00bb, cont\u00f3.<\/p>\n<\/div>\n<div id=\"element-body-6\" readability=\"64\">\n<p>No fue la primera vez que Santill\u00e1n brill\u00f3 en las piletas de Asunci\u00f3n. En 2022, con apenas 14 a\u00f1os, fue la gran revelaci\u00f3n de los <strong>Juegos Suramericanos<\/strong> que se celebraron en esa ciudad. En aquella cita se colg\u00f3 el oro en 200 espalda, la plata con la posta 4&#215;200 libre femenina, el bronce en los 800 libre y fue cuarta en los 400 del mismo estilo.<\/p>\n<\/div>\n<div id=\"element-body-7\" readability=\"61\">\n<p>En el Centro Acu\u00e1tico hubo tambi\u00e9n platas de <strong>Ulises Cazau<\/strong> en los 100 mariposa y la posta 4&#215;100 mixta (<strong>Mat\u00edas Santiso<\/strong>, <strong>Mat\u00edas Chaillou<\/strong>, <strong>Agostina Hein<\/strong> y <strong>Luc\u00eda Gauna<\/strong>) y bronce de Santiso en los 200 libre.<\/p>\n<\/div>\n<div id=\"element-body-8\" readability=\"17.484581497797\">\n<blockquote class=\"twitter-tweet\" readability=\"3.3303964757709\">\n<p lang=\"es\" dir=\"ltr\"><a href=\"https:\/\/twitter.com\/hashtag\/CiclismoBMX?src=hash&amp;ref_src=twsrc%5Etfw\">#CiclismoBMX<\/a> \ud83d\udeb4\u200d\u2642\ufe0f Manuel Turone se colg\u00f3 la medalla de plata en BMX Freestyle: <a href=\"https:\/\/t.co\/5QfTJokr5h\">https:\/\/t.co\/5QfTJokr5h<\/a><a href=\"https:\/\/twitter.com\/hashtag\/ArgentinaEnAsunci%C3%B3n2025?src=hash&amp;ref_src=twsrc%5Etfw\">#ArgentinaEnAsunci\u00f3n2025<\/a> \ud83c\udde6\ud83c\uddf7 <a href=\"https:\/\/t.co\/elJE6yIjnr\">pic.twitter.com\/elJE6yIjnr<\/a><\/p>\n<p>\u2014 Comit\u00e9 Ol\u00edmpico ARG (@PrensaCOA) <a href=\"https:\/\/twitter.com\/PrensaCOA\/status\/1954986383539687682?ref_src=twsrc%5Etfw\">August 11, 2025<\/a><\/p><\/blockquote><\/div>\n<div id=\"element-body-9\" readability=\"57\">\n<p>La nataci\u00f3n no fue el \u00fanico deporte que aliment\u00f3 ayer el medallero albiceleste.<\/p>\n<\/div>\n<div id=\"element-body-10\" readability=\"64\">\n<p>Tras los pasos de Jos\u00e9 <em>Maligno <\/em>Torres, <strong>Manuel Turone<\/strong> fue segundo en una cerrad\u00edsima definici\u00f3n del BMX Freestyle. El neuquino, que suele entrenar con el cordob\u00e9s que fue campe\u00f3n ol\u00edmpico en <strong>Par\u00eds 2024<\/strong>, sum\u00f3 91 puntos en su segunda pasada y qued\u00f3 a solo 1.67 del colombiano <strong>Sa\u00fal Hern\u00e1ndez<\/strong>, campe\u00f3n con 92.67.<\/p>\n<\/div>\n<div id=\"element-body-11\" readability=\"64\">\n<p>El tiro celebr\u00f3 la plata de <strong>Joaqu\u00edn Cisneros<\/strong>, quien arranc\u00f3 muy fuerte en la final de trap masculina, en la que lider\u00f3 hasta la sexta serie, pero fue superado por el brasile\u00f1o Hussein Daruich, quien fue mejor en un cierre mano a mano y se coron\u00f3 con 41 platos, dos m\u00e1s que el argentino. <\/p>\n<\/div>\n<div id=\"element-body-12\" readability=\"22.233766233766\">\n<blockquote class=\"twitter-tweet\" readability=\"4.8636363636364\">\n<p lang=\"es\" dir=\"ltr\"><a href=\"https:\/\/twitter.com\/hashtag\/Tiro?src=hash&amp;ref_src=twsrc%5Etfw\">#Tiro<\/a> \ud83c\udfafJoaqu\u00edn Cisneros conquist\u00f3 la medalla de plata en la prueba de trap masculino y Emilia Oblan se llev\u00f3 la presea de bronce en la especialidad rifle de aire 10 metros: <a href=\"https:\/\/t.co\/p5kkABNh8h\">https:\/\/t.co\/p5kkABNh8h<\/a><a href=\"https:\/\/twitter.com\/hashtag\/ArgentinaEnAsunci%C3%B3n2025?src=hash&amp;ref_src=twsrc%5Etfw\">#ArgentinaEnAsunci\u00f3n2025<\/a> <a href=\"https:\/\/t.co\/IS6RMNI6dB\">pic.twitter.com\/IS6RMNI6dB<\/a><\/p>\n<p>\u2014 Comit\u00e9 Ol\u00edmpico ARG (@PrensaCOA) <a href=\"https:\/\/twitter.com\/PrensaCOA\/status\/1955009805493342390?ref_src=twsrc%5Etfw\">August 11, 2025<\/a><\/p><\/blockquote><\/div>\n<div id=\"element-body-13\" readability=\"60\">\n<p>Y tambi\u00e9n el bronce de <strong>Emilia Obl\u00e1n<\/strong>, que qued\u00f3 tercera en rifle de aire 10 metros con 225.4 puntos, detr\u00e1s de las estadounidenses Isabella Baldwin (249) y Elijah Spencer (247.8).<\/p>\n<\/div>\n<div id=\"element-body-14\" readability=\"58\">\n<p><strong>Morena Dom\u00ednguez<\/strong> fue bronce en el street femenino del skateboarding con 113.81 puntos. Escolt\u00f3 a la brasile\u00f1a Mar\u00eda Luc\u00eda de Campos (151.21) y a la estadounidense Poe Pinson (143.31).<\/p>\n<\/div>\n<div id=\"element-body-15\" readability=\"65\">\n<p>El remo inaugur\u00f3 su medallero con la plateada del cuatro sin timonel masculino de <strong>Agust\u00edn Annese<\/strong>, <strong>Fernando \u00c1lvarez<\/strong>, <strong>Marcos Rojas <\/strong>y <strong>Mart\u00edn Mansilla<\/strong>, que qued\u00f3 detr\u00e1s del cuarteto chileno y por delante del brasile\u00f1o. Y el judo, con el bronce de <strong>Alem Yuma<\/strong>, que derrot\u00f3 por ippon al peruano Benjam\u00edn Galarreta en el combate por el tercer lugar de la categor\u00eda hasta 81 kilos.<\/p>\n<\/div>\n<div id=\"element-body-16\" readability=\"30.635245901639\">\n<blockquote class=\"twitter-tweet\" readability=\"10.655737704918\">\n<p lang=\"es\" dir=\"ltr\">\u00a1A BRASIL SE LE CAY\u00d3 UN REMO Y ARGENTINA ES MEDALLA PLATEADA! \ud83c\udde6\ud83c\uddf7 \ud83e\udd48<br \/>El bote brasile\u00f1o ven\u00eda firme detr\u00e1s del chileno, pero sufri\u00f3 la ca\u00edda de uno de sus remos, perdi\u00f3 velocidad y el equipo argentino masculino (Annese, \u00c1lvarez, Rojas y Mansilla) se qued\u00f3 con la de plata. <a href=\"https:\/\/t.co\/US9aiqyoSt\">pic.twitter.com\/US9aiqyoSt<\/a><\/p>\n<p>\u2014 TyC Sports Play (@TyCSportsPlay) <a href=\"https:\/\/twitter.com\/TyCSportsPlay\/status\/1954890705182052737?ref_src=twsrc%5Etfw\">August 11, 2025<\/a><\/p><\/blockquote><\/div>\n<div id=\"element-body-17\" readability=\"62\">\n<p>Argentina acumula 18 medallas, dos de oro, ocho de plata y ocho de bronce. Est\u00e1 quinta en el medallero, que tiene en el podio a <strong>Brasil<\/strong> (22-9-10), <strong>Chile <\/strong>(7-4-5) y <strong>Colombia<\/strong> (5-3-7). <\/p>\n<\/div>\n","protected":false},"excerpt":{"rendered":"<p>Despu\u00e9s de un domingo agridulce -con la felicidad por el oro de Agostina Hein en 400 libre de nataci\u00f3n y la bronca por la pol\u00e9mica descalificaci\u00f3n de Mateo Kalejman tras coronarse en la contrarreloj de ciclismo en ruta-, la delegaci\u00f3n argentina sigui\u00f3 alimentando su medallero en los Juegos Panamericanos Junior de Asunci\u00f3n. Y sum\u00f3 su [&hellip;]<\/p>\n","protected":false},"author":1,"featured_media":164564,"comment_status":"closed","ping_status":"closed","sticky":false,"template":"","format":"standard","meta":[],"categories":[20],"tags":[],"_links":{"self":[{"href":"http:\/\/cordobainforma.info\/index.php\/wp-json\/wp\/v2\/posts\/164563"}],"collection":[{"href":"http:\/\/cordobainforma.info\/index.php\/wp-json\/wp\/v2\/posts"}],"about":[{"href":"http:\/\/cordobainforma.info\/index.php\/wp-json\/wp\/v2\/types\/post"}],"author":[{"embeddable":true,"href":"http:\/\/cordobainforma.info\/index.php\/wp-json\/wp\/v2\/users\/1"}],"replies":[{"embeddable":true,"href":"http:\/\/cordobainforma.info\/index.php\/wp-json\/wp\/v2\/comments?post=164563"}],"version-history":[{"count":0,"href":"http:\/\/cordobainforma.info\/index.php\/wp-json\/wp\/v2\/posts\/164563\/revisions"}],"wp:featuredmedia":[{"embeddable":true,"href":"http:\/\/cordobainforma.info\/index.php\/wp-json\/wp\/v2\/media\/164564"}],"wp:attachment":[{"href":"http:\/\/cordobainforma.info\/index.php\/wp-json\/wp\/v2\/media?parent=164563"}],"wp:term":[{"taxonomy":"category","embeddable":true,"href":"http:\/\/cordobainforma.info\/index.php\/wp-json\/wp\/v2\/categories?post=164563"},{"taxonomy":"post_tag","embeddable":true,"href":"http:\/\/cordobainforma.info\/index.php\/wp-json\/wp\/v2\/tags?post=164563"}],"curies":[{"name":"wp","href":"https:\/\/api.w.org\/{rel}","templated":true}]}}