{"id":164511,"date":"2025-08-11T10:55:08","date_gmt":"2025-08-11T10:55:08","guid":{"rendered":"https:\/\/www.mujerhoy.com\/moda\/no-te-pierdas\/ursula-corbero-cumpleanos-mejores-looks-vestidos-alfombra-roja-20250811124753-nt.html"},"modified":"2025-08-11T10:55:08","modified_gmt":"2025-08-11T10:55:08","slug":"ursula-corbero-cumple-36-anos-estos-son-los-10-looks-mas-espectaculares-que-ha-llevado","status":"publish","type":"post","link":"http:\/\/cordobainforma.info\/index.php\/2025\/08\/11\/ursula-corbero-cumple-36-anos-estos-son-los-10-looks-mas-espectaculares-que-ha-llevado\/","title":{"rendered":"\u00darsula Corber\u00f3 cumple 36 a\u00f1os: estos son los 10 looks m\u00e1s espectaculares que ha llevado"},"content":{"rendered":"<div class=\"media_block\"><\/div>\n<p><!-- AUTHOR --><\/p>\n<div class=\"voc-author-timesocial \">\n<!-- AUTHOR --><\/p>\n<div class=\"voc-author-timesocial__signature \">\n<!-- IMAGE AUTHOR -->\n<picture class=\"voc-image-signature\">\n<img class=\"voc-image-signature__img\" src=\"http:\/\/cordobainforma.info\/wp-content\/uploads\/2025\/08\/ursula-corbero-cumple-36-anos-estos-son-los-10-looks-mas-espectaculares-que-ha-llevado.jpg\" alt=\"Raquel Rodr\u00edguez\">\n<\/picture>\n<!-- INFO AUTHOR --> <\/div><\/div>\n<p><!-- COMPONENTS --><\/p>\n<p class=\"voc-paragraph\">Salt\u00f3 al estrellato gracias a F\u00edsica o Qu\u00edmica y siendo una todav\u00eda una adolescente. Desde entonces no ha parado de trabajar y se ha convertido en una de nuestras actrices internacionales m\u00e1s destacadas. Hablamos de <a href=\"https:\/\/www.mujerhoy.com\/temas\/personajes\/ursula-corbero.html\" title=\"www.mujerhoy.com\" data-voc-vtm-id=\"in-text-traffic\" data-mrf-link=\"www.mujerhoy.com\">\u00darsula Corber\u00f3<\/a>, que hoy cumple 36 a\u00f1os y que no solo triunfa detr\u00e1s de la pantalla, sino que tambi\u00e9n lo hace con su imagen. Es todo un<strong> referente de estilo <\/strong>y all\u00e1 donde va lo confirma.<\/p>\n<p class=\"voc-paragraph\">Alfombras rojas, premieres, actos publicitarios e incluso citas donde la moda es protagonista, como es el caso de la <a href=\"https:\/\/www.mujerhoy.com\/moda\/pasarelas\/semana-alta-costura-paris-mejores-looks-desfiles-chanel-schiaparelli-20250708114218-nt.html\" title=\"www.mujerhoy.com\" data-voc-vtm-id=\"in-text-traffic\" data-mrf-link=\"www.mujerhoy.com\">Fashion Week de Par\u00eds<\/a>. \u00darsula Corber\u00f3 es una de esas mujeres que no pasan desapercibidas. <strong>Su estilo ha ido evolucionando <\/strong>a lo largo de los a\u00f1os, en consonancia con las tendencias, y siendo el resultado de una madurez que nos ha dejado looks tan impresionaste como estos.<\/p>\n<div class=\"v-c-cmp v-c-cmp--t1 \">\n<div class=\"v-cmp-rld v-cmp-rld--2 \">\n<div class=\"v-cnt-m v-cnt-m--m\">\n<div class=\"v-cnt-m__c\">\n<div class=\"v-cnt-m__w v-cnt-m__w--1\">\n<p class=\"v-cnt-m__t\">\nTAMBI\u00c9N TE INTERESA\n<\/p>\n<\/div>\n<\/div>\n<\/div>\n<div class=\"v-g v-g--2-c v-g--bdr-min-xs\">\n<div class=\"v-g__c \">\n<article class=\"v-a v-a--cmp-rld v-a--cmp-rld-2 v-a--p-l\">\n<div class=\"v-a-img-c\">\n<figure class=\"v-a-fig\">\n<a href=\"https:\/\/www.mujerhoy.com\/celebrities\/alfombra-roja\/mejores-looks-aniversario-netflix-famosas-20250610194343-nt.html#vtm_modulosEngag=mod-rel:moda:noticia:1:cmp:2-not\" class=\"v-a-link\" title=\"De Blanca Su\u00e1rez a \u00darsula Corber\u00f3: las mejor vestidas de la alfombra roja del d\u00e9cimo aniversario de Netflix\"><br \/>\n<img loading=\"lazy\" class=\"v-a-img\" src=\"http:\/\/cordobainforma.info\/wp-content\/uploads\/2025\/08\/ursula-corbero-cumple-36-anos-estos-son-los-10-looks-mas-espectaculares-que-ha-llevado-1.jpg\" alt=\"De Blanca Su\u00e1rez a \u00darsula Corber\u00f3: las mejor vestidas de la alfombra roja del d\u00e9cimo aniversario de Netflix\"><br \/>\n<\/a><br \/>\n<\/figure>\n<\/div>\n<\/article>\n<\/div>\n<div class=\"v-g__c \">\n<article class=\"v-a v-a--cmp-rld v-a--cmp-rld-2 v-a--p-l\">\n<div class=\"v-a-img-c\">\n<figure class=\"v-a-fig\">\n<a href=\"https:\/\/www.mujerhoy.com\/moda\/no-te-pierdas\/ursula-corbero-look-original-pantalones-capri-marca-espanola-estreno-pelicula-20250520160721-nt.html#vtm_modulosEngag=mod-rel:moda:noticia:2:cmp:2-not\" class=\"v-a-link\" title=\"\u00darsula Corber\u00f3 tiene el truco para combinar los pantalones capri este verano: su look made in Spain m\u00e1s original\"><br \/>\n<img loading=\"lazy\" class=\"v-a-img\" src=\"http:\/\/cordobainforma.info\/wp-content\/uploads\/2025\/08\/ursula-corbero-cumple-36-anos-estos-son-los-10-looks-mas-espectaculares-que-ha-llevado-2.jpg\" alt=\"\u00darsula Corber\u00f3 tiene el truco para combinar los pantalones capri este verano: su look made in Spain m\u00e1s original\"><br \/>\n<\/a><br \/>\n<\/figure>\n<\/div>\n<\/article>\n<\/div>\n<\/div>\n<\/div>\n<\/div>\n<div class=\"v-c-cmp \">\n<div class=\"v-cmp-m v-cmp-m--t1\">\n<article class=\"v-a v-a--cmp-m v-c-cmp--m-p\">\n<div class=\"v-a-img-c v-a-img-c--fw-xs\">\n<div class=\"v-a-fig\">\n<div class=\"v-a-link\">\n<img loading=\"lazy\" src=\"http:\/\/cordobainforma.info\/wp-content\/uploads\/2025\/08\/ursula-corbero-cumple-36-anos-estos-son-los-10-looks-mas-espectaculares-que-ha-llevado-3.jpg\" class=\"v-a-img\" width=\"650\" height=\"975\" alt data-voc-vtm-id=\"in-text-traffic\">\n<\/div><figcaption class=\"v-fc\">\n<span class=\"v-fc__p\"><br \/>\ngtres<br \/>\n<\/span><br \/>\n<\/figcaption><\/div>\n<\/div>\n<\/article>\n<\/div>\n<\/div>\n<p><h3 class=\"v-cmp-suh\">\nTotal look rojo<br \/>\n<\/h3>\n<\/p>\n<p class=\"voc-paragraph\">En el d\u00e9cimo aniversario de Netflix, la actriz arras\u00f3 con este look de estilo necero que apostaba todo el rojo. \u00a1Incluso las medias!<\/p>\n<div class=\"v-c-cmp \">\n<div class=\"v-cmp-m v-cmp-m--t1\">\n<article class=\"v-a v-a--cmp-m v-c-cmp--m-p\">\n<div class=\"v-a-img-c v-a-img-c--fw-xs\">\n<div class=\"v-a-fig\">\n<div class=\"v-a-link\">\n<img loading=\"lazy\" src=\"http:\/\/cordobainforma.info\/wp-content\/uploads\/2025\/08\/ursula-corbero-cumple-36-anos-estos-son-los-10-looks-mas-espectaculares-que-ha-llevado-4.jpg\" class=\"v-a-img\" width=\"650\" height=\"975\" alt data-voc-vtm-id=\"in-text-traffic\">\n<\/div><figcaption class=\"v-fc\">\n<span class=\"v-fc__p\"><br \/>\ngtres<br \/>\n<\/span><br \/>\n<\/figcaption><\/div>\n<\/div>\n<\/article>\n<\/div>\n<\/div>\n<p><h3 class=\"v-cmp-suh\">\nPremios Goya<br \/>\n<\/h3>\n<\/p>\n<p class=\"voc-paragraph\">Este precioso vestido de Teresa Helbig es el protagonista del mejor look que ha llevado a los Premios Goya. Fue en la edici\u00f3n de 2015.<\/p>\n<div class=\"v-c-cmp \">\n<div class=\"v-cmp-m v-cmp-m--t1\">\n<article class=\"v-a v-a--cmp-m v-c-cmp--m-p\">\n<div class=\"v-a-img-c v-a-img-c--fw-xs\">\n<div class=\"v-a-fig\">\n<div class=\"v-a-link\">\n<img loading=\"lazy\" src=\"http:\/\/cordobainforma.info\/wp-content\/uploads\/2025\/08\/ursula-corbero-cumple-36-anos-estos-son-los-10-looks-mas-espectaculares-que-ha-llevado-5.jpg\" class=\"v-a-img\" width=\"650\" height=\"975\" alt data-voc-vtm-id=\"in-text-traffic\">\n<\/div><figcaption class=\"v-fc\">\n<span class=\"v-fc__p\"><br \/>\ngtres<br \/>\n<\/span><br \/>\n<\/figcaption><\/div>\n<\/div>\n<\/article>\n<\/div>\n<\/div>\n<p><h3 class=\"v-cmp-suh\">\nPremios Feroz<br \/>\n<\/h3>\n<\/p>\n<p class=\"voc-paragraph\">En 2018, \u00darsula sorprend\u00eda con este vestido de inspiraci\u00f3n oriental. Era tambi\u00e9n de Teresa Helbig y gust\u00f3 mucho por su maquillaje y su corte de pelo pixie.<\/p>\n<div class=\"v-c-cmp \">\n<div class=\"v-cmp-m v-cmp-m--t1\">\n<article class=\"v-a v-a--cmp-m v-c-cmp--m-p\">\n<div class=\"v-a-img-c v-a-img-c--fw-xs\">\n<div class=\"v-a-fig\">\n<div class=\"v-a-link\">\n<img loading=\"lazy\" src=\"http:\/\/cordobainforma.info\/wp-content\/uploads\/2025\/08\/ursula-corbero-cumple-36-anos-estos-son-los-10-looks-mas-espectaculares-que-ha-llevado-6.jpg\" class=\"v-a-img\" width=\"650\" height=\"975\" alt data-voc-vtm-id=\"in-text-traffic\">\n<\/div><figcaption class=\"v-fc\">\n<span class=\"v-fc__p\"><br \/>\ngtres<br \/>\n<\/span><br \/>\n<\/figcaption><\/div>\n<\/div>\n<\/article>\n<\/div>\n<\/div>\n<p><h3 class=\"v-cmp-suh\">\nFestival de Cannes<br \/>\n<\/h3>\n<\/p>\n<p class=\"voc-paragraph\">Cuando la actriz traspasa fronteras, el resultado estil\u00edstico es de matr\u00edcula de honor. Ejemplo de ello es este vestido negro que llev\u00f3 en el Festival de Cannes en 2018.<\/p>\n<div class=\"v-c-cmp \">\n<div class=\"v-cmp-m v-cmp-m--t1\">\n<article class=\"v-a v-a--cmp-m v-c-cmp--m-p\">\n<div class=\"v-a-img-c v-a-img-c--fw-xs\">\n<div class=\"v-a-fig\">\n<div class=\"v-a-link\">\n<img loading=\"lazy\" src=\"http:\/\/cordobainforma.info\/wp-content\/uploads\/2025\/08\/ursula-corbero-cumple-36-anos-estos-son-los-10-looks-mas-espectaculares-que-ha-llevado-7.jpg\" class=\"v-a-img\" width=\"650\" height=\"975\" alt data-voc-vtm-id=\"in-text-traffic\">\n<\/div><figcaption class=\"v-fc\">\n<span class=\"v-fc__p\"><br \/>\ngtres<br \/>\n<\/span><br \/>\n<\/figcaption><\/div>\n<\/div>\n<\/article>\n<\/div>\n<\/div>\n<p><h3 class=\"v-cmp-suh\">\nPlumas y lentejuelas<br \/>\n<\/h3>\n<\/p>\n<p class=\"voc-paragraph\">Entre sus looks m\u00e1s originales, se encuentra este vestido que llev\u00f3 en el aniversario de Vogue. Un dise\u00f1o mini, con plumas en los hombros y lentejuelas.<\/p>\n<div class=\"v-c-cmp \">\n<div class=\"v-cmp-m v-cmp-m--t1\">\n<article class=\"v-a v-a--cmp-m v-c-cmp--m-p\">\n<div class=\"v-a-img-c v-a-img-c--fw-xs\">\n<div class=\"v-a-fig\">\n<div class=\"v-a-link\">\n<img loading=\"lazy\" src=\"http:\/\/cordobainforma.info\/wp-content\/uploads\/2025\/08\/ursula-corbero-cumple-36-anos-estos-son-los-10-looks-mas-espectaculares-que-ha-llevado-8.jpg\" class=\"v-a-img\" width=\"650\" height=\"975\" alt data-voc-vtm-id=\"in-text-traffic\">\n<\/div><figcaption class=\"v-fc\">\n<span class=\"v-fc__p\"><br \/>\ngtres<br \/>\n<\/span><br \/>\n<\/figcaption><\/div>\n<\/div>\n<\/article>\n<\/div>\n<\/div>\n<p><h3 class=\"v-cmp-suh\">\nVestido con lazo<br \/>\n<\/h3>\n<\/p>\n<p class=\"voc-paragraph\">La promoci\u00f3n de La casa de papel nos ha dejado algunos de los looks m\u00e1s sofisticados y especiales de la actriz. Nos encanta este que llev\u00f3 en 2019 con maxi lazo de lunares.<\/p>\n<div class=\"v-c-cmp \">\n<div class=\"v-cmp-m v-cmp-m--t1\">\n<article class=\"v-a v-a--cmp-m v-c-cmp--m-p\">\n<div class=\"v-a-img-c v-a-img-c--fw-xs\">\n<div class=\"v-a-fig\">\n<div class=\"v-a-link\">\n<img loading=\"lazy\" src=\"http:\/\/cordobainforma.info\/wp-content\/uploads\/2025\/08\/ursula-corbero-cumple-36-anos-estos-son-los-10-looks-mas-espectaculares-que-ha-llevado-9.jpg\" class=\"v-a-img\" width=\"650\" height=\"975\" alt data-voc-vtm-id=\"in-text-traffic\">\n<\/div><figcaption class=\"v-fc\">\n<span class=\"v-fc__p\"><br \/>\ngtres<br \/>\n<\/span><br \/>\n<\/figcaption><\/div>\n<\/div>\n<\/article>\n<\/div>\n<\/div>\n<p><h3 class=\"v-cmp-suh\">\nVestido de rejilla<br \/>\n<\/h3>\n<\/p>\n<p class=\"voc-paragraph\">El a\u00f1o pasado, \u00darsula demostraba que estaba dispuesta a darlo todo con las prendas escogidas y se plant\u00f3 en los Premios Feroz con este original dise\u00f1o de Bottega Veneta.<\/p>\n<div class=\"v-c-cmp \">\n<div class=\"v-cmp-m v-cmp-m--t1\">\n<article class=\"v-a v-a--cmp-m v-c-cmp--m-p\">\n<div class=\"v-a-img-c v-a-img-c--fw-xs\">\n<div class=\"v-a-fig\">\n<div class=\"v-a-link\">\n<img loading=\"lazy\" src=\"http:\/\/cordobainforma.info\/wp-content\/uploads\/2025\/08\/ursula-corbero-cumple-36-anos-estos-son-los-10-looks-mas-espectaculares-que-ha-llevado-10.jpg\" class=\"v-a-img\" width=\"650\" height=\"975\" alt data-voc-vtm-id=\"in-text-traffic\">\n<\/div><figcaption class=\"v-fc\">\n<span class=\"v-fc__p\"><br \/>\ngtres<br \/>\n<\/span><br \/>\n<\/figcaption><\/div>\n<\/div>\n<\/article>\n<\/div>\n<\/div>\n<p><h3 class=\"v-cmp-suh\">\nFestival de Venecia<br \/>\n<\/h3>\n<\/p>\n<p class=\"voc-paragraph\">El a\u00f1o pasado, la actriz espa\u00f1ola present\u00f3 en Venecia su \u00faltimo trabajo, \u00abEl Jockey\u00bb, con este vestido rojo con el que estaba espectacular.<\/p>\n<div class=\"v-c-cmp \">\n<div class=\"v-cmp-m v-cmp-m--t1\">\n<article class=\"v-a v-a--cmp-m v-c-cmp--m-p\">\n<div class=\"v-a-img-c v-a-img-c--fw-xs\">\n<div class=\"v-a-fig\">\n<div class=\"v-a-link\">\n<img loading=\"lazy\" src=\"http:\/\/cordobainforma.info\/wp-content\/uploads\/2025\/08\/ursula-corbero-cumple-36-anos-estos-son-los-10-looks-mas-espectaculares-que-ha-llevado-11.jpg\" class=\"v-a-img\" width=\"650\" height=\"975\" alt data-voc-vtm-id=\"in-text-traffic\">\n<\/div><figcaption class=\"v-fc\">\n<span class=\"v-fc__p\"><br \/>\ngtres<br \/>\n<\/span><br \/>\n<\/figcaption><\/div>\n<\/div>\n<\/article>\n<\/div>\n<\/div>\n<p><h3 class=\"v-cmp-suh\">\nFiesta de los Premios Oscar<br \/>\n<\/h3>\n<\/p>\n<p class=\"voc-paragraph\">Este a\u00f1o, estuvo en la exclusiva fiesta post Oscar con un vestido semitransparente de lentejuelas en tono agua marina de la colecci\u00f3n Alta Costura de Armani.<\/p>\n<div class=\"v-c-cmp \">\n<div class=\"v-cmp-m v-cmp-m--t1\">\n<article class=\"v-a v-a--cmp-m v-c-cmp--m-p\">\n<div class=\"v-a-img-c v-a-img-c--fw-xs\">\n<div class=\"v-a-fig\">\n<div class=\"v-a-link\">\n<img loading=\"lazy\" src=\"http:\/\/cordobainforma.info\/wp-content\/uploads\/2025\/08\/ursula-corbero-cumple-36-anos-estos-son-los-10-looks-mas-espectaculares-que-ha-llevado-12.jpg\" class=\"v-a-img\" width=\"650\" height=\"975\" alt data-voc-vtm-id=\"in-text-traffic\">\n<\/div><figcaption class=\"v-fc\">\n<span class=\"v-fc__p\"><br \/>\ngtres<br \/>\n<\/span><br \/>\n<\/figcaption><\/div>\n<\/div>\n<\/article>\n<\/div>\n<\/div>\n<p><h3 class=\"v-cmp-suh\">\nParis Fashion Week<br \/>\n<\/h3>\n<\/p>\n<p class=\"voc-paragraph\">Y no ha faltado a la cita de la moda. La actriz fue una de las invitadas vip al \u00faltimo desfile de Miu Miu con este look tan tendencia con falda mini de tablas.<\/p>\n<div class=\"v-c-cmp v-c-cmp--t1 \">\n<div class=\"v-cmp-rld v-cmp-rld--2 \">\n<div class=\"v-cnt-m v-cnt-m--m\">\n<div class=\"v-cnt-m__c\">\n<div class=\"v-cnt-m__w v-cnt-m__w--1\">\n<p class=\"v-cnt-m__t\">\nTAMBI\u00c9N TE INTERESA\n<\/p>\n<\/div>\n<\/div>\n<\/div>\n<div class=\"v-g v-g--2-c v-g--bdr-min-xs\">\n<div class=\"v-g__c \">\n<article class=\"v-a v-a--cmp-rld v-a--cmp-rld-2 v-a--p-l\">\n<div class=\"v-a-img-c\">\n<figure class=\"v-a-fig\">\n<a href=\"https:\/\/www.mujerhoy.com\/moda\/no-te-pierdas\/ursula-corbero-vestido-sirena-transparente-arrasa-fiesta-post-oscar-look-espectacular-20250303082201-nt.html#vtm_modulosEngag=mod-rel:moda:noticia:1:cmp:2-not\" class=\"v-a-link\" title=\"El look de sirena transparente de \u00darsula Corber\u00f3 en la post fiesta de los Oscar 2025: mo\u00f1o, escotazo y pedrer\u00eda\"><br \/>\n<img loading=\"lazy\" class=\"v-a-img\" src=\"http:\/\/cordobainforma.info\/wp-content\/uploads\/2025\/08\/ursula-corbero-cumple-36-anos-estos-son-los-10-looks-mas-espectaculares-que-ha-llevado-13.jpg\" alt=\"El look de sirena transparente de \u00darsula Corber\u00f3 en la post fiesta de los Oscar 2025: mo\u00f1o, escotazo y pedrer\u00eda\"><br \/>\n<\/a><br \/>\n<\/figure>\n<\/div>\n<\/article>\n<\/div>\n<div class=\"v-g__c \">\n<article class=\"v-a v-a--cmp-rld v-a--cmp-rld-2 v-a--p-l\">\n<div class=\"v-a-img-c\">\n<figure class=\"v-a-fig\">\n<a href=\"https:\/\/www.mujerhoy.com\/moda\/no-te-pierdas\/ursula-corbero-look-loewe-sag-awards-vestido-lentejuelas-mini-zapatos-tacon-toy-20250224104954-nt.html#vtm_modulosEngag=mod-rel:moda:noticia:2:cmp:2-not\" class=\"v-a-link\" title=\"\u00darsula Corber\u00f3 triunfa en los SAG Awards con su total look de Loewe: vestido de lentejuelas y unos zapatos muy especiales\"><br \/>\n<img loading=\"lazy\" class=\"v-a-img\" src=\"http:\/\/cordobainforma.info\/wp-content\/uploads\/2025\/08\/ursula-corbero-cumple-36-anos-estos-son-los-10-looks-mas-espectaculares-que-ha-llevado-14.jpg\" alt=\"\u00darsula Corber\u00f3 triunfa en los SAG Awards con su total look de Loewe: vestido de lentejuelas y unos zapatos muy especiales\"><br \/>\n<\/a><br \/>\n<\/figure>\n<\/div>\n<\/article>\n<\/div>\n<\/div>\n<\/div>\n<\/div>\n","protected":false},"excerpt":{"rendered":"<p>Salt\u00f3 al estrellato gracias a F\u00edsica o Qu\u00edmica y siendo una todav\u00eda una adolescente. Desde entonces no ha parado de trabajar y se ha convertido en una de nuestras actrices internacionales m\u00e1s destacadas. Hablamos de \u00darsula Corber\u00f3, que hoy cumple 36 a\u00f1os y que no solo triunfa detr\u00e1s de la pantalla, sino que tambi\u00e9n lo [&hellip;]<\/p>\n","protected":false},"author":1,"featured_media":164512,"comment_status":"closed","ping_status":"closed","sticky":false,"template":"","format":"standard","meta":[],"categories":[24],"tags":[],"_links":{"self":[{"href":"http:\/\/cordobainforma.info\/index.php\/wp-json\/wp\/v2\/posts\/164511"}],"collection":[{"href":"http:\/\/cordobainforma.info\/index.php\/wp-json\/wp\/v2\/posts"}],"about":[{"href":"http:\/\/cordobainforma.info\/index.php\/wp-json\/wp\/v2\/types\/post"}],"author":[{"embeddable":true,"href":"http:\/\/cordobainforma.info\/index.php\/wp-json\/wp\/v2\/users\/1"}],"replies":[{"embeddable":true,"href":"http:\/\/cordobainforma.info\/index.php\/wp-json\/wp\/v2\/comments?post=164511"}],"version-history":[{"count":0,"href":"http:\/\/cordobainforma.info\/index.php\/wp-json\/wp\/v2\/posts\/164511\/revisions"}],"wp:featuredmedia":[{"embeddable":true,"href":"http:\/\/cordobainforma.info\/index.php\/wp-json\/wp\/v2\/media\/164512"}],"wp:attachment":[{"href":"http:\/\/cordobainforma.info\/index.php\/wp-json\/wp\/v2\/media?parent=164511"}],"wp:term":[{"taxonomy":"category","embeddable":true,"href":"http:\/\/cordobainforma.info\/index.php\/wp-json\/wp\/v2\/categories?post=164511"},{"taxonomy":"post_tag","embeddable":true,"href":"http:\/\/cordobainforma.info\/index.php\/wp-json\/wp\/v2\/tags?post=164511"}],"curies":[{"name":"wp","href":"https:\/\/api.w.org\/{rel}","templated":true}]}}