{"id":164499,"date":"2025-08-11T10:45:00","date_gmt":"2025-08-11T10:45:00","guid":{"rendered":"http:\/\/cordobainforma.info\/index.php\/2025\/08\/11\/cuales-fueron-los-10-autos-usados-mas-vendidos-en-julio\/"},"modified":"2025-08-11T10:45:00","modified_gmt":"2025-08-11T10:45:00","slug":"cuales-fueron-los-10-autos-usados-mas-vendidos-en-julio","status":"publish","type":"post","link":"http:\/\/cordobainforma.info\/index.php\/2025\/08\/11\/cuales-fueron-los-10-autos-usados-mas-vendidos-en-julio\/","title":{"rendered":"Cu\u00e1les fueron los 10 autos usados m\u00e1s vendidos en julio"},"content":{"rendered":"<div class=\"media_block\"><\/div>\n<div><img src=\"http:\/\/cordobainforma.info\/wp-content\/uploads\/2025\/08\/cuales-fueron-los-10-autos-usados-mas-vendidos-en-julio.jpg\" class=\"ff-og-image-inserted\"><\/div>\n<p>Perfil Redacci\u00f3n NEA<\/p>\n<p>El <strong>Volkswagen Gol <\/strong>es <strong>el veh\u00edculo usado<\/strong> m\u00e1s elegido por los consumidores en todo el pa\u00eds durante el mes de julio, inform\u00f3 la C\u00e1mara del Comercio Automotor.<\/p>\n<p>Seg\u00fan datos de la entidad, se comercializaron <strong>10.228 unidades <\/strong>de este veh\u00edculo el mes pasado<strong>.<\/strong><\/p>\n<h2>Ranking de los 10 autos usados m\u00e1s vendidos en julio<\/h2>\n<p>VW Gol y Trend: 10.228<br \/>Toyota Hilux: 7.068<br \/>Corsa y Classic: 5.327<br \/>Ford Ranger: 4.649<br \/>VW Amarok: 4.551<br \/>Ford EcoSport: 3.681<br \/>Peugeot 208: 3.647<br \/>Toyota Corolla: 3.542<br \/>Fiat Palio: 3.430<br \/>Ford Ka: 3.293<\/p>\n<p class=\"destacadoNota\"><a target=\"_blank\" href=\"https:\/\/www.perfil.com\/noticias\/nea\/adios-al-sueno-de-independizarse-encuesta-revela-que-el-54-de-los-jovenes-vive-con-sus-padres.phtml\" rel=\"noopener noreferrer\">Adi\u00f3s al sue\u00f1o de independizarse: encuesta revela que el 54% de los j\u00f3venes vive con sus padres<\/a><\/p>\n<p><strong>Alejandro Lamas, secretario de la C\u00e1mara del Comercio Automotor, <\/strong>asegur\u00f3 que \u201cpese a la peque\u00f1a baja en la<strong> venta de autos usados<\/strong> registrada el mes pasado, julio represent\u00f3 el mejor mes de lo va del a\u00f1o\u201d.<\/p>\n<h2>\u00abEl mercado sigue traccionando con buen ritmo\u00bb<\/h2>\n<p>\u201c<strong>El mercado sigue traccionando con buen ritmo<\/strong>. Otros dos datos que corroboran nuestros dichos fue el <strong>fuerte incremento de las ventas<\/strong> comparadas con junio (24%) y la fuerte tendencia que se mantiene comparados los primeros siete meses del a\u00f1o con igual per\u00edodo del 2024, con casi 1.100.000 unidades\u201d, agreg\u00f3.<\/p>\n<p class=\"destacadoNota\"><a target=\"_blank\" href=\"https:\/\/www.perfil.com\/noticias\/nea\/maslaton-sobre-la-politica-economica-de-milei-solo-gana-el-especulador-de-mesa-de-dinero-que-esta-entongado-con-el-estado.phtml\" rel=\"noopener noreferrer\">Maslat\u00f3n sobre la pol\u00edtica econ\u00f3mica de Milei: \u201cS\u00f3lo gana el especulador de mesa de dinero que est\u00e1 entongado con el Estado\u201d<\/a><\/p>\n<h2>Formosa encabeza el ranking<\/h2>\n<p>\u201cHoy el motor que viene empujando desde hace meses al sector es el interior del pa\u00eds en detrimento del AMBA. <strong>El ranking lo encabez\u00f3 Formosa (46,66%)<\/strong>, seguido de Neuqu\u00e9n (42,07%), La Rioja (39,91%), Catamarca (37,55%) y Jujuy (36,98%)\u201d, se\u00f1al\u00f3 el directivo.<\/p>\n<p>\u201cTambi\u00e9n estamos convencidos que todav\u00eda <strong>hay mucho campo para desarrollar en el tema financiaci\u00f3n<\/strong>; creemos que el futuro y la expansi\u00f3n del mercado vendr\u00e1 por el lado de esta herramienta de vital importancia para el sector\u201d, a\u00f1adi\u00f3.<\/p>\n<p>\u201c<strong>La demanda sigue vigente y las agencias tienen los productos que la gente requiere<\/strong>. Vislumbramos un segundo semestre muy parejo con el primero, siempre y cuando no aparezca ning\u00fan cisne negro en el camino\u201d, finaliz\u00f3 Lamas,<\/p>\n<div class=\"article__tags\">\n<p>En esta Nota<\/p>\n<\/p><\/div>\n","protected":false},"excerpt":{"rendered":"<p>Perfil Redacci\u00f3n NEA El Volkswagen Gol es el veh\u00edculo usado m\u00e1s elegido por los consumidores en todo el pa\u00eds durante el mes de julio, inform\u00f3 la C\u00e1mara del Comercio Automotor. Seg\u00fan datos de la entidad, se comercializaron 10.228 unidades de este veh\u00edculo el mes pasado. Ranking de los 10 autos usados m\u00e1s vendidos en julio [&hellip;]<\/p>\n","protected":false},"author":1,"featured_media":164500,"comment_status":"closed","ping_status":"closed","sticky":false,"template":"","format":"standard","meta":[],"categories":[2],"tags":[],"_links":{"self":[{"href":"http:\/\/cordobainforma.info\/index.php\/wp-json\/wp\/v2\/posts\/164499"}],"collection":[{"href":"http:\/\/cordobainforma.info\/index.php\/wp-json\/wp\/v2\/posts"}],"about":[{"href":"http:\/\/cordobainforma.info\/index.php\/wp-json\/wp\/v2\/types\/post"}],"author":[{"embeddable":true,"href":"http:\/\/cordobainforma.info\/index.php\/wp-json\/wp\/v2\/users\/1"}],"replies":[{"embeddable":true,"href":"http:\/\/cordobainforma.info\/index.php\/wp-json\/wp\/v2\/comments?post=164499"}],"version-history":[{"count":0,"href":"http:\/\/cordobainforma.info\/index.php\/wp-json\/wp\/v2\/posts\/164499\/revisions"}],"wp:featuredmedia":[{"embeddable":true,"href":"http:\/\/cordobainforma.info\/index.php\/wp-json\/wp\/v2\/media\/164500"}],"wp:attachment":[{"href":"http:\/\/cordobainforma.info\/index.php\/wp-json\/wp\/v2\/media?parent=164499"}],"wp:term":[{"taxonomy":"category","embeddable":true,"href":"http:\/\/cordobainforma.info\/index.php\/wp-json\/wp\/v2\/categories?post=164499"},{"taxonomy":"post_tag","embeddable":true,"href":"http:\/\/cordobainforma.info\/index.php\/wp-json\/wp\/v2\/tags?post=164499"}],"curies":[{"name":"wp","href":"https:\/\/api.w.org\/{rel}","templated":true}]}}