{"id":164495,"date":"2025-08-10T21:24:47","date_gmt":"2025-08-10T21:24:47","guid":{"rendered":"https:\/\/cordoba.gob.ar\/?p=80017"},"modified":"2025-08-10T21:24:47","modified_gmt":"2025-08-10T21:24:47","slug":"la-tarifa-social-para-personas-mayores-de-70-anos-se-podra-activar-en-sube-desde-el-proximo-lunes","status":"publish","type":"post","link":"http:\/\/cordobainforma.info\/index.php\/2025\/08\/10\/la-tarifa-social-para-personas-mayores-de-70-anos-se-podra-activar-en-sube-desde-el-proximo-lunes\/","title":{"rendered":"La Tarifa Social para Personas Mayores de 70 a\u00f1os se podr\u00e1 activar en SUBE desde el pr\u00f3ximo lunes"},"content":{"rendered":"<div><img src=\"http:\/\/cordobainforma.info\/wp-content\/uploads\/2025\/08\/la-tarifa-social-para-personas-mayores-de-70-anos-se-podra-activar-en-sube-desde-el-proximo-lunes.jpg\" class=\"ff-og-image-inserted\"><\/div>\n<ul>\n<li data-prosemirror-content-type=\"node\" data-prosemirror-node-name=\"paragraph\" data-prosemirror-node-block=\"true\"><strong data-prosemirror-content-type=\"mark\" data-prosemirror-mark-name=\"strong\">Quienes tengan el nuevo pl\u00e1stico lo podr\u00e1n activar desde la app o las validadoras, el Palacio 6 de Julio o boleter\u00edas de FAM, S\u00edBus, Tamsau y Coniferal.<\/strong><\/li>\n<li data-prosemirror-content-type=\"node\" data-prosemirror-node-name=\"paragraph\" data-prosemirror-node-block=\"true\"><strong data-prosemirror-content-type=\"mark\" data-prosemirror-mark-name=\"strong\">Aquellos usuarios que no tengan la SUBE, podr\u00e1n gestionarla de manera personal y presencial en el Palacio 6 de Julio y en las boleter\u00edas.<\/strong><\/li>\n<li data-prosemirror-content-type=\"node\" data-prosemirror-node-name=\"paragraph\" data-prosemirror-node-block=\"true\"><strong data-prosemirror-content-type=\"mark\" data-prosemirror-mark-name=\"strong\">El beneficio seguir\u00e1 vigente en la tarjeta Red Bus hasta el 31 de agosto.<\/strong><\/li>\n<\/ul>\n<hr>\n<p data-prosemirror-content-type=\"node\" data-prosemirror-node-name=\"paragraph\" data-prosemirror-node-block=\"true\">La Municipalidad de C\u00f3rdoba informa que, a partir del pr\u00f3ximo lunes 11 de agosto, se podr\u00e1 activar en la tarjeta SUBE el beneficio de la Tarifa Social para Personas Mayores de 70 a\u00f1os que acrediten domicilio en la ciudad de C\u00f3rdoba.<\/p>\n<p data-prosemirror-content-type=\"node\" data-prosemirror-node-name=\"paragraph\" data-prosemirror-node-block=\"true\">Aquellos usuarios beneficiarios que no hayan tramitado la SUBE, podr\u00e1n retirarla y activar el beneficio en los siguientes puntos:<\/p>\n<ul>\n<li data-prosemirror-content-type=\"node\" data-prosemirror-node-name=\"paragraph\" data-prosemirror-node-block=\"true\">Palacio 6 de Julio, de lunes a viernes de 08:00 a 16:00 y s\u00e1bados de 08:00 a 14:00 horas.<\/li>\n<li data-prosemirror-content-type=\"node\" data-prosemirror-node-name=\"paragraph\" data-prosemirror-node-block=\"true\">Boleter\u00edas 40 y&nbsp; 41 de FAM, ubicadas en la Terminal de \u00d3mnibus T1, de 08:00 a 18:00 horas.<\/li>\n<li data-prosemirror-content-type=\"node\" data-prosemirror-node-name=\"paragraph\" data-prosemirror-node-block=\"true\">Boleter\u00eda 45 de Coniferal, en la Terminal de \u00d3mnibus T1, de 09:00 a 16:00 horas.<\/li>\n<li data-prosemirror-content-type=\"node\" data-prosemirror-node-name=\"paragraph\" data-prosemirror-node-block=\"true\">Boleter\u00eda 85 de Tamsau, en la nueva Terminal de \u00d3mnibus, de 09:00 a 16:00 horas.<\/li>\n<li data-prosemirror-content-type=\"node\" data-prosemirror-node-name=\"paragraph\" data-prosemirror-node-block=\"true\">Boleter\u00eda 86 de S\u00edBus, en la nueva Terminal de \u00d3mnibus, de lunes a jueves de 09:00 a 16:30 y los viernes de 09:00 a 15:30 horas.<\/li>\n<\/ul>\n<p>El tr\u00e1mite es personal y se realiza de manera presencial, con DNI f\u00edsico.<\/p>\n<p data-prosemirror-content-type=\"node\" data-prosemirror-node-name=\"paragraph\" data-prosemirror-node-block=\"true\">Las Personas Mayores de 70 a\u00f1os que hayan retirado su tarjeta en alguna Unidad de Gesti\u00f3n SUBE del municipio ya cuentan con el beneficio. Podr\u00e1n activarlo tambi\u00e9n desde el lunes en las validadoras de los colectivos, indicando al chofer que tienen que actualizar la tarjeta; tambi\u00e9n desde el celular (que posea tecnolog\u00eda NFC); en el Palacio 6 de Julio o en las distintas boleter\u00edas de FAM, S\u00edBus, Tamsau o Coniferal, en los horarios antes mencionados.<\/p>\n<p data-prosemirror-content-type=\"node\" data-prosemirror-node-name=\"paragraph\" data-prosemirror-node-block=\"true\">El beneficio en la SUBE contin\u00faa siendo de 40 pasajes mensuales gratuitos, que se renuevan autom\u00e1ticamente.<\/p>\n<p data-prosemirror-content-type=\"node\" data-prosemirror-node-name=\"paragraph\" data-prosemirror-node-block=\"true\">Como parte del proceso de migraci\u00f3n, las tarjetas de Red Bus dejar\u00e1n de permitir saldo negativo, a partir del primer servicio del d\u00eda martes 12 de agosto.<\/p>\n<p data-prosemirror-content-type=\"node\" data-prosemirror-node-name=\"paragraph\" data-prosemirror-node-block=\"true\">Cabe destacar que el usuario que cuente con la Tarifa Social Federal podr\u00e1 mantenerlo en conjunto con el beneficio municipal, aplic\u00e1ndose de la siguiente manera: primero, se aplican los pasajes gratuitos locales. Una vez agotados, se aplica el descuento del 55% correspondiente al beneficio nacional. Y en caso de ser necesario, SUBE permite un saldo negativo de hasta $1.200.<\/p>\n<p data-prosemirror-content-type=\"node\" data-prosemirror-node-name=\"paragraph\" data-prosemirror-node-block=\"true\">El beneficio de la Tarifa Social para Personas Mayores de 70 a\u00f1os en la tarjeta Red Bus continuar\u00e1 vigente hasta el 31 de agosto. De igual manera, quienes posean cr\u00e9dito en la tarjeta, luego de esa fecha la podr\u00e1n seguir utilizando.<\/p>\n","protected":false},"excerpt":{"rendered":"<p>Quienes tengan el nuevo pl\u00e1stico lo podr\u00e1n activar desde la app o las validadoras, el Palacio 6 de Julio o boleter\u00edas de FAM, S\u00edBus, Tamsau y Coniferal. Aquellos usuarios que no tengan la SUBE, podr\u00e1n gestionarla de manera personal y presencial en el Palacio 6 de Julio y en las boleter\u00edas. El beneficio seguir\u00e1 vigente [&hellip;]<\/p>\n","protected":false},"author":1,"featured_media":164496,"comment_status":"closed","ping_status":"closed","sticky":false,"template":"","format":"standard","meta":[],"categories":[2],"tags":[],"_links":{"self":[{"href":"http:\/\/cordobainforma.info\/index.php\/wp-json\/wp\/v2\/posts\/164495"}],"collection":[{"href":"http:\/\/cordobainforma.info\/index.php\/wp-json\/wp\/v2\/posts"}],"about":[{"href":"http:\/\/cordobainforma.info\/index.php\/wp-json\/wp\/v2\/types\/post"}],"author":[{"embeddable":true,"href":"http:\/\/cordobainforma.info\/index.php\/wp-json\/wp\/v2\/users\/1"}],"replies":[{"embeddable":true,"href":"http:\/\/cordobainforma.info\/index.php\/wp-json\/wp\/v2\/comments?post=164495"}],"version-history":[{"count":0,"href":"http:\/\/cordobainforma.info\/index.php\/wp-json\/wp\/v2\/posts\/164495\/revisions"}],"wp:featuredmedia":[{"embeddable":true,"href":"http:\/\/cordobainforma.info\/index.php\/wp-json\/wp\/v2\/media\/164496"}],"wp:attachment":[{"href":"http:\/\/cordobainforma.info\/index.php\/wp-json\/wp\/v2\/media?parent=164495"}],"wp:term":[{"taxonomy":"category","embeddable":true,"href":"http:\/\/cordobainforma.info\/index.php\/wp-json\/wp\/v2\/categories?post=164495"},{"taxonomy":"post_tag","embeddable":true,"href":"http:\/\/cordobainforma.info\/index.php\/wp-json\/wp\/v2\/tags?post=164495"}],"curies":[{"name":"wp","href":"https:\/\/api.w.org\/{rel}","templated":true}]}}