{"id":164493,"date":"2025-08-11T09:34:01","date_gmt":"2025-08-11T09:34:01","guid":{"rendered":"http:\/\/cordobainforma.info\/index.php\/2025\/08\/11\/ypf-subio-los-precios-de-los-combustibles-por-tercera-vez-en-diez-dias-radio-villa-maria\/"},"modified":"2025-08-11T09:34:01","modified_gmt":"2025-08-11T09:34:01","slug":"ypf-subio-los-precios-de-los-combustibles-por-tercera-vez-en-diez-dias-radio-villa-maria","status":"publish","type":"post","link":"http:\/\/cordobainforma.info\/index.php\/2025\/08\/11\/ypf-subio-los-precios-de-los-combustibles-por-tercera-vez-en-diez-dias-radio-villa-maria\/","title":{"rendered":"YPF subi\u00f3 los precios de los combustibles por tercera vez en diez d\u00edas &#8211; Radio Villa Mar\u00eda"},"content":{"rendered":"<p>Los automovilistas de <b>C\u00f3rdoba<\/b> capital ya pueden percibir los alcances del micropricing de YPF, el <b>nuevo<\/b> sistema utilizado por la petrolera estatal&nbsp;&#8230; <\/p>\n","protected":false},"excerpt":{"rendered":"<p>Los automovilistas de C\u00f3rdoba capital ya pueden percibir los alcances del micropricing de YPF, el nuevo sistema utilizado por la petrolera estatal&nbsp;&#8230;<\/p>\n","protected":false},"author":1,"featured_media":0,"comment_status":"closed","ping_status":"closed","sticky":false,"template":"","format":"standard","meta":[],"categories":[23],"tags":[],"_links":{"self":[{"href":"http:\/\/cordobainforma.info\/index.php\/wp-json\/wp\/v2\/posts\/164493"}],"collection":[{"href":"http:\/\/cordobainforma.info\/index.php\/wp-json\/wp\/v2\/posts"}],"about":[{"href":"http:\/\/cordobainforma.info\/index.php\/wp-json\/wp\/v2\/types\/post"}],"author":[{"embeddable":true,"href":"http:\/\/cordobainforma.info\/index.php\/wp-json\/wp\/v2\/users\/1"}],"replies":[{"embeddable":true,"href":"http:\/\/cordobainforma.info\/index.php\/wp-json\/wp\/v2\/comments?post=164493"}],"version-history":[{"count":0,"href":"http:\/\/cordobainforma.info\/index.php\/wp-json\/wp\/v2\/posts\/164493\/revisions"}],"wp:attachment":[{"href":"http:\/\/cordobainforma.info\/index.php\/wp-json\/wp\/v2\/media?parent=164493"}],"wp:term":[{"taxonomy":"category","embeddable":true,"href":"http:\/\/cordobainforma.info\/index.php\/wp-json\/wp\/v2\/categories?post=164493"},{"taxonomy":"post_tag","embeddable":true,"href":"http:\/\/cordobainforma.info\/index.php\/wp-json\/wp\/v2\/tags?post=164493"}],"curies":[{"name":"wp","href":"https:\/\/api.w.org\/{rel}","templated":true}]}}