{"id":164459,"date":"2025-08-11T01:50:06","date_gmt":"2025-08-11T01:50:06","guid":{"rendered":"https:\/\/www.clarin.com\/deportes\/emotivo-homenaje-matias-bottoni-club-vio-crecer-ayuda-gente-vivo_0_kgUDF0GVcC.html"},"modified":"2025-08-11T01:50:06","modified_gmt":"2025-08-11T01:50:06","slug":"el-emotivo-homenaje-a-matias-bottoni-en-el-club-que-lo-vio-crecer-sin-la-ayuda-de-la-gente-no-estaria-vivo","status":"publish","type":"post","link":"http:\/\/cordobainforma.info\/index.php\/2025\/08\/11\/el-emotivo-homenaje-a-matias-bottoni-en-el-club-que-lo-vio-crecer-sin-la-ayuda-de-la-gente-no-estaria-vivo\/","title":{"rendered":"El emotivo homenaje a Mat\u00edas Bottoni en el club que lo vio crecer: \u00abSin la ayuda de la gente no estar\u00eda vivo\u00bb"},"content":{"rendered":"<p><img src=\"http:\/\/cordobainforma.info\/wp-content\/uploads\/2025\/08\/el-emotivo-homenaje-a-matias-bottoni-en-el-club-que-lo-vio-crecer-sin-la-ayuda-de-la-gente-no-estaria-vivo.jpg\"><\/p>\n<div><img src=\"http:\/\/cordobainforma.info\/wp-content\/uploads\/2025\/08\/el-emotivo-homenaje-a-matias-bottoni-en-el-club-que-lo-vio-crecer-sin-la-ayuda-de-la-gente-no-estaria-vivo-2.jpg\" class=\"ff-og-image-inserted\"><\/div>\n<div id=\"element-body-0\" readability=\"63\">\n<p><strong>Mat\u00edas Bottoni<\/strong>, el joven nadador rosarino que sufri\u00f3 una grave lesi\u00f3n en la quinta v\u00e9rtebra cervical durante el Campeonato Nacional que se disput\u00f3 en mayo en el Parque Ol\u00edmpico porte\u00f1o, no deja de trabajar en su rehabilitaci\u00f3n en una cl\u00ednica especializada de San Jer\u00f3nimo Sud. Pero el fin de semana estuvo presente en esp\u00edritu en <strong>Echesortu<\/strong>. Es que en el natatorio de ese club rosarino que lo vio crecer como deportista, m\u00e1s de 300 personas -muchas se quedaron afuera porque no hab\u00eda m\u00e1s lugar en el recinto- participaron de un conmovedor homenaje en el que estuvieron su mam\u00e1 <strong>Valeria Grimaux <\/strong>y su entrenador <strong>Gustavo D\u2019Andrea<\/strong>. <\/p>\n<\/div>\n<div id=\"element-body-1\" readability=\"60\">\n<p>\u00abSin la ayuda de la gente no estar\u00eda vivo. Es muy dif\u00edcil pero \u00e9l sigue adelante. Tenemos fe. Gracias\u00bb, asegur\u00f3 Grimaux emocionada por las muestras de cari\u00f1o y las palabras de apoyo que recibi\u00f3 de todos.<\/p>\n<\/div>\n<div id=\"element-body-2\" readability=\"58\">\n<p>Fue la primera vez que la mam\u00e1 se par\u00f3 frente a esa pileta en la que Bottoni se form\u00f3 como nadador desde el accidente del 10 de mayo que cambi\u00f3 para siempre la vida de la familia.<\/p>\n<\/div>\n<div id=\"element-body-3\" readability=\"62\">\n<p>Junto a ella estuvieron firmes <strong>Florencia<\/strong>, la mam\u00e1 de <strong>Martina<\/strong>, la novia de Mat\u00edas, y D\u2019Andrea, que de a poco est\u00e1 retomando su trabajo como entrenador de Echesortu.<\/p>\n<\/div>\n<div id=\"element-body-5\" readability=\"61\">\n<p>\u201cNo pod\u00eda ir a ning\u00fan torneo\u201d, le confes\u00f3 al diario<strong> La Capital de Rosario<\/strong>. Y cont\u00f3 que sigue acompa\u00f1ando muy de cerca a su pupilo, a quien visita todas las semanas y con quien intercambia mensajes todos los d\u00edas.<\/p>\n<\/div>\n<div id=\"element-body-6\" readability=\"64\">\n<p>\u201cEsto va a ser largo, pero soy una persona de fe. Y como Mat\u00edas es un le\u00f3n que est\u00e1 acostumbrado al alto rendimiento, a levantarse temprano, a entrenar doble turno y dejar cosas de lado por el deporte, s\u00e9 que est\u00e1 tomando esta recuperaci\u00f3n como un entrenamiento\u201d, coment\u00f3 D\u2019Andrea.<\/p>\n<\/div>\n<div id=\"element-body-7\" readability=\"60\">\n<p>El homenaje hab\u00eda comenzado a gestarse hace 45 d\u00edas y se organiz\u00f3 en un total secreto para que fuera una sorpresa para el nadador.<em> \u00abNada de redes\u00bb<\/em>, les advirti\u00f3 D\u2019Andrea a sus otros pupilos que tuvieron tambi\u00e9n un gesto que emocion\u00f3 a todos. <\/p>\n<\/div>\n<div id=\"element-body-9\" readability=\"62\">\n<p>Es que cuando se tiraron a la pileta para competir -el evento se realiz\u00f3 en el marco de un torneo oficial rosarino- todos lucieron una gorra con la leyenda \u00ab<strong>#Todos por Mati\u00bb<\/strong> y varias grullas dibujadas. Desde el entorno de Bottoni contaron que su habitaci\u00f3n en la cl\u00ednica est\u00e1 adornada con 8 mil de esas figuras de papel, al estilo del origami japon\u00e9s, que seg\u00fan el folclore de ese pa\u00eds est\u00e1n vinculadas a la esperanza y la lucha contra las enfermedades.<\/p>\n<\/div>\n<div id=\"element-body-10\" readability=\"62\">\n<p>La misma gorra que usaron los chicos que nadaron en el Echesortu ser\u00e1 puesta a la venta por la marca <strong>Deutsch <\/strong>en los pr\u00f3ximos d\u00edas. Pero ya lleg\u00f3 a manos de <strong>Jos\u00e9 Meolans<\/strong>, el ex campe\u00f3n mundial y panamericano y leyenda de la nataci\u00f3n argentina, que es el \u00eddolo de Bottoni. El cordob\u00e9s se sac\u00f3 una foto con el accesorio para sumarse a los mensaje de apoyo y fuerza.<\/p>\n<\/div>\n<div id=\"element-body-11\" readability=\"63\">\n<p>Bottoni, de 17 a\u00f1os, se accident\u00f3 durante la entrada en calor para una competencia. Mientras practicaba \u201clargadas\u201d, en una de ellas choc\u00f3 con su cuello contra la espalda de otro nadador que se cruz\u00f3 por su andarivel en una forma imprudente pero con tanta mala fortuna que el impacto le fractur\u00f3 una zona de su columna y le provoc\u00f3 una lesi\u00f3n medular que comprometi\u00f3 su movilidad. <\/p>\n<\/div>\n<div id=\"element-body-13\" readability=\"58\">\n<p>Con la incertidumbre de si podr\u00eda recuperar el movimiento de sus piernas comenz\u00f3 a transitar una larga recuperaci\u00f3n. Y hace dos semanas dio un paso enorme en ese camino.<\/p>\n<\/div>\n<div id=\"element-body-14\" readability=\"51.488505747126\">\n<p>Porque <a href=\"https:\/\/www.clarin.com\/deportes\/matias-bottoni-avance-recuperacion-volvio-sumergirse-pileta_0_xBZhfPvozy.html\" target=\"_blank\" title=\"a 76 d\u00edas del accidente volvi\u00f3 a sumergirse en una pileta\" alt=\"a 76 d\u00edas del accidente volvi\u00f3 a sumergirse en una pileta\" rel=\"noopener noreferrer\">a 76 d\u00edas del accidente volvi\u00f3 a sumergirse en una pileta<\/a>. Fue con el acompa\u00f1amiento terap\u00e9utico del equipo del Centro Aprepa y como parte de un tratamiento de hidroterapia que sum\u00f3 a los trabajos de rehabilitaci\u00f3n. Fue un reto importante para Bottoni que, pese a los malos recuerdos se anim\u00f3 a regresar al agua, su lugar en el mundo.<\/p>\n<\/div>\n","protected":false},"excerpt":{"rendered":"<p>Mat\u00edas Bottoni, el joven nadador rosarino que sufri\u00f3 una grave lesi\u00f3n en la quinta v\u00e9rtebra cervical durante el Campeonato Nacional que se disput\u00f3 en mayo en el Parque Ol\u00edmpico porte\u00f1o, no deja de trabajar en su rehabilitaci\u00f3n en una cl\u00ednica especializada de San Jer\u00f3nimo Sud. Pero el fin de semana estuvo presente en esp\u00edritu en [&hellip;]<\/p>\n","protected":false},"author":1,"featured_media":164460,"comment_status":"closed","ping_status":"closed","sticky":false,"template":"","format":"standard","meta":[],"categories":[20],"tags":[],"_links":{"self":[{"href":"http:\/\/cordobainforma.info\/index.php\/wp-json\/wp\/v2\/posts\/164459"}],"collection":[{"href":"http:\/\/cordobainforma.info\/index.php\/wp-json\/wp\/v2\/posts"}],"about":[{"href":"http:\/\/cordobainforma.info\/index.php\/wp-json\/wp\/v2\/types\/post"}],"author":[{"embeddable":true,"href":"http:\/\/cordobainforma.info\/index.php\/wp-json\/wp\/v2\/users\/1"}],"replies":[{"embeddable":true,"href":"http:\/\/cordobainforma.info\/index.php\/wp-json\/wp\/v2\/comments?post=164459"}],"version-history":[{"count":0,"href":"http:\/\/cordobainforma.info\/index.php\/wp-json\/wp\/v2\/posts\/164459\/revisions"}],"wp:featuredmedia":[{"embeddable":true,"href":"http:\/\/cordobainforma.info\/index.php\/wp-json\/wp\/v2\/media\/164460"}],"wp:attachment":[{"href":"http:\/\/cordobainforma.info\/index.php\/wp-json\/wp\/v2\/media?parent=164459"}],"wp:term":[{"taxonomy":"category","embeddable":true,"href":"http:\/\/cordobainforma.info\/index.php\/wp-json\/wp\/v2\/categories?post=164459"},{"taxonomy":"post_tag","embeddable":true,"href":"http:\/\/cordobainforma.info\/index.php\/wp-json\/wp\/v2\/tags?post=164459"}],"curies":[{"name":"wp","href":"https:\/\/api.w.org\/{rel}","templated":true}]}}