{"id":164457,"date":"2025-08-10T23:28:35","date_gmt":"2025-08-10T23:28:35","guid":{"rendered":"https:\/\/somoscordobeses.com\/2025\/08\/10\/martin-llaryora-nosotros-le-podemos-dar-clase-de-gestion-al-gobierno\/"},"modified":"2025-08-10T23:28:35","modified_gmt":"2025-08-10T23:28:35","slug":"martin-llaryora-nosotros-le-podemos-dar-clase-de-gestion-al-gobierno","status":"publish","type":"post","link":"http:\/\/cordobainforma.info\/index.php\/2025\/08\/10\/martin-llaryora-nosotros-le-podemos-dar-clase-de-gestion-al-gobierno\/","title":{"rendered":"Mart\u00edn Llaryora: \u00abNosotros le podemos dar clase de gesti\u00f3n al Gobierno\u00bb"},"content":{"rendered":"<div><img src=\"http:\/\/cordobainforma.info\/wp-content\/uploads\/2025\/08\/martin-llaryora-nosotros-le-podemos-dar-clase-de-gestion-al-gobierno.jpg\" class=\"ff-og-image-inserted\"><\/div>\n<header readability=\"1.5\">\n<h2 readability=\"-2\">\n<p>El gobernador de C\u00f3rdoba enfatiz\u00f3 su apoyo a la alianza de Provincias Unidas y consider\u00f3 que \u00abel espacio de la moderaci\u00f3n va a ir ganando lugar\u201d.<\/p>\n<\/h2>\n<\/header>\n<ul>\n<li>\n<h2> Cierre de alianzas: el peronismo se parti\u00f3 en Jujuy y en Catamarca la UCR busca emular el frente Provincias Unidas <\/h2>\n<\/li>\n<li>\n<h2> Provincia puso a prueba el sistema de transmisi\u00f3n de datos para las elecciones bonaerenses <\/h2>\n<\/li>\n<\/ul>\n<div>\n<figure readability=\"1\"><figcaption readability=\"2\">\n<p>Mart\u00edn Llaryora arremeti\u00f3 contra el Gobierno y apoy\u00f3 una propuesta m\u00e1s moderada.<\/p>\n<\/figcaption><\/figure>\n<\/div>\n<p>En modo campa\u00f1a, con la mira puesta en las <strong>elecciones legislativas<\/strong> del 26 de octubre, el gobernador de <strong>C\u00f3rdoba, Mart\u00edn Llaryora<\/strong>, enfatiz\u00f3 su apoyo a la alianza de <strong>Provincias Unidas<\/strong> y arremeti\u00f3 contra la administraci\u00f3n de<strong> Javier Milei<\/strong>. \u00abEl pa\u00eds vive una grieta desde hace mucho tiempo, le <strong>est\u00e1 yendo mal<\/strong> y creo que el espacio de la <strong>moderaci\u00f3n<\/strong> va a ir ganando lugar\u201d, consider\u00f3 el mandatario y lanz\u00f3: <strong>\u00abNosotros le podemos dar clase de gesti\u00f3n al Gobierno\u201d. <\/strong><\/p>\n<p>En ese sentido, analiz\u00f3 que en un primer momento los argentinos \u00abprobaron con un extremo\u00bb despu\u00e9s \u00abfueron para otro, volvieron de nuevo y ahora vuelven para otro\u00bb: \u00abEn alg\u00fan momento se dar\u00e1n cuenta de que<strong> la sensatez va a tener que tener un lugar en la Argentina para salir adelante<\/strong>\u201c, concluy\u00f3 en di\u00e1logo con <strong>FM Milenium<\/strong>.<\/p>\n<p>Respecto al presente del pa\u00eds, <strong>Llaryora<\/strong> agreg\u00f3 que \u201cla paz social en <strong>Argentina<\/strong> es gracias a los intendentes y tambi\u00e9n gracias a los gobernadores\u201d, apunt\u00f3 contrastando el panorama local con lo que est\u00e1 pasando a nivel nacional. \u201cSi fuera C\u00f3rdoba un pa\u00eds, nosotros tenemos super\u00e1vit. Y fijate el nivel de infraestructura de desarrollo que tiene C\u00f3rdoba y <strong>todas las medidas que estamos tomando<\/strong>\u201d, destac\u00f3.<\/p>\n<p>De esta manera, resalt\u00f3 la propuesta que arm\u00f3 junto a Maximiliano Pullaro (Santa Fe), Carlos Sadir (Jujuy), Ignacio \u201cNacho\u201d Torres (Chubut) y Claudio Vidal (Santa Cruz). El gobernador explic\u00f3 \u201cespacio con una mirada del interior distinta al debate\u201c. Y explic\u00f3: \u201dEs dif\u00edcil a veces entendernos cuando no est\u00e1s en ninguno de los extremos, porque <strong>tomamos decisiones que creemos que tienen que ver con la sensatez<\/strong>. Acompa\u00f1amos algunas decisiones de los gobiernos que creemos que son buenas para la Argentina y<strong> no acompa\u00f1amos decisiones que creemos que son malas\u201c.<\/strong><\/p>\n<p> El armado federal tendr\u00e1 sus versiones locales pero ir\u00e1 en alianza a los comicios nacionales para sumar diputados y senadores dentro del Congreso. <\/p>\n<h2>Dura cr\u00edtica de Mart\u00edn Llaryora <\/h2>\n<p>Por otro lado, Llaryora cuestion\u00f3 directamente los ajustes que est\u00e1 llevando actualmente el gobierno nacional y apunt\u00f3: \u201cNo puede haber una sesi\u00f3n en <strong>Diputados<\/strong> para defender el <strong>Garrahan,<\/strong> que es un hospital de los m\u00e1s importantes, pero <strong>termina siendo un hospital<\/strong>. Si no pod\u00e9s solucionar el tema de un hospital, la verdad que<strong> le est\u00e1s errando bastante<\/strong>. No pod\u00e9s dejar en este momento con la situaci\u00f3n econ\u00f3mica que <strong>hay a las familias de los discapacitados sin ninguna respuesta<\/strong>\u201d.<\/p>\n<p>En ese sentido, agreg\u00f3: \u201cSi gobernar fuera tener super\u00e1vit y cerrar los n\u00fameros, <strong>todas las decisiones ser\u00edan cerrar las escuelas<\/strong>, porque la <strong>inversi\u00f3n p\u00fablica en educaci\u00f3n no da resultado<\/strong>. Gobernar es tener equilibrios econ\u00f3micos, macroecon\u00f3micos, pero con <strong>un objetivo y es el desarrollo de la Argentina<\/strong>. Ten\u00e9s que trabajar con lo privado y entender tambi\u00e9n el interior de la Argentina, las distintas regiones, ten\u00e9s que tener un plan productivo\u201d.<\/p>\n<p>\u00abNosotros le podemos dar clase de gesti\u00f3n al Gobierno\u201d, asegur\u00f3 el mandatario cordob\u00e9s y sum\u00f3: \u201cEs un c\u00famulo de medidas que tomaron que nos est\u00e1 llevando a este esfuerzo. Lo que estamos discutiendo de ac\u00e1 es m\u00e1s de c\u00f3mo hacer sostenible. Vos cre\u00e9s que sin tener una visi\u00f3n productiva, porque <strong>creen en el intercambio maravilloso de la libertad y esto y lo otro, y eso es una utop\u00eda<\/strong>\u201d, critic\u00f3.<\/p>\n","protected":false},"excerpt":{"rendered":"<p>El gobernador de C\u00f3rdoba enfatiz\u00f3 su apoyo a la alianza de Provincias Unidas y consider\u00f3 que \u00abel espacio de la moderaci\u00f3n va a ir ganando lugar\u201d. Cierre de alianzas: el peronismo se parti\u00f3 en Jujuy y en Catamarca la UCR busca emular el frente Provincias Unidas Provincia puso a prueba el sistema de transmisi\u00f3n de [&hellip;]<\/p>\n","protected":false},"author":1,"featured_media":164458,"comment_status":"closed","ping_status":"closed","sticky":false,"template":"","format":"standard","meta":[],"categories":[2],"tags":[],"_links":{"self":[{"href":"http:\/\/cordobainforma.info\/index.php\/wp-json\/wp\/v2\/posts\/164457"}],"collection":[{"href":"http:\/\/cordobainforma.info\/index.php\/wp-json\/wp\/v2\/posts"}],"about":[{"href":"http:\/\/cordobainforma.info\/index.php\/wp-json\/wp\/v2\/types\/post"}],"author":[{"embeddable":true,"href":"http:\/\/cordobainforma.info\/index.php\/wp-json\/wp\/v2\/users\/1"}],"replies":[{"embeddable":true,"href":"http:\/\/cordobainforma.info\/index.php\/wp-json\/wp\/v2\/comments?post=164457"}],"version-history":[{"count":0,"href":"http:\/\/cordobainforma.info\/index.php\/wp-json\/wp\/v2\/posts\/164457\/revisions"}],"wp:featuredmedia":[{"embeddable":true,"href":"http:\/\/cordobainforma.info\/index.php\/wp-json\/wp\/v2\/media\/164458"}],"wp:attachment":[{"href":"http:\/\/cordobainforma.info\/index.php\/wp-json\/wp\/v2\/media?parent=164457"}],"wp:term":[{"taxonomy":"category","embeddable":true,"href":"http:\/\/cordobainforma.info\/index.php\/wp-json\/wp\/v2\/categories?post=164457"},{"taxonomy":"post_tag","embeddable":true,"href":"http:\/\/cordobainforma.info\/index.php\/wp-json\/wp\/v2\/tags?post=164457"}],"curies":[{"name":"wp","href":"https:\/\/api.w.org\/{rel}","templated":true}]}}