{"id":164411,"date":"2025-08-10T06:29:56","date_gmt":"2025-08-10T06:29:56","guid":{"rendered":"https:\/\/www.mujerhoy.com\/moda\/no-te-pierdas\/novedades-stradivarius-chaquetas-entretiempo-prendas-lenceras-animal-print-20250810080415-nt.html"},"modified":"2025-08-10T06:29:56","modified_gmt":"2025-08-10T06:29:56","slug":"las-novedades-de-la-semana-de-stradivarius-chaquetas-de-entretiempo-prendas-lenceras-y-animal-print-para-arrasar-esta-temporada","status":"publish","type":"post","link":"http:\/\/cordobainforma.info\/index.php\/2025\/08\/10\/las-novedades-de-la-semana-de-stradivarius-chaquetas-de-entretiempo-prendas-lenceras-y-animal-print-para-arrasar-esta-temporada\/","title":{"rendered":"Las novedades de la semana de Stradivarius: chaquetas de entretiempo, prendas lenceras y animal print para arrasar esta temporada"},"content":{"rendered":"<div class=\"media_block\"><\/div>\n<p><!-- AUTHOR --><\/p>\n<div class=\"voc-author-timesocial \">\n<!-- AUTHOR --><\/p>\n<div class=\"voc-author-timesocial__signature \">\n<!-- IMAGE AUTHOR -->\n<picture class=\"voc-image-signature\">\n<img class=\"voc-image-signature__img\" src=\"http:\/\/cordobainforma.info\/wp-content\/uploads\/2025\/08\/las-novedades-de-la-semana-de-stradivarius-chaquetas-de-entretiempo-prendas-lenceras-y-animal-print-para-arrasar-esta-temporada.jpg\" alt=\"Elena Olivero\">\n<\/picture>\n<!-- INFO AUTHOR --> <\/div><\/div>\n<p><!-- COMPONENTS --><\/p>\n<p class=\"voc-paragraph\">Todo Inditex ha empezado a renovar sus colecciones para la pr\u00f3xima temporada. Aparecen ya las <a href=\"https:\/\/www.mujerhoy.com\/moda\/no-te-pierdas\/chaquetas-rebajas-entretiempo-septiembre-20250806122110-nt.html\" data-voc-vtm-id=\"in-text-traffic\" title=\"chaquetas de entretiempo\" data-mrf-link=\"www.mujerhoy.com\">chaquetas de entretiempo<\/a>, los modelos de vaqueros y hasta calzado como <a href=\"https:\/\/www.mujerhoy.com\/moda\/no-te-pierdas\/novedades-stradivarius-tendencias-boho-chic-estilo-grunge-modas-dosmil-20250803081026-nt.html\" data-voc-vtm-id=\"in-text-traffic\" title=\"botas cowboy\" data-mrf-link=\"www.mujerhoy.com\">botas cowboy<\/a> que vamos a llevar durante los pr\u00f3ximos meses. <strong>Stradivarius<\/strong> dice que tienes que adelantarte al oto\u00f1o y fichar ya todas las <a href=\"https:\/\/www.mujerhoy.com\/moda\/no-te-pierdas\/tendencias-otono-2025-como-llevarlas-mejor-vestidas-entretiempo-20250717113231-nt.html\" data-voc-vtm-id=\"in-text-traffic\" title=\"modas virales\" data-mrf-link=\"www.mujerhoy.com\">modas virales<\/a> que vas a ver a las influencers.<\/p>\n<p class=\"voc-paragraph\">Porque, sobre todo, el estilo Y2K o est\u00e9tica de principios de los dos mil son la principal fuente de inspiraci\u00f3n de una de las marcas low cost m\u00e1s populares entre las chicas de moda. Pero, tambi\u00e9n vuelven tendencias que ya conocemos de sobre como el animal print y que, definitivamente, tienes que incluir en tu armario esta temporada. Por eso, debes tener estas <strong>novedades de Stradivarius<\/strong> en tu radar.<\/p>\n<div class=\"v-c-cmp v-c-cmp--t1 \">\n<div class=\"v-cmp-rld v-cmp-rld--2 \">\n<div class=\"v-cnt-m v-cnt-m--m\">\n<div class=\"v-cnt-m__c\">\n<div class=\"v-cnt-m__w v-cnt-m__w--1\">\n<p class=\"v-cnt-m__t\">\nTAMBI\u00c9N TE INTERESA\n<\/p>\n<\/div>\n<\/div>\n<\/div>\n<div class=\"v-g v-g--2-c v-g--bdr-min-xs\">\n<div class=\"v-g__c \">\n<article class=\"v-a v-a--cmp-rld v-a--cmp-rld-2 v-a--p-l\">\n<div class=\"v-a-img-c\">\n<figure class=\"v-a-fig\">\n<a href=\"https:\/\/www.mujerhoy.com\/moda\/tendencias\/stradivarius-quiere-vistas-color-buganvilla-verano-20250729132245-nt.html#vtm_modulosEngag=mod-rel:moda:noticia:1:cmp:2-not\" class=\"v-a-link\" title=\"Stradivarius quiere que te vistas por completo del color buganvilla este verano\"><br \/>\n<img loading=\"lazy\" class=\"v-a-img\" src=\"http:\/\/cordobainforma.info\/wp-content\/uploads\/2025\/08\/las-novedades-de-la-semana-de-stradivarius-chaquetas-de-entretiempo-prendas-lenceras-y-animal-print-para-arrasar-esta-temporada-1.jpg\" alt=\"Stradivarius quiere que te vistas por completo del color buganvilla este verano\"><br \/>\n<\/a><br \/>\n<\/figure>\n<\/div>\n<\/article>\n<\/div>\n<div class=\"v-g__c \">\n<article class=\"v-a v-a--cmp-rld v-a--cmp-rld-2 v-a--p-l\">\n<div class=\"v-a-img-c\">\n<figure class=\"v-a-fig\">\n<a href=\"https:\/\/www.mujerhoy.com\/moda\/no-te-pierdas\/faldas-largas-verano-rebajas-mujeres-mayores-50-anos-stradivarius-20250711110010-nt.html#vtm_modulosEngag=mod-rel:moda:noticia:2:cmp:2-not\" class=\"v-a-link\" title=\"Las faldas largas de verano en rebajas que te solucionar\u00e1n el look&nbsp;a los 50 a\u00f1os\"><br \/>\n<img loading=\"lazy\" class=\"v-a-img\" src=\"http:\/\/cordobainforma.info\/wp-content\/uploads\/2025\/08\/las-novedades-de-la-semana-de-stradivarius-chaquetas-de-entretiempo-prendas-lenceras-y-animal-print-para-arrasar-esta-temporada-2.jpg\" alt=\"Las faldas largas de verano en rebajas que te solucionar\u00e1n el look&nbsp;a los 50 a\u00f1os\"><br \/>\n<\/a><br \/>\n<\/figure>\n<\/div>\n<\/article>\n<\/div>\n<\/div>\n<\/div>\n<\/div>\n<div class=\"v-c-cmp v-c-cmp--s\">\n<div class=\"v-cmp-m \">\n<article class=\"v-a v-a--cmp-m v-c-cmp--m-z\">\n<div class=\"v-a-img-c \">\n<div class=\"v-a-fig\">\n<button class=\"v-a-link\" popovertarget=\"photo-328\"><br \/>\n<img loading=\"lazy\" src=\"http:\/\/cordobainforma.info\/wp-content\/uploads\/2025\/08\/las-novedades-de-la-semana-de-stradivarius-chaquetas-de-entretiempo-prendas-lenceras-y-animal-print-para-arrasar-esta-temporada-3.jpg\" class=\"v-a-img\" width=\"650\" height=\"650\" alt=\"Chaqueta oversize efecto piel\" data-voc-vtm-id=\"in-text-traffic\"> <\/button><figcaption class=\"v-fc\">\n<span class=\"v-fc__t\"><br \/>\nChaqueta oversize efecto piel<br \/>\n<\/span><br \/>\n<span class=\"v-fc__p\"><br \/>\nSTRADIVARIUS<br \/>\n<\/span><br \/>\n<\/figcaption><\/div>\n<\/div>\n<div id=\"photo-328\" popover class=\"v-mdl v-mdl--fw\">\n<button class=\"v-x\" popovertarget=\"photo-328\" popovertargetaction=\"hide\"><br \/>\n<span class=\"v-i\"><br \/>\n<svg width=\"24\" height=\"23.996\" viewBox=\"0 0 24 23.996\">\n<path data-name=\"Uni\u00f3n 29\" d=\"M12,14.03,2.031,24,0,21.963,9.968,12,0,2.033,2.031,0,12,9.966,21.969,0,24,2.033,14.032,12,24,21.963,21.969,24Z\" \/>\n<\/svg><br \/>\n<\/span><br \/>\n<\/button><\/p>\n<div class=\"v-mdl__c\">\n<div class=\"v-mdl__w\">\n<img loading=\"lazy\" src=\"http:\/\/cordobainforma.info\/wp-content\/uploads\/2025\/08\/las-novedades-de-la-semana-de-stradivarius-chaquetas-de-entretiempo-prendas-lenceras-y-animal-print-para-arrasar-esta-temporada-3.jpg\" class=\"v-mdl__img-z\" width=\"650\" height=\"650\" alt>\n<\/div>\n<\/div>\n<\/div>\n<p><span class=\"v-bdp\"><\/span><br \/>\n<\/article>\n<\/div>\n<\/div>\n<p><h3 class=\"v-cmp-suh\">\nCazadora oversize efecto piel (39,99 euros)<br \/>\n<\/h3>\n<\/p>\n<p class=\"voc-paragraph\">Empiezan a llegar a las colecciones de tienda, las chaquetas de entretiempo. En especial, una de las m\u00e1s esenciales en el fondo de armario es <strong>la biker<\/strong>. Aunque, esta versi\u00f3n de cazadora de cuero ancha al estilo bomber, con bajo el\u00e1stico, cuello solapa camisero y cierre de cremallera es lo m\u00e1s para <a href=\"https:\/\/www.mujerhoy.com\/moda\/no-te-pierdas\/vaqueros-tipazo-basicos-zara-baratos-nuevo-20250719112449-nt.html\" data-voc-vtm-id=\"in-text-traffic\" title=\"ponerte con unos vaqueros\" data-mrf-link=\"www.mujerhoy.com\">ponerte con unos vaqueros<\/a> o con camisetas y faldas.<\/p>\n<div class=\"v-c-cmp v-c-cmp--s\">\n<div class=\"v-cmp-m \">\n<article class=\"v-a v-a--cmp-m v-c-cmp--m-z\">\n<div class=\"v-a-img-c \">\n<div class=\"v-a-fig\">\n<button class=\"v-a-link\" popovertarget=\"photo-978\"><br \/>\n<img loading=\"lazy\" src=\"http:\/\/cordobainforma.info\/wp-content\/uploads\/2025\/08\/las-novedades-de-la-semana-de-stradivarius-chaquetas-de-entretiempo-prendas-lenceras-y-animal-print-para-arrasar-esta-temporada-4.jpg\" class=\"v-a-img\" width=\"650\" height=\"650\" alt=\"Falda satinada midi\" data-voc-vtm-id=\"in-text-traffic\"> <\/button><figcaption class=\"v-fc\">\n<span class=\"v-fc__t\"><br \/>\nFalda satinada midi<br \/>\n<\/span><br \/>\n<span class=\"v-fc__p\"><br \/>\nSTRADIVARIUS<br \/>\n<\/span><br \/>\n<\/figcaption><\/div>\n<\/div>\n<div id=\"photo-978\" popover class=\"v-mdl v-mdl--fw\">\n<button class=\"v-x\" popovertarget=\"photo-978\" popovertargetaction=\"hide\"><br \/>\n<span class=\"v-i\"><br \/>\n<svg width=\"24\" height=\"23.996\" viewBox=\"0 0 24 23.996\">\n<path data-name=\"Uni\u00f3n 29\" d=\"M12,14.03,2.031,24,0,21.963,9.968,12,0,2.033,2.031,0,12,9.966,21.969,0,24,2.033,14.032,12,24,21.963,21.969,24Z\" \/>\n<\/svg><br \/>\n<\/span><br \/>\n<\/button><\/p>\n<div class=\"v-mdl__c\">\n<div class=\"v-mdl__w\">\n<img loading=\"lazy\" src=\"http:\/\/cordobainforma.info\/wp-content\/uploads\/2025\/08\/las-novedades-de-la-semana-de-stradivarius-chaquetas-de-entretiempo-prendas-lenceras-y-animal-print-para-arrasar-esta-temporada-4.jpg\" class=\"v-mdl__img-z\" width=\"650\" height=\"650\" alt>\n<\/div>\n<\/div>\n<\/div>\n<p><span class=\"v-bdp\"><\/span><br \/>\n<\/article>\n<\/div>\n<\/div>\n<p><h3 class=\"v-cmp-suh\">\nFalda satinada (22,99 euros)<br \/>\n<\/h3>\n<\/p>\n<p class=\"voc-paragraph\">Puede que la inspiraci\u00f3n de Stradivarius para esta nueva colecci\u00f3n haya sido el New Boho Era con algo de est\u00e9tica m\u00e1s rockera. Sin embargo, vistas por separado, todas sus prendas son un <strong>b\u00e1sico del armario c\u00e1psula<\/strong> que no pasa de moda, como esta falda midi negra perfecta para ir elegante y <a href=\"https:\/\/www.mujerhoy.com\/moda\/no-te-pierdas\/camisas-rayas-basicos-atemporales-armario-capsula-mujeres-mayores-50-anos-zara-hym-20250802081145-nt.html\" data-voc-vtm-id=\"in-text-traffic\" title=\"combinar con todas tus camisas\" data-mrf-link=\"www.mujerhoy.com\">combinar con todas tus camisas<\/a>, camisetas o incluso jers\u00e9is.<\/p>\n<div class=\"v-c-cmp v-c-cmp--s\">\n<div class=\"v-cmp-m \">\n<article class=\"v-a v-a--cmp-m v-c-cmp--m-z\">\n<div class=\"v-a-img-c \">\n<div class=\"v-a-fig\">\n<button class=\"v-a-link\" popovertarget=\"photo-766\"><br \/>\n<img loading=\"lazy\" src=\"http:\/\/cordobainforma.info\/wp-content\/uploads\/2025\/08\/las-novedades-de-la-semana-de-stradivarius-chaquetas-de-entretiempo-prendas-lenceras-y-animal-print-para-arrasar-esta-temporada-5.jpg\" class=\"v-a-img\" width=\"650\" height=\"650\" alt=\"Vestido satinado lencero\" data-voc-vtm-id=\"in-text-traffic\"> <\/button><figcaption class=\"v-fc\">\n<span class=\"v-fc__t\"><br \/>\nVestido satinado lencero<br \/>\n<\/span><br \/>\n<span class=\"v-fc__p\"><br \/>\nSTRADIVARIUS<br \/>\n<\/span><br \/>\n<\/figcaption><\/div>\n<\/div>\n<div id=\"photo-766\" popover class=\"v-mdl v-mdl--fw\">\n<button class=\"v-x\" popovertarget=\"photo-766\" popovertargetaction=\"hide\"><br \/>\n<span class=\"v-i\"><br \/>\n<svg width=\"24\" height=\"23.996\" viewBox=\"0 0 24 23.996\">\n<path data-name=\"Uni\u00f3n 29\" d=\"M12,14.03,2.031,24,0,21.963,9.968,12,0,2.033,2.031,0,12,9.966,21.969,0,24,2.033,14.032,12,24,21.963,21.969,24Z\" \/>\n<\/svg><br \/>\n<\/span><br \/>\n<\/button><\/p>\n<div class=\"v-mdl__c\">\n<div class=\"v-mdl__w\">\n<img loading=\"lazy\" src=\"http:\/\/cordobainforma.info\/wp-content\/uploads\/2025\/08\/las-novedades-de-la-semana-de-stradivarius-chaquetas-de-entretiempo-prendas-lenceras-y-animal-print-para-arrasar-esta-temporada-5.jpg\" class=\"v-mdl__img-z\" width=\"650\" height=\"650\" alt>\n<\/div>\n<\/div>\n<\/div>\n<p><span class=\"v-bdp\"><\/span><br \/>\n<\/article>\n<\/div>\n<\/div>\n<p><h3 class=\"v-cmp-suh\">\nVestido lencero corto (35,99 euros)<br \/>\n<\/h3>\n<\/p>\n<p class=\"voc-paragraph\">Jugar con los contrastes est\u00e1 de moda. Estilos opuestos en prendas, complementos y calzado hacen que vayas a la \u00faltima y es la propuesta de las expertas en el street style. Por eso, ahora <a href=\"https:\/\/www.mujerhoy.com\/moda\/no-te-pierdas\/blusas-romanticas-elegantes-zara-20250526134800-nt.html\" title=\"www.mujerhoy.com\" data-voc-vtm-id=\"in-text-traffic\" data-mrf-link=\"www.mujerhoy.com\">prendas rom\u00e1nticas<\/a> como este <strong>vestido satinado con encaje<\/strong>, lo combinar\u00e1s con las chaquetas de cuero y botas biker para este oto\u00f1o.<\/p>\n<div class=\"v-c-cmp v-c-cmp--s\">\n<div class=\"v-cmp-m \">\n<article class=\"v-a v-a--cmp-m v-c-cmp--m-z\">\n<div class=\"v-a-img-c \">\n<div class=\"v-a-fig\">\n<button class=\"v-a-link\" popovertarget=\"photo-177\"><br \/>\n<img loading=\"lazy\" src=\"http:\/\/cordobainforma.info\/wp-content\/uploads\/2025\/08\/las-novedades-de-la-semana-de-stradivarius-chaquetas-de-entretiempo-prendas-lenceras-y-animal-print-para-arrasar-esta-temporada-6.jpg\" class=\"v-a-img\" width=\"650\" height=\"650\" alt=\"Blazer con cintur\u00f3n\" data-voc-vtm-id=\"in-text-traffic\"> <\/button><figcaption class=\"v-fc\">\n<span class=\"v-fc__t\"><br \/>\nBlazer con cintur\u00f3n<br \/>\n<\/span><br \/>\n<span class=\"v-fc__p\"><br \/>\nSTRADIVARIUS<br \/>\n<\/span><br \/>\n<\/figcaption><\/div>\n<\/div>\n<div id=\"photo-177\" popover class=\"v-mdl v-mdl--fw\">\n<button class=\"v-x\" popovertarget=\"photo-177\" popovertargetaction=\"hide\"><br \/>\n<span class=\"v-i\"><br \/>\n<svg width=\"24\" height=\"23.996\" viewBox=\"0 0 24 23.996\">\n<path data-name=\"Uni\u00f3n 29\" d=\"M12,14.03,2.031,24,0,21.963,9.968,12,0,2.033,2.031,0,12,9.966,21.969,0,24,2.033,14.032,12,24,21.963,21.969,24Z\" \/>\n<\/svg><br \/>\n<\/span><br \/>\n<\/button><\/p>\n<div class=\"v-mdl__c\">\n<div class=\"v-mdl__w\">\n<img loading=\"lazy\" src=\"http:\/\/cordobainforma.info\/wp-content\/uploads\/2025\/08\/las-novedades-de-la-semana-de-stradivarius-chaquetas-de-entretiempo-prendas-lenceras-y-animal-print-para-arrasar-esta-temporada-6.jpg\" class=\"v-mdl__img-z\" width=\"650\" height=\"650\" alt>\n<\/div>\n<\/div>\n<\/div>\n<p><span class=\"v-bdp\"><\/span><br \/>\n<\/article>\n<\/div>\n<\/div>\n<p><h3 class=\"v-cmp-suh\">\nAmericana recta con cintur\u00f3n (39,99 euros)<br \/>\n<\/h3>\n<\/p>\n<p class=\"voc-paragraph\">No hay mejor compra que puedas hacer en esta temporada como una blazer negra. Es <strong>la chaqueta todoterreno<\/strong> que te arregla cualquier look. Para los <a href=\"https:\/\/www.mujerhoy.com\/moda\/no-te-pierdas\/mejores-looks-oficina-elegantes-basicos-armario-diario-copiar-influencers-20241217161001-nt.html\" data-voc-vtm-id=\"in-text-traffic\" title=\"outfits de oficina\" data-mrf-link=\"www.mujerhoy.com\">outfits de oficina<\/a>, para llevar con vaqueros si vas demasiado casual, para la noche o llevarte de fiesta. Es la prenda de abrigo que toda mujer necesita y en especial, este dise\u00f1o adem\u00e1s hace tipazo porque se ci\u00f1e a la cintura.<\/p>\n<div class=\"v-c-cmp v-c-cmp--s\">\n<div class=\"v-cmp-m \">\n<article class=\"v-a v-a--cmp-m v-c-cmp--m-z\">\n<div class=\"v-a-img-c \">\n<div class=\"v-a-fig\">\n<button class=\"v-a-link\" popovertarget=\"photo-177\"><br \/>\n<img loading=\"lazy\" src=\"http:\/\/cordobainforma.info\/wp-content\/uploads\/2025\/08\/las-novedades-de-la-semana-de-stradivarius-chaquetas-de-entretiempo-prendas-lenceras-y-animal-print-para-arrasar-esta-temporada-7.jpg\" class=\"v-a-img\" width=\"650\" height=\"650\" alt=\"Cintur\u00f3n de tachas en forma de estrellas\" data-voc-vtm-id=\"in-text-traffic\"> <\/button><figcaption class=\"v-fc\">\n<span class=\"v-fc__t\"><br \/>\nCintur\u00f3n de tachas en forma de estrellas<br \/>\n<\/span><br \/>\n<span class=\"v-fc__p\"><br \/>\nSTRADIVARIUS<br \/>\n<\/span><br \/>\n<\/figcaption><\/div>\n<\/div>\n<div id=\"photo-177\" popover class=\"v-mdl v-mdl--fw\">\n<button class=\"v-x\" popovertarget=\"photo-177\" popovertargetaction=\"hide\"><br \/>\n<span class=\"v-i\"><br \/>\n<svg width=\"24\" height=\"23.996\" viewBox=\"0 0 24 23.996\">\n<path data-name=\"Uni\u00f3n 29\" d=\"M12,14.03,2.031,24,0,21.963,9.968,12,0,2.033,2.031,0,12,9.966,21.969,0,24,2.033,14.032,12,24,21.963,21.969,24Z\" \/>\n<\/svg><br \/>\n<\/span><br \/>\n<\/button><\/p>\n<div class=\"v-mdl__c\">\n<div class=\"v-mdl__w\">\n<img loading=\"lazy\" src=\"http:\/\/cordobainforma.info\/wp-content\/uploads\/2025\/08\/las-novedades-de-la-semana-de-stradivarius-chaquetas-de-entretiempo-prendas-lenceras-y-animal-print-para-arrasar-esta-temporada-7.jpg\" class=\"v-mdl__img-z\" width=\"650\" height=\"650\" alt>\n<\/div>\n<\/div>\n<\/div>\n<p><span class=\"v-bdp\"><\/span><br \/>\n<\/article>\n<\/div>\n<\/div>\n<p><h3 class=\"v-cmp-suh\">\nCintur\u00f3n con tachas (9,99 euros)<br \/>\n<\/h3>\n<\/p>\n<p class=\"voc-paragraph\">Con esa est\u00e9tica de chica mala, de <strong>estilo grunge y rock<\/strong> que propone la marca de Inditex, no podr\u00edan faltar complementos como este cintur\u00f3n efecto piel con tachas met\u00e1licas en forma de estrella tan de principios de los dos mil. Lo llevar\u00e1s con <a href=\"https:\/\/www.mujerhoy.com\/moda\/no-te-pierdas\/mejores-faldas-tablas-cortas-primavera-20250510122935-nt.html\" data-voc-vtm-id=\"in-text-traffic\" title=\"faldas cortas de tablas\" data-mrf-link=\"www.mujerhoy.com\">faldas cortas de tablas<\/a>, vestidos fluidos o con vaqueros, chaquetas bomber y camisetas de tirantes.<\/p>\n<div class=\"v-c-cmp v-c-cmp--s\">\n<div class=\"v-cmp-m \">\n<article class=\"v-a v-a--cmp-m v-c-cmp--m-z\">\n<div class=\"v-a-img-c \">\n<div class=\"v-a-fig\">\n<button class=\"v-a-link\" popovertarget=\"photo-951\"><br \/>\n<img loading=\"lazy\" src=\"http:\/\/cordobainforma.info\/wp-content\/uploads\/2025\/08\/las-novedades-de-la-semana-de-stradivarius-chaquetas-de-entretiempo-prendas-lenceras-y-animal-print-para-arrasar-esta-temporada-8.jpg\" class=\"v-a-img\" width=\"650\" height=\"650\" alt=\"Vaqueros rectos y anchos\" data-voc-vtm-id=\"in-text-traffic\"> <\/button><figcaption class=\"v-fc\">\n<span class=\"v-fc__t\"><br \/>\nVaqueros rectos y anchos<br \/>\n<\/span><br \/>\n<span class=\"v-fc__p\"><br \/>\nSTRADIVARIUS<br \/>\n<\/span><br \/>\n<\/figcaption><\/div>\n<\/div>\n<div id=\"photo-951\" popover class=\"v-mdl v-mdl--fw\">\n<button class=\"v-x\" popovertarget=\"photo-951\" popovertargetaction=\"hide\"><br \/>\n<span class=\"v-i\"><br \/>\n<svg width=\"24\" height=\"23.996\" viewBox=\"0 0 24 23.996\">\n<path data-name=\"Uni\u00f3n 29\" d=\"M12,14.03,2.031,24,0,21.963,9.968,12,0,2.033,2.031,0,12,9.966,21.969,0,24,2.033,14.032,12,24,21.963,21.969,24Z\" \/>\n<\/svg><br \/>\n<\/span><br \/>\n<\/button><\/p>\n<div class=\"v-mdl__c\">\n<div class=\"v-mdl__w\">\n<img loading=\"lazy\" src=\"http:\/\/cordobainforma.info\/wp-content\/uploads\/2025\/08\/las-novedades-de-la-semana-de-stradivarius-chaquetas-de-entretiempo-prendas-lenceras-y-animal-print-para-arrasar-esta-temporada-8.jpg\" class=\"v-mdl__img-z\" width=\"650\" height=\"650\" alt>\n<\/div>\n<\/div>\n<\/div>\n<p><span class=\"v-bdp\"><\/span><br \/>\n<\/article>\n<\/div>\n<\/div>\n<p><h3 class=\"v-cmp-suh\">\nJeans straight wide (27,99 euros)<br \/>\n<\/h3>\n<\/p>\n<p class=\"voc-paragraph\">Lleg\u00f3 el momento de <a href=\"https:\/\/www.mujerhoy.com\/moda\/no-te-pierdas\/vaqueros-pantalones-mejor-sientan-mango-como-llevarlos-20250731123743-nt.html\" data-voc-vtm-id=\"in-text-traffic\" title=\"renovar nuestra colecci\u00f3n de vaqueros\" data-mrf-link=\"www.mujerhoy.com\">renovar nuestra colecci\u00f3n de vaqueros<\/a>. Seguro que muchos hace a\u00f1os que ni los usamos o est\u00e1n demasiado gastados. Adem\u00e1s, para salirte de los cl\u00e1sicos, pero encontrar algo que tambi\u00e9n pegue con todo tu armario (que es la gracia el tejano) opta por otros colores. La mejor opci\u00f3n seg\u00fan las expertas son los <strong>vaqueros anchos<\/strong> como estos, en color negro.<\/p>\n<div class=\"v-c-cmp v-c-cmp--s\">\n<div class=\"v-cmp-m \">\n<article class=\"v-a v-a--cmp-m v-c-cmp--m-z\">\n<div class=\"v-a-img-c \">\n<div class=\"v-a-fig\">\n<button class=\"v-a-link\" popovertarget=\"photo-84\"><br \/>\n<img loading=\"lazy\" src=\"http:\/\/cordobainforma.info\/wp-content\/uploads\/2025\/08\/las-novedades-de-la-semana-de-stradivarius-chaquetas-de-entretiempo-prendas-lenceras-y-animal-print-para-arrasar-esta-temporada-9.jpg\" class=\"v-a-img\" width=\"650\" height=\"650\" alt=\"Bolso bandolera con tachas y flecos\" data-voc-vtm-id=\"in-text-traffic\"> <\/button><figcaption class=\"v-fc\">\n<span class=\"v-fc__t\"><br \/>\nBolso bandolera con tachas y flecos<br \/>\n<\/span><br \/>\n<span class=\"v-fc__p\"><br \/>\nSTRADIVARIUS<br \/>\n<\/span><br \/>\n<\/figcaption><\/div>\n<\/div>\n<div id=\"photo-84\" popover class=\"v-mdl v-mdl--fw\">\n<button class=\"v-x\" popovertarget=\"photo-84\" popovertargetaction=\"hide\"><br \/>\n<span class=\"v-i\"><br \/>\n<svg width=\"24\" height=\"23.996\" viewBox=\"0 0 24 23.996\">\n<path data-name=\"Uni\u00f3n 29\" d=\"M12,14.03,2.031,24,0,21.963,9.968,12,0,2.033,2.031,0,12,9.966,21.969,0,24,2.033,14.032,12,24,21.963,21.969,24Z\" \/>\n<\/svg><br \/>\n<\/span><br \/>\n<\/button><\/p>\n<div class=\"v-mdl__c\">\n<div class=\"v-mdl__w\">\n<img loading=\"lazy\" src=\"http:\/\/cordobainforma.info\/wp-content\/uploads\/2025\/08\/las-novedades-de-la-semana-de-stradivarius-chaquetas-de-entretiempo-prendas-lenceras-y-animal-print-para-arrasar-esta-temporada-9.jpg\" class=\"v-mdl__img-z\" width=\"650\" height=\"650\" alt>\n<\/div>\n<\/div>\n<\/div>\n<p><span class=\"v-bdp\"><\/span><br \/>\n<\/article>\n<\/div>\n<\/div>\n<p><h3 class=\"v-cmp-suh\">\nBolso bandolera con flecos (19,99 euros)<br \/>\n<\/h3>\n<\/p>\n<p class=\"voc-paragraph\">Esta temporada, por las influencias del estilo boho chic, <strong>los flecos son super tendencia<\/strong>. Y la mejor forma de llevarlos es en un bolso como este modelo perfecto para llevar con <a href=\"https:\/\/www.mujerhoy.com\/moda\/no-te-pierdas\/blusas-blancas-volantes-boho-chic-rebajas-prenda-tendencia-zara-stradivarius-20250729082721-nt.html\" data-voc-vtm-id=\"in-text-traffic\" title=\"blusas de volantes\" data-mrf-link=\"www.mujerhoy.com\">blusas de volantes<\/a> y vaqueros campana o vestidos fluidos. Adem\u00e1s, tiene un asa adornada con tachas met\u00e1licas que tambi\u00e9n se llevan mucho.<\/p>\n<div class=\"v-c-cmp v-c-cmp--s\">\n<div class=\"v-cmp-m \">\n<article class=\"v-a v-a--cmp-m v-c-cmp--m-z\">\n<div class=\"v-a-img-c \">\n<div class=\"v-a-fig\">\n<button class=\"v-a-link\" popovertarget=\"photo-601\"><br \/>\n<img loading=\"lazy\" src=\"http:\/\/cordobainforma.info\/wp-content\/uploads\/2025\/08\/las-novedades-de-la-semana-de-stradivarius-chaquetas-de-entretiempo-prendas-lenceras-y-animal-print-para-arrasar-esta-temporada-10.jpg\" class=\"v-a-img\" width=\"650\" height=\"650\" alt=\"Pantalones con estampado de leopardo\" data-voc-vtm-id=\"in-text-traffic\"> <\/button><figcaption class=\"v-fc\">\n<span class=\"v-fc__t\"><br \/>\nPantalones con estampado de leopardo<br \/>\n<\/span><br \/>\n<span class=\"v-fc__p\"><br \/>\nSTRADIVARIUS<br \/>\n<\/span><br \/>\n<\/figcaption><\/div>\n<\/div>\n<div id=\"photo-601\" popover class=\"v-mdl v-mdl--fw\">\n<button class=\"v-x\" popovertarget=\"photo-601\" popovertargetaction=\"hide\"><br \/>\n<span class=\"v-i\"><br \/>\n<svg width=\"24\" height=\"23.996\" viewBox=\"0 0 24 23.996\">\n<path data-name=\"Uni\u00f3n 29\" d=\"M12,14.03,2.031,24,0,21.963,9.968,12,0,2.033,2.031,0,12,9.966,21.969,0,24,2.033,14.032,12,24,21.963,21.969,24Z\" \/>\n<\/svg><br \/>\n<\/span><br \/>\n<\/button><\/p>\n<div class=\"v-mdl__c\">\n<div class=\"v-mdl__w\">\n<img loading=\"lazy\" src=\"http:\/\/cordobainforma.info\/wp-content\/uploads\/2025\/08\/las-novedades-de-la-semana-de-stradivarius-chaquetas-de-entretiempo-prendas-lenceras-y-animal-print-para-arrasar-esta-temporada-10.jpg\" class=\"v-mdl__img-z\" width=\"650\" height=\"650\" alt>\n<\/div>\n<\/div>\n<\/div>\n<p><span class=\"v-bdp\"><\/span><br \/>\n<\/article>\n<\/div>\n<\/div>\n<p><h3 class=\"v-cmp-suh\">\nPantal\u00f3n straight leopardo (35,99 euros)<br \/>\n<\/h3>\n<\/p>\n<p class=\"voc-paragraph\">Otra de las tendencias para oto\u00f1o que vas a ver por todas partes es el <strong>animal print<\/strong>. Sobre todo, serpiente y leopardo ser\u00e1n los motivos m\u00e1s populares. Las influencers ya est\u00e1n apostando por lucirlo y por eso, este pantal\u00f3n de estampado animal con perneras rectos es una compra que vas a aprovechar al m\u00e1ximo para estar a la \u00faltima a diario. Queda mon\u00edsimo con camisas oversize o blusas bonitas y <a href=\"https:\/\/www.mujerhoy.com\/moda\/tendencias\/zapatillas-favoritas-celebrities-puma-palermo-rebajadisimas-euros-20250724123757-nt.html\" data-voc-vtm-id=\"in-text-traffic\" title=\"zapatillas deportivas\" data-mrf-link=\"www.mujerhoy.com\">zapatillas deportivas<\/a>.<\/p>\n<div class=\"v-c-cmp v-c-cmp--t1 \">\n<div class=\"v-cmp-rld v-cmp-rld--2 \">\n<div class=\"v-cnt-m v-cnt-m--m\">\n<div class=\"v-cnt-m__c\">\n<div class=\"v-cnt-m__w v-cnt-m__w--1\">\n<p class=\"v-cnt-m__t\">\nTAMBI\u00c9N TE INTERESA\n<\/p>\n<\/div>\n<\/div>\n<\/div>\n<div class=\"v-g v-g--2-c v-g--bdr-min-xs\">\n<div class=\"v-g__c \">\n<article class=\"v-a v-a--cmp-rld v-a--cmp-rld-2 v-a--p-l\">\n<div class=\"v-a-img-c\">\n<figure class=\"v-a-fig\">\n<a href=\"https:\/\/www.mujerhoy.com\/moda\/no-te-pierdas\/vestidos-oversize-prenda-versatil-vestir-bien-zapatillas-alpargatas-tendencia-20250802104145-nt.html#vtm_modulosEngag=mod-rel:moda:noticia:1:cmp:2-not\" class=\"v-a-link\" title=\"Vestidos oversize, la prenda m\u00e1s vers\u00e1til para vestir bien con zapatillas o con alpargatas\"><br \/>\n<img loading=\"lazy\" class=\"v-a-img\" src=\"http:\/\/cordobainforma.info\/wp-content\/uploads\/2025\/08\/las-novedades-de-la-semana-de-stradivarius-chaquetas-de-entretiempo-prendas-lenceras-y-animal-print-para-arrasar-esta-temporada-11.jpg\" alt=\"Vestidos oversize, la prenda m\u00e1s vers\u00e1til para vestir bien con zapatillas o con alpargatas\"><br \/>\n<\/a><br \/>\n<\/figure>\n<\/div>\n<\/article>\n<\/div>\n<div class=\"v-g__c \">\n<article class=\"v-a v-a--cmp-rld v-a--cmp-rld-2 v-a--p-l\">\n<div class=\"v-a-img-c\">\n<figure class=\"v-a-fig\">\n<a href=\"https:\/\/www.mujerhoy.com\/moda\/no-te-pierdas\/pantalones-campana-vuelven-temporada-modelos-bonitos-favorecen-silueta-20250730104315-nt.html#vtm_modulosEngag=mod-rel:moda:noticia:2:cmp:2-not\" class=\"v-a-link\" title=\"Los pantalones campana vuelven una temporada m\u00e1s y estos son los modelos m\u00e1s bonitos\"><br \/>\n<img loading=\"lazy\" class=\"v-a-img\" src=\"http:\/\/cordobainforma.info\/wp-content\/uploads\/2025\/08\/las-novedades-de-la-semana-de-stradivarius-chaquetas-de-entretiempo-prendas-lenceras-y-animal-print-para-arrasar-esta-temporada-12.jpg\" alt=\"Los pantalones campana vuelven una temporada m\u00e1s y estos son los modelos m\u00e1s bonitos\"><br \/>\n<\/a><br \/>\n<\/figure>\n<\/div>\n<\/article>\n<\/div>\n<\/div>\n<\/div>\n<\/div>\n","protected":false},"excerpt":{"rendered":"<p>Todo Inditex ha empezado a renovar sus colecciones para la pr\u00f3xima temporada. Aparecen ya las chaquetas de entretiempo, los modelos de vaqueros y hasta calzado como botas cowboy que vamos a llevar durante los pr\u00f3ximos meses. Stradivarius dice que tienes que adelantarte al oto\u00f1o y fichar ya todas las modas virales que vas a ver [&hellip;]<\/p>\n","protected":false},"author":1,"featured_media":164412,"comment_status":"closed","ping_status":"closed","sticky":false,"template":"","format":"standard","meta":[],"categories":[24],"tags":[],"_links":{"self":[{"href":"http:\/\/cordobainforma.info\/index.php\/wp-json\/wp\/v2\/posts\/164411"}],"collection":[{"href":"http:\/\/cordobainforma.info\/index.php\/wp-json\/wp\/v2\/posts"}],"about":[{"href":"http:\/\/cordobainforma.info\/index.php\/wp-json\/wp\/v2\/types\/post"}],"author":[{"embeddable":true,"href":"http:\/\/cordobainforma.info\/index.php\/wp-json\/wp\/v2\/users\/1"}],"replies":[{"embeddable":true,"href":"http:\/\/cordobainforma.info\/index.php\/wp-json\/wp\/v2\/comments?post=164411"}],"version-history":[{"count":0,"href":"http:\/\/cordobainforma.info\/index.php\/wp-json\/wp\/v2\/posts\/164411\/revisions"}],"wp:featuredmedia":[{"embeddable":true,"href":"http:\/\/cordobainforma.info\/index.php\/wp-json\/wp\/v2\/media\/164412"}],"wp:attachment":[{"href":"http:\/\/cordobainforma.info\/index.php\/wp-json\/wp\/v2\/media?parent=164411"}],"wp:term":[{"taxonomy":"category","embeddable":true,"href":"http:\/\/cordobainforma.info\/index.php\/wp-json\/wp\/v2\/categories?post=164411"},{"taxonomy":"post_tag","embeddable":true,"href":"http:\/\/cordobainforma.info\/index.php\/wp-json\/wp\/v2\/tags?post=164411"}],"curies":[{"name":"wp","href":"https:\/\/api.w.org\/{rel}","templated":true}]}}