{"id":164387,"date":"2025-08-10T07:42:54","date_gmt":"2025-08-10T07:42:54","guid":{"rendered":"https:\/\/somoscordobeses.com\/2025\/08\/10\/ciudad-karina-ofrecio-el-quinto-y-sexto-lugar-en-diputados-y-en-el-pro-ven-mas-cerca-el-acuerdo\/"},"modified":"2025-08-10T07:42:54","modified_gmt":"2025-08-10T07:42:54","slug":"ciudad-karina-ofrecio-el-quinto-y-sexto-lugar-en-diputados-y-en-el-pro-ven-mas-cerca-el-acuerdo","status":"publish","type":"post","link":"http:\/\/cordobainforma.info\/index.php\/2025\/08\/10\/ciudad-karina-ofrecio-el-quinto-y-sexto-lugar-en-diputados-y-en-el-pro-ven-mas-cerca-el-acuerdo\/","title":{"rendered":"Ciudad: Karina ofreci\u00f3 el quinto y sexto lugar en diputados y en el PRO ven m\u00e1s cerca el acuerdo"},"content":{"rendered":"<div><img src=\"http:\/\/cordobainforma.info\/wp-content\/uploads\/2025\/08\/ciudad-karina-ofrecio-el-quinto-y-sexto-lugar-en-diputados-y-en-el-pro-ven-mas-cerca-el-acuerdo.jpg\" class=\"ff-og-image-inserted\"><\/div>\n<p><span>Karina ofreci\u00f3 el quinto y sexto lugar en la lista de diputados y en el PRO ven m\u00e1s cerca el acuerdo en la Ciudad. La campa\u00f1a ser\u00e1 completamente violeta.<\/span><\/p>\n<p>Con Mauricio Macri a la cabeza, gobernadores y funcionarios del PRO intentaron avanzar en el acuerdo con La Libertad Avanza. El lugar m\u00e1s sentible es la Capital. La alianza es de conveniencia mutua porque garantizar\u00eda \u00abgobernabilidad\u00bb para Jorge Macri y para Javier Milei. Aunque una fuerza se impondr\u00eda sobre otra.<\/p>\n<p>Antes de ingresar a la sede de Balcarce, Macri critic\u00f3 a los libertarios por querer una \u00abposici\u00f3n dominante\u00bb en las listas. Como public\u00f3 LPO, La Libertad Avanza busca una rendici\u00f3n incondicional del PRO para cerrar una alianza. Uno de sus requisitos era que Jorge Macri no participe de las negociaciones. Parece dif\u00edcil que se cumpla.<\/p>\n<p>Macri entr\u00f3 sonriente a la reuni\u00f3n y se retir\u00f3 serio. Incluso la foto del encuentro que distribuy\u00f3 el PRO mostr\u00f3 la tensi\u00f3n que hay en el espacio. El ex presidente se contentaba con dos diputados \u00abentrables\u00bb, esca\u00f1os que ocupar\u00eda con los ultras Hern\u00e1n Iglesias Illa y Jimena La Torre.<\/p>\n<p>Macri pide a Jimena de la Torre y Hern\u00e1n Iglesias Illa para la lista con los libertarios<\/p>\n<p>A pesar de su mala cara, Macri tiene mucho para festejar. El ex titular de Boca no ten\u00eda ninguna intenci\u00f3n de hacer campa\u00f1a por segunda vez en el a\u00f1o y tampoco deber\u00e1 entrar en gastos: en el PRO esperan que el financiamiento sea enteramente libertario. <\/p>\n<p>Fuentes del partido dijeron que el malhumor de Mauricio se debi\u00f3 a que su primo Jorge prefiere seguir negociando y se dilata el cierre. Otro funcionario atribuy\u00f3 el enojo a que los libertarios vetaron a Mar\u00eda Eugenia Vidal. La ex gobernadora hab\u00eda adelantado que no formar\u00eda parte de una alianza con LLA, aunque si hubiera querido, iba a tener dificultades para pasar el filtro.<\/p>\n<p>En Parque Patricios reconocieron que no tienen demasiado margen para escaparle al acuerdo: hay un 87% de superposici\u00f3n entre los votantes del PRO y La Libertad Avanza. Incluso saben que uno de los puntos m\u00e1s negativos de las encuestas es que no son bien percibidas las cr\u00edticas a Milei.<\/p>\n<p>\u00abHoy nuestros votantes est\u00e1n con Milei. No nos podemos arriesgar a otra derrota\u00bb, aceptaron en el macrismo. El \u00fanico lamento es por no haber comenzado a negociar antes, algo que podr\u00eda haber garantizado m\u00e1s lugares.<\/p>\n<p>Los ex socios de Juntos, UCR, Coalici\u00f3n, Oca\u00f1a, el larretismo, socialismo y GEN avanzan con un Juntos por el Cambio sin el PRO. Nadie se anima a descartar que si las charlas con los libertarios terminan mal, tambi\u00e9n sumen al macrismo.<\/p>\n","protected":false},"excerpt":{"rendered":"<p>Karina ofreci\u00f3 el quinto y sexto lugar en la lista de diputados y en el PRO ven m\u00e1s cerca el acuerdo en la Ciudad. La campa\u00f1a ser\u00e1 completamente violeta. Con Mauricio Macri a la cabeza, gobernadores y funcionarios del PRO intentaron avanzar en el acuerdo con La Libertad Avanza. El lugar m\u00e1s sentible es la [&hellip;]<\/p>\n","protected":false},"author":1,"featured_media":164388,"comment_status":"closed","ping_status":"closed","sticky":false,"template":"","format":"standard","meta":[],"categories":[2],"tags":[],"_links":{"self":[{"href":"http:\/\/cordobainforma.info\/index.php\/wp-json\/wp\/v2\/posts\/164387"}],"collection":[{"href":"http:\/\/cordobainforma.info\/index.php\/wp-json\/wp\/v2\/posts"}],"about":[{"href":"http:\/\/cordobainforma.info\/index.php\/wp-json\/wp\/v2\/types\/post"}],"author":[{"embeddable":true,"href":"http:\/\/cordobainforma.info\/index.php\/wp-json\/wp\/v2\/users\/1"}],"replies":[{"embeddable":true,"href":"http:\/\/cordobainforma.info\/index.php\/wp-json\/wp\/v2\/comments?post=164387"}],"version-history":[{"count":0,"href":"http:\/\/cordobainforma.info\/index.php\/wp-json\/wp\/v2\/posts\/164387\/revisions"}],"wp:featuredmedia":[{"embeddable":true,"href":"http:\/\/cordobainforma.info\/index.php\/wp-json\/wp\/v2\/media\/164388"}],"wp:attachment":[{"href":"http:\/\/cordobainforma.info\/index.php\/wp-json\/wp\/v2\/media?parent=164387"}],"wp:term":[{"taxonomy":"category","embeddable":true,"href":"http:\/\/cordobainforma.info\/index.php\/wp-json\/wp\/v2\/categories?post=164387"},{"taxonomy":"post_tag","embeddable":true,"href":"http:\/\/cordobainforma.info\/index.php\/wp-json\/wp\/v2\/tags?post=164387"}],"curies":[{"name":"wp","href":"https:\/\/api.w.org\/{rel}","templated":true}]}}