{"id":164350,"date":"2025-08-09T13:38:14","date_gmt":"2025-08-09T13:38:14","guid":{"rendered":"https:\/\/somoscordobeses.com\/2025\/08\/09\/manana-el-transporte-sera-gratuito-para-que-los-chicos-celebren-su-dia\/"},"modified":"2025-08-09T13:38:14","modified_gmt":"2025-08-09T13:38:14","slug":"manana-el-transporte-sera-gratuito-para-que-los-chicos-celebren-su-dia","status":"publish","type":"post","link":"http:\/\/cordobainforma.info\/index.php\/2025\/08\/09\/manana-el-transporte-sera-gratuito-para-que-los-chicos-celebren-su-dia\/","title":{"rendered":"Ma\u00f1ana el transporte ser\u00e1 gratuito para que los chicos celebren su d\u00eda"},"content":{"rendered":"<div><img src=\"http:\/\/cordobainforma.info\/wp-content\/uploads\/2025\/08\/manana-el-transporte-sera-gratuito-para-que-los-chicos-celebren-su-dia.jpg\" class=\"ff-og-image-inserted\"><\/div>\n<p>Villa Carlos Paz celebrar\u00e1 el D\u00eda del Ni\u00f1o este domingo 10 de agosto con una gran propuesta recreativa para disfrutar en familia. Para que todos puedan participar,<strong> el municipio dispuso que durante toda la jornada el transporte p\u00fablico urbano sea gratuito para los peque\u00f1os&nbsp;que asistan acompa\u00f1ados por un adulto al evento central.<\/strong><\/p>\n<p>La celebraci\u00f3n tendr\u00e1 lugar desde las 14:00 en el Parque de Asistencia del Rally.&nbsp;All\u00ed se desarrollar\u00e1 una tarde repleta de juegos, m\u00fasica en vivo, premios, golosinas y sorpresas para los m\u00e1s peque\u00f1os, con <strong>entrada libre y gratuita.<\/strong><\/p>\n<p>La medida del transporte gratuito busca facilitar el acceso de los ni\u00f1os&nbsp;de todos los barrios de la ciudad, asegurando que ninguna familia se quede afuera por motivos de traslado.<\/p>\n<p>Carlos Paz se prepara para vivir una jornada inolvidable que combina diversi\u00f3n, inclusi\u00f3n y comunidad, en una de las fechas m\u00e1s esperadas del a\u00f1o para la infancia.<\/p>\n","protected":false},"excerpt":{"rendered":"<p>Villa Carlos Paz celebrar\u00e1 el D\u00eda del Ni\u00f1o este domingo 10 de agosto con una gran propuesta recreativa para disfrutar en familia. Para que todos puedan participar, el municipio dispuso que durante toda la jornada el transporte p\u00fablico urbano sea gratuito para los peque\u00f1os&nbsp;que asistan acompa\u00f1ados por un adulto al evento central. La celebraci\u00f3n tendr\u00e1 [&hellip;]<\/p>\n","protected":false},"author":1,"featured_media":164351,"comment_status":"closed","ping_status":"closed","sticky":false,"template":"","format":"standard","meta":[],"categories":[2],"tags":[],"_links":{"self":[{"href":"http:\/\/cordobainforma.info\/index.php\/wp-json\/wp\/v2\/posts\/164350"}],"collection":[{"href":"http:\/\/cordobainforma.info\/index.php\/wp-json\/wp\/v2\/posts"}],"about":[{"href":"http:\/\/cordobainforma.info\/index.php\/wp-json\/wp\/v2\/types\/post"}],"author":[{"embeddable":true,"href":"http:\/\/cordobainforma.info\/index.php\/wp-json\/wp\/v2\/users\/1"}],"replies":[{"embeddable":true,"href":"http:\/\/cordobainforma.info\/index.php\/wp-json\/wp\/v2\/comments?post=164350"}],"version-history":[{"count":0,"href":"http:\/\/cordobainforma.info\/index.php\/wp-json\/wp\/v2\/posts\/164350\/revisions"}],"wp:featuredmedia":[{"embeddable":true,"href":"http:\/\/cordobainforma.info\/index.php\/wp-json\/wp\/v2\/media\/164351"}],"wp:attachment":[{"href":"http:\/\/cordobainforma.info\/index.php\/wp-json\/wp\/v2\/media?parent=164350"}],"wp:term":[{"taxonomy":"category","embeddable":true,"href":"http:\/\/cordobainforma.info\/index.php\/wp-json\/wp\/v2\/categories?post=164350"},{"taxonomy":"post_tag","embeddable":true,"href":"http:\/\/cordobainforma.info\/index.php\/wp-json\/wp\/v2\/tags?post=164350"}],"curies":[{"name":"wp","href":"https:\/\/api.w.org\/{rel}","templated":true}]}}