{"id":164306,"date":"2025-08-09T06:31:41","date_gmt":"2025-08-09T06:31:41","guid":{"rendered":"https:\/\/www.mujerhoy.com\/moda\/no-te-pierdas\/novedades-primark-basicos-armario-otono-tendencias-20250809075542-nt.html"},"modified":"2025-08-09T06:31:41","modified_gmt":"2025-08-09T06:31:41","slug":"las-novedades-de-la-semana-de-primark-los-basicos-y-las-tendencias-mas-asequibles-para-vestir-en-otono","status":"publish","type":"post","link":"http:\/\/cordobainforma.info\/index.php\/2025\/08\/09\/las-novedades-de-la-semana-de-primark-los-basicos-y-las-tendencias-mas-asequibles-para-vestir-en-otono\/","title":{"rendered":"Las novedades de la semana de Primark: los b\u00e1sicos y las tendencias m\u00e1s asequibles para vestir en oto\u00f1o"},"content":{"rendered":"<div class=\"media_block\"><\/div>\n<p><!-- AUTHOR --><\/p>\n<div class=\"voc-author-timesocial \">\n<!-- AUTHOR --><\/p>\n<div class=\"voc-author-timesocial__signature \">\n<!-- IMAGE AUTHOR -->\n<picture class=\"voc-image-signature\">\n<img class=\"voc-image-signature__img\" src=\"http:\/\/cordobainforma.info\/wp-content\/uploads\/2025\/08\/las-novedades-de-la-semana-de-primark-los-basicos-y-las-tendencias-mas-asequibles-para-vestir-en-otono.jpg\" alt=\"Elena Olivero\">\n<\/picture>\n<!-- INFO AUTHOR --> <\/div><\/div>\n<p><!-- COMPONENTS --><\/p>\n<p class=\"voc-paragraph\">En las marcas low cost est\u00e1 todo lo que necesitas para <a href=\"https:\/\/www.mujerhoy.com\/moda\/no-te-pierdas\/cinco-blazers-basicas-asequibles-renovar-armario-20250802090230-nt.html\" data-voc-vtm-id=\"in-text-traffic\" title=\"renovar el armario\" data-mrf-link=\"www.mujerhoy.com\">renovar el armario<\/a>. Porque con la llegada de septiembre tambi\u00e9n llegan los nuevos prop\u00f3sitos y la limpieza, el orden y puede que un cambio de estilo est\u00e9 en tu lista pendiente. Por eso, la <strong>nueva colecci\u00f3n de Primark<\/strong> es a donde ir a por todos los <a href=\"https:\/\/www.mujerhoy.com\/moda\/no-te-pierdas\/camisetas-manga-corta-versatiles-comodas-verano-20250726150248-nt.html\" data-voc-vtm-id=\"in-text-traffic\" title=\"b\u00e1sicos del guardarropa\" data-mrf-link=\"www.mujerhoy.com\">b\u00e1sicos del guardarropa<\/a> para solucionarte el look diario. Pero, tambi\u00e9n la mejor opci\u00f3n para encontrar las \u00faltimas tendencias a un precio m\u00e1s asequible que en ning\u00fan sitio.<\/p>\n<p class=\"voc-paragraph\">Porque la marca irlandesa tiene en sus stands todas las prendas virales de la pr\u00f3xima temporada, desde <a href=\"https:\/\/www.mujerhoy.com\/moda\/no-te-pierdas\/gabardinas-entretiempo-clasicas-atemporales-tendencia-chaqueta-fondo-armario-20250801112217-nt.html\" data-voc-vtm-id=\"in-text-traffic\" title=\"la gabardina\" data-mrf-link=\"www.mujerhoy.com\">la gabardina<\/a> hasta falda de tablas, pasando por los jeans campana que este oto\u00f1o van a ser lo m\u00e1s de lo m\u00e1s. As\u00ed que, no esperes a que se te eche todo encima en la vuelta a la rutina y ve ya a por las <strong>novedades de Primark<\/strong> para vestir con mucho estilo durante los meses que vienen.<\/p>\n<div class=\"v-c-cmp v-c-cmp--t1 \">\n<div class=\"v-cmp-rld v-cmp-rld--2 \">\n<div class=\"v-cnt-m v-cnt-m--m\">\n<div class=\"v-cnt-m__c\">\n<div class=\"v-cnt-m__w v-cnt-m__w--1\">\n<p class=\"v-cnt-m__t\">\nTAMBI\u00c9N TE INTERESA\n<\/p>\n<\/div>\n<\/div>\n<\/div>\n<div class=\"v-g v-g--2-c v-g--bdr-min-xs\">\n<div class=\"v-g__c \">\n<article class=\"v-a v-a--cmp-rld v-a--cmp-rld-2 v-a--p-l\">\n<div class=\"v-a-img-c\">\n<figure class=\"v-a-fig\">\n<a href=\"https:\/\/www.mujerhoy.com\/moda\/no-te-pierdas\/camisas-rayas-basicos-atemporales-armario-capsula-mujeres-mayores-50-anos-zara-hym-20250802081145-nt.html#vtm_modulosEngag=mod-rel:moda:noticia:1:cmp:2-not\" class=\"v-a-link\" title=\"Estas camisas de rayas son el b\u00e1sico que llevar ahora y en septiembre seg\u00fan las mejores vestidas +50\"><br \/>\n<img loading=\"lazy\" class=\"v-a-img\" src=\"http:\/\/cordobainforma.info\/wp-content\/uploads\/2025\/08\/las-novedades-de-la-semana-de-primark-los-basicos-y-las-tendencias-mas-asequibles-para-vestir-en-otono-1.jpg\" alt=\"Estas camisas de rayas son el b\u00e1sico que llevar ahora y en septiembre seg\u00fan las mejores vestidas +50\"><br \/>\n<\/a><br \/>\n<\/figure>\n<\/div>\n<\/article>\n<\/div>\n<div class=\"v-g__c \">\n<article class=\"v-a v-a--cmp-rld v-a--cmp-rld-2 v-a--p-l\">\n<div class=\"v-a-img-c\">\n<figure class=\"v-a-fig\">\n<a href=\"https:\/\/www.mujerhoy.com\/moda\/no-te-pierdas\/bolso-barato-colores-verano-nuevo-20250806141604-nt.html#vtm_modulosEngag=mod-rel:moda:noticia:2:cmp:2-not\" class=\"v-a-link\" title=\"Estos son los bolsos de colores m\u00e1s bonitos y virales de la nueva temporada\"><br \/>\n<img loading=\"lazy\" class=\"v-a-img\" src=\"http:\/\/cordobainforma.info\/wp-content\/uploads\/2025\/08\/las-novedades-de-la-semana-de-primark-los-basicos-y-las-tendencias-mas-asequibles-para-vestir-en-otono-2.jpg\" alt=\"Estos son los bolsos de colores m\u00e1s bonitos y virales de la nueva temporada\"><br \/>\n<\/a><br \/>\n<\/figure>\n<\/div>\n<\/article>\n<\/div>\n<\/div>\n<\/div>\n<\/div>\n<div class=\"v-c-cmp v-c-cmp--s\">\n<div class=\"v-cmp-m \">\n<article class=\"v-a v-a--cmp-m v-c-cmp--m-z\">\n<div class=\"v-a-img-c \">\n<div class=\"v-a-fig\">\n<button class=\"v-a-link\" popovertarget=\"photo-22\"><br \/>\n<img loading=\"lazy\" src=\"http:\/\/cordobainforma.info\/wp-content\/uploads\/2025\/08\/las-novedades-de-la-semana-de-primark-los-basicos-y-las-tendencias-mas-asequibles-para-vestir-en-otono-3.jpg\" class=\"v-a-img\" width=\"650\" height=\"650\" alt=\"Camisa de cuadros\" data-voc-vtm-id=\"in-text-traffic\"> <\/button><figcaption class=\"v-fc\">\n<span class=\"v-fc__t\"><br \/>\nCamisa de cuadros<br \/>\n<\/span><br \/>\n<span class=\"v-fc__p\"><br \/>\nPRIMARK<br \/>\n<\/span><br \/>\n<\/figcaption><\/div>\n<\/div>\n<div id=\"photo-22\" popover class=\"v-mdl v-mdl--fw\">\n<button class=\"v-x\" popovertarget=\"photo-22\" popovertargetaction=\"hide\"><br \/>\n<span class=\"v-i\"><br \/>\n<svg width=\"24\" height=\"23.996\" viewBox=\"0 0 24 23.996\">\n<path data-name=\"Uni\u00f3n 29\" d=\"M12,14.03,2.031,24,0,21.963,9.968,12,0,2.033,2.031,0,12,9.966,21.969,0,24,2.033,14.032,12,24,21.963,21.969,24Z\" \/>\n<\/svg><br \/>\n<\/span><br \/>\n<\/button><\/p>\n<div class=\"v-mdl__c\">\n<div class=\"v-mdl__w\">\n<img loading=\"lazy\" src=\"http:\/\/cordobainforma.info\/wp-content\/uploads\/2025\/08\/las-novedades-de-la-semana-de-primark-los-basicos-y-las-tendencias-mas-asequibles-para-vestir-en-otono-3.jpg\" class=\"v-mdl__img-z\" width=\"650\" height=\"650\" alt>\n<\/div>\n<\/div>\n<\/div>\n<p><span class=\"v-bdp\"><\/span><br \/>\n<\/article>\n<\/div>\n<\/div>\n<p><h3 class=\"v-cmp-suh\">\nCamisa de popelina con cuadros (15 euros)<br \/>\n<\/h3>\n<\/p>\n<p class=\"voc-paragraph\">Est\u00e1 m\u00e1s que confirmado que el <strong>estampado de cuadros<\/strong> ser\u00e1 una de las modas favoritas del pr\u00f3ximo oto\u00f1o. Por eso, la puedes llevar con tus vaqueros y unas botas cowboy m\u00e1s un <a href=\"https:\/\/www.mujerhoy.com\/moda\/no-te-pierdas\/bolso-tendencia-otono-oskan-isabel-marant-boho-chic-favorito-mejor-vestidas-20250728120128-nt.html\" data-voc-vtm-id=\"in-text-traffic\" title=\"bolso de ante\" data-mrf-link=\"www.mujerhoy.com\">bolso de ante<\/a> a diario, si quieres ir a la moda, gracias a esta camisa cl\u00e1sica de corte oversize que resulta super ponible.<\/p>\n<div class=\"v-c-cmp v-c-cmp--s\">\n<div class=\"v-cmp-m \">\n<article class=\"v-a v-a--cmp-m v-c-cmp--m-z\">\n<div class=\"v-a-img-c \">\n<div class=\"v-a-fig\">\n<button class=\"v-a-link\" popovertarget=\"photo-878\"><br \/>\n<img loading=\"lazy\" src=\"http:\/\/cordobainforma.info\/wp-content\/uploads\/2025\/08\/las-novedades-de-la-semana-de-primark-los-basicos-y-las-tendencias-mas-asequibles-para-vestir-en-otono-4.jpg\" class=\"v-a-img\" width=\"650\" height=\"650\" alt=\"Jersey ancho y corto\" data-voc-vtm-id=\"in-text-traffic\"> <\/button><figcaption class=\"v-fc\">\n<span class=\"v-fc__t\"><br \/>\nJersey ancho y corto<br \/>\n<\/span><br \/>\n<span class=\"v-fc__p\"><br \/>\nPRIMARK<br \/>\n<\/span><br \/>\n<\/figcaption><\/div>\n<\/div>\n<div id=\"photo-878\" popover class=\"v-mdl v-mdl--fw\">\n<button class=\"v-x\" popovertarget=\"photo-878\" popovertargetaction=\"hide\"><br \/>\n<span class=\"v-i\"><br \/>\n<svg width=\"24\" height=\"23.996\" viewBox=\"0 0 24 23.996\">\n<path data-name=\"Uni\u00f3n 29\" d=\"M12,14.03,2.031,24,0,21.963,9.968,12,0,2.033,2.031,0,12,9.966,21.969,0,24,2.033,14.032,12,24,21.963,21.969,24Z\" \/>\n<\/svg><br \/>\n<\/span><br \/>\n<\/button><\/p>\n<div class=\"v-mdl__c\">\n<div class=\"v-mdl__w\">\n<img loading=\"lazy\" src=\"http:\/\/cordobainforma.info\/wp-content\/uploads\/2025\/08\/las-novedades-de-la-semana-de-primark-los-basicos-y-las-tendencias-mas-asequibles-para-vestir-en-otono-4.jpg\" class=\"v-mdl__img-z\" width=\"650\" height=\"650\" alt>\n<\/div>\n<\/div>\n<\/div>\n<p><span class=\"v-bdp\"><\/span><br \/>\n<\/article>\n<\/div>\n<\/div>\n<p><h3 class=\"v-cmp-suh\">\nJersey cropped oversize (17 euros)<br \/>\n<\/h3>\n<\/p>\n<p class=\"voc-paragraph\">Aparecen las primeras <strong>prendas de punto<\/strong> para cuando cambien las temperaturas. Incluso durante entretiempo, puedes empezar a estrenarlas si son tan pr\u00e1cticas como este jersey b\u00e1sico que puedes llevar solo con <a href=\"https:\/\/www.mujerhoy.com\/moda\/no-te-pierdas\/faldas-midi-satinadas-combinarlas-dia-noche-20250803180638-nt.html\" data-voc-vtm-id=\"in-text-traffic\" title=\"faldas satinadas\" data-mrf-link=\"www.mujerhoy.com\">faldas satinadas<\/a> o combinado con una camisa blanca (o de rayas) debajo para el look de oficina.<\/p>\n<div class=\"v-c-cmp v-c-cmp--s\">\n<div class=\"v-cmp-m \">\n<article class=\"v-a v-a--cmp-m v-c-cmp--m-z\">\n<div class=\"v-a-img-c \">\n<div class=\"v-a-fig\">\n<button class=\"v-a-link\" popovertarget=\"photo-80\"><br \/>\n<img loading=\"lazy\" src=\"http:\/\/cordobainforma.info\/wp-content\/uploads\/2025\/08\/las-novedades-de-la-semana-de-primark-los-basicos-y-las-tendencias-mas-asequibles-para-vestir-en-otono-5.jpg\" class=\"v-a-img\" width=\"650\" height=\"650\" alt=\"Vaqueros estilo flare\" data-voc-vtm-id=\"in-text-traffic\"> <\/button><figcaption class=\"v-fc\">\n<span class=\"v-fc__t\"><br \/>\nVaqueros estilo flare<br \/>\n<\/span><br \/>\n<span class=\"v-fc__p\"><br \/>\nPRIMARK<br \/>\n<\/span><br \/>\n<\/figcaption><\/div>\n<\/div>\n<div id=\"photo-80\" popover class=\"v-mdl v-mdl--fw\">\n<button class=\"v-x\" popovertarget=\"photo-80\" popovertargetaction=\"hide\"><br \/>\n<span class=\"v-i\"><br \/>\n<svg width=\"24\" height=\"23.996\" viewBox=\"0 0 24 23.996\">\n<path data-name=\"Uni\u00f3n 29\" d=\"M12,14.03,2.031,24,0,21.963,9.968,12,0,2.033,2.031,0,12,9.966,21.969,0,24,2.033,14.032,12,24,21.963,21.969,24Z\" \/>\n<\/svg><br \/>\n<\/span><br \/>\n<\/button><\/p>\n<div class=\"v-mdl__c\">\n<div class=\"v-mdl__w\">\n<img loading=\"lazy\" src=\"http:\/\/cordobainforma.info\/wp-content\/uploads\/2025\/08\/las-novedades-de-la-semana-de-primark-los-basicos-y-las-tendencias-mas-asequibles-para-vestir-en-otono-5.jpg\" class=\"v-mdl__img-z\" width=\"650\" height=\"650\" alt>\n<\/div>\n<\/div>\n<\/div>\n<p><span class=\"v-bdp\"><\/span><br \/>\n<\/article>\n<\/div>\n<\/div>\n<p><h3 class=\"v-cmp-suh\">\nVaqueros flare (26 euros)<br \/>\n<\/h3>\n<\/p>\n<p class=\"voc-paragraph\">Vas a necesitas muchos modelos de jeans en tu armario para solucionarte los outfits del d\u00eda a d\u00eda. Pero el que m\u00e1s va a estar de moda, seg\u00fan todas las expertas, son los <strong>vaqueros campana<\/strong>. Estos pantalones de est\u00e9tica setentera triunfar\u00e1n por el dominio del boho chic y quedan de maravilla con blusas blanca de volantes y un <a href=\"https:\/\/www.mujerhoy.com\/moda\/no-te-pierdas\/bolsos-flecos-accesorio-tendencia-primavera-corte-ingles-20250315133038-nt.html\" data-voc-vtm-id=\"in-text-traffic\" title=\"bolso de flecos\" data-mrf-link=\"www.mujerhoy.com\">bolso de flecos<\/a>.<\/p>\n<div class=\"v-c-cmp v-c-cmp--s\">\n<div class=\"v-cmp-m \">\n<article class=\"v-a v-a--cmp-m v-c-cmp--m-z\">\n<div class=\"v-a-img-c \">\n<div class=\"v-a-fig\">\n<button class=\"v-a-link\" popovertarget=\"photo-135\"><br \/>\n<img loading=\"lazy\" src=\"http:\/\/cordobainforma.info\/wp-content\/uploads\/2025\/08\/las-novedades-de-la-semana-de-primark-los-basicos-y-las-tendencias-mas-asequibles-para-vestir-en-otono-6.jpg\" class=\"v-a-img\" width=\"650\" height=\"650\" alt=\"Vestido de antelina\" data-voc-vtm-id=\"in-text-traffic\"> <\/button><figcaption class=\"v-fc\">\n<span class=\"v-fc__t\"><br \/>\nVestido de antelina<br \/>\n<\/span><br \/>\n<span class=\"v-fc__p\"><br \/>\nPRIMARK<br \/>\n<\/span><br \/>\n<\/figcaption><\/div>\n<\/div>\n<div id=\"photo-135\" popover class=\"v-mdl v-mdl--fw\">\n<button class=\"v-x\" popovertarget=\"photo-135\" popovertargetaction=\"hide\"><br \/>\n<span class=\"v-i\"><br \/>\n<svg width=\"24\" height=\"23.996\" viewBox=\"0 0 24 23.996\">\n<path data-name=\"Uni\u00f3n 29\" d=\"M12,14.03,2.031,24,0,21.963,9.968,12,0,2.033,2.031,0,12,9.966,21.969,0,24,2.033,14.032,12,24,21.963,21.969,24Z\" \/>\n<\/svg><br \/>\n<\/span><br \/>\n<\/button><\/p>\n<div class=\"v-mdl__c\">\n<div class=\"v-mdl__w\">\n<img loading=\"lazy\" src=\"http:\/\/cordobainforma.info\/wp-content\/uploads\/2025\/08\/las-novedades-de-la-semana-de-primark-los-basicos-y-las-tendencias-mas-asequibles-para-vestir-en-otono-6.jpg\" class=\"v-mdl__img-z\" width=\"650\" height=\"650\" alt>\n<\/div>\n<\/div>\n<\/div>\n<p><span class=\"v-bdp\"><\/span><br \/>\n<\/article>\n<\/div>\n<\/div>\n<p><h3 class=\"v-cmp-suh\">\nVestido de antelina (20 euros)<br \/>\n<\/h3>\n<\/p>\n<p class=\"voc-paragraph\">Con estilo pichi, puedes llevar la <strong>tendencia del tejido de ante<\/strong> con este vestido corto tan f\u00e1cil de llevar y elegante. Puedes combinarlo con camisas debajo y queda genial con <a href=\"https:\/\/www.mujerhoy.com\/moda\/tendencias\/zapatos-tendencia-primavera-mocasines-basicos-imprescindibles-20250302130217-nt.html\" data-voc-vtm-id=\"in-text-traffic\" title=\"mocasines cl\u00e1sicos\" data-mrf-link=\"www.mujerhoy.com\">mocasines cl\u00e1sicos<\/a> y blazers oversize para ir a la oficina. Es una compra esencial y un acierto seguro. Adem\u00e1s, Primark lo tiene disponible en marr\u00f3n chocolate o tostado.<\/p>\n<div class=\"v-c-cmp v-c-cmp--s\">\n<div class=\"v-cmp-m \">\n<article class=\"v-a v-a--cmp-m v-c-cmp--m-z\">\n<div class=\"v-a-img-c \">\n<div class=\"v-a-fig\">\n<button class=\"v-a-link\" popovertarget=\"photo-911\"><br \/>\n<img loading=\"lazy\" src=\"http:\/\/cordobainforma.info\/wp-content\/uploads\/2025\/08\/las-novedades-de-la-semana-de-primark-los-basicos-y-las-tendencias-mas-asequibles-para-vestir-en-otono-7.jpg\" class=\"v-a-img\" width=\"650\" height=\"650\" alt=\"Falda corta de tablas\" data-voc-vtm-id=\"in-text-traffic\"> <\/button><figcaption class=\"v-fc\">\n<span class=\"v-fc__t\"><br \/>\nFalda corta de tablas<br \/>\n<\/span><br \/>\n<span class=\"v-fc__p\"><br \/>\nPRIMARK<br \/>\n<\/span><br \/>\n<\/figcaption><\/div>\n<\/div>\n<div id=\"photo-911\" popover class=\"v-mdl v-mdl--fw\">\n<button class=\"v-x\" popovertarget=\"photo-911\" popovertargetaction=\"hide\"><br \/>\n<span class=\"v-i\"><br \/>\n<svg width=\"24\" height=\"23.996\" viewBox=\"0 0 24 23.996\">\n<path data-name=\"Uni\u00f3n 29\" d=\"M12,14.03,2.031,24,0,21.963,9.968,12,0,2.033,2.031,0,12,9.966,21.969,0,24,2.033,14.032,12,24,21.963,21.969,24Z\" \/>\n<\/svg><br \/>\n<\/span><br \/>\n<\/button><\/p>\n<div class=\"v-mdl__c\">\n<div class=\"v-mdl__w\">\n<img loading=\"lazy\" src=\"http:\/\/cordobainforma.info\/wp-content\/uploads\/2025\/08\/las-novedades-de-la-semana-de-primark-los-basicos-y-las-tendencias-mas-asequibles-para-vestir-en-otono-7.jpg\" class=\"v-mdl__img-z\" width=\"650\" height=\"650\" alt>\n<\/div>\n<\/div>\n<\/div>\n<p><span class=\"v-bdp\"><\/span><br \/>\n<\/article>\n<\/div>\n<\/div>\n<p><h3 class=\"v-cmp-suh\">\nFalda de tablas (18 euros)<br \/>\n<\/h3>\n<\/p>\n<p class=\"voc-paragraph\">Un <strong>esencial del armario para la oficina<\/strong>. La minifalda de tablas ha pasado de ser una tendencia a ya un cl\u00e1sico en el guardarropa de la rentr\u00e9e o vuelta al trabajo. Lo admite todo, desde <a href=\"https:\/\/www.mujerhoy.com\/moda\/no-te-pierdas\/camisa-basica-fondo-armario-primavera-zara-20250325134614-nt.html\" data-voc-vtm-id=\"in-text-traffic\" title=\"camisas cl\u00e1sicas\" data-mrf-link=\"www.mujerhoy.com\">camisas cl\u00e1sicas<\/a> por dentro con zapatos de tac\u00f3n bajo hasta sudaderas con mocasines o chalecos de punto con camisetas b\u00e1sicas debajo.<\/p>\n<div class=\"v-c-cmp v-c-cmp--s\">\n<div class=\"v-cmp-m \">\n<article class=\"v-a v-a--cmp-m v-c-cmp--m-z\">\n<div class=\"v-a-img-c \">\n<div class=\"v-a-fig\">\n<button class=\"v-a-link\" popovertarget=\"photo-824\"><br \/>\n<img loading=\"lazy\" src=\"http:\/\/cordobainforma.info\/wp-content\/uploads\/2025\/08\/las-novedades-de-la-semana-de-primark-los-basicos-y-las-tendencias-mas-asequibles-para-vestir-en-otono-8.jpg\" class=\"v-a-img\" width=\"650\" height=\"650\" alt=\"Blusa con peplum\" data-voc-vtm-id=\"in-text-traffic\"> <\/button><figcaption class=\"v-fc\">\n<span class=\"v-fc__t\"><br \/>\nBlusa con peplum<br \/>\n<\/span><br \/>\n<span class=\"v-fc__p\"><br \/>\nPRIMARK<br \/>\n<\/span><br \/>\n<\/figcaption><\/div>\n<\/div>\n<div id=\"photo-824\" popover class=\"v-mdl v-mdl--fw\">\n<button class=\"v-x\" popovertarget=\"photo-824\" popovertargetaction=\"hide\"><br \/>\n<span class=\"v-i\"><br \/>\n<svg width=\"24\" height=\"23.996\" viewBox=\"0 0 24 23.996\">\n<path data-name=\"Uni\u00f3n 29\" d=\"M12,14.03,2.031,24,0,21.963,9.968,12,0,2.033,2.031,0,12,9.966,21.969,0,24,2.033,14.032,12,24,21.963,21.969,24Z\" \/>\n<\/svg><br \/>\n<\/span><br \/>\n<\/button><\/p>\n<div class=\"v-mdl__c\">\n<div class=\"v-mdl__w\">\n<img loading=\"lazy\" src=\"http:\/\/cordobainforma.info\/wp-content\/uploads\/2025\/08\/las-novedades-de-la-semana-de-primark-los-basicos-y-las-tendencias-mas-asequibles-para-vestir-en-otono-8.jpg\" class=\"v-mdl__img-z\" width=\"650\" height=\"650\" alt>\n<\/div>\n<\/div>\n<\/div>\n<p><span class=\"v-bdp\"><\/span><br \/>\n<\/article>\n<\/div>\n<\/div>\n<p><h3 class=\"v-cmp-suh\">\nBlusa con peplum (18 euros)<br \/>\n<\/h3>\n<\/p>\n<p class=\"voc-paragraph\">Tienes que hacerte con una parte de arriba tan bonita y chic con esta <strong>blusa abullonada<\/strong> que no parar\u00e1s de usar esta temporada, cuando no sepas que ponerte. Queda fenomenal con vaqueros anchos y <a href=\"https:\/\/www.mujerhoy.com\/moda\/tendencias\/zapatillas-favoritas-celebrities-puma-palermo-rebajadisimas-euros-20250724123757-nt.html\" data-voc-vtm-id=\"in-text-traffic\" title=\"zapatillas deportivas\" data-mrf-link=\"www.mujerhoy.com\">zapatillas deportivas<\/a> o mary jane, pero tambi\u00e9n al estilo bohemio con bolsos de flecos y botines cowboy.<\/p>\n<div class=\"v-c-cmp v-c-cmp--s\">\n<div class=\"v-cmp-m \">\n<article class=\"v-a v-a--cmp-m v-c-cmp--m-z\">\n<div class=\"v-a-img-c \">\n<div class=\"v-a-fig\">\n<button class=\"v-a-link\" popovertarget=\"photo-107\"><br \/>\n<img loading=\"lazy\" src=\"http:\/\/cordobainforma.info\/wp-content\/uploads\/2025\/08\/las-novedades-de-la-semana-de-primark-los-basicos-y-las-tendencias-mas-asequibles-para-vestir-en-otono-9.jpg\" class=\"v-a-img\" width=\"650\" height=\"650\" alt=\"Gabardina cruzada corta\" data-voc-vtm-id=\"in-text-traffic\"> <\/button><figcaption class=\"v-fc\">\n<span class=\"v-fc__t\"><br \/>\nGabardina cruzada corta<br \/>\n<\/span><br \/>\n<span class=\"v-fc__p\"><br \/>\nPRIMARK<br \/>\n<\/span><br \/>\n<\/figcaption><\/div>\n<\/div>\n<div id=\"photo-107\" popover class=\"v-mdl v-mdl--fw\">\n<button class=\"v-x\" popovertarget=\"photo-107\" popovertargetaction=\"hide\"><br \/>\n<span class=\"v-i\"><br \/>\n<svg width=\"24\" height=\"23.996\" viewBox=\"0 0 24 23.996\">\n<path data-name=\"Uni\u00f3n 29\" d=\"M12,14.03,2.031,24,0,21.963,9.968,12,0,2.033,2.031,0,12,9.966,21.969,0,24,2.033,14.032,12,24,21.963,21.969,24Z\" \/>\n<\/svg><br \/>\n<\/span><br \/>\n<\/button><\/p>\n<div class=\"v-mdl__c\">\n<div class=\"v-mdl__w\">\n<img loading=\"lazy\" src=\"http:\/\/cordobainforma.info\/wp-content\/uploads\/2025\/08\/las-novedades-de-la-semana-de-primark-los-basicos-y-las-tendencias-mas-asequibles-para-vestir-en-otono-9.jpg\" class=\"v-mdl__img-z\" width=\"650\" height=\"650\" alt>\n<\/div>\n<\/div>\n<\/div>\n<p><span class=\"v-bdp\"><\/span><br \/>\n<\/article>\n<\/div>\n<\/div>\n<p><h3 class=\"v-cmp-suh\">\nGabardina corta cuadrada (26 euros)<br \/>\n<\/h3>\n<\/p>\n<p class=\"voc-paragraph\">No hay una prenda m\u00e1s esencial en el fondo de armario de oto\u00f1o y entretiempo como la gabardina. El <strong>cl\u00e1sico trench<\/strong> es la mejor prenda de abrigo en la que invertir. Aunque, igual de estilosa se ve esta versi\u00f3n corta de cierre cruzado con doble botonadura que queda ideal con vestidos y botas altas o con <a href=\"https:\/\/www.mujerhoy.com\/moda\/no-te-pierdas\/pantalones-vestir-baratos-look-oficina-stradivarius-20250310133121-nt.html\" data-voc-vtm-id=\"in-text-traffic\" title=\"pantalones de traje\" data-mrf-link=\"www.mujerhoy.com\">pantalones de traje<\/a>.<\/p>\n<div class=\"v-c-cmp v-c-cmp--s\">\n<div class=\"v-cmp-m \">\n<article class=\"v-a v-a--cmp-m v-c-cmp--m-z\">\n<div class=\"v-a-img-c \">\n<div class=\"v-a-fig\">\n<button class=\"v-a-link\" popovertarget=\"photo-292\"><br \/>\n<img loading=\"lazy\" src=\"http:\/\/cordobainforma.info\/wp-content\/uploads\/2025\/08\/las-novedades-de-la-semana-de-primark-los-basicos-y-las-tendencias-mas-asequibles-para-vestir-en-otono-10.jpg\" class=\"v-a-img\" width=\"650\" height=\"650\" alt=\"Pantalones palazzo satinados\" data-voc-vtm-id=\"in-text-traffic\"> <\/button><figcaption class=\"v-fc\">\n<span class=\"v-fc__t\"><br \/>\nPantalones palazzo satinados<br \/>\n<\/span><br \/>\n<span class=\"v-fc__p\"><br \/>\nPRIMARK<br \/>\n<\/span><br \/>\n<\/figcaption><\/div>\n<\/div>\n<div id=\"photo-292\" popover class=\"v-mdl v-mdl--fw\">\n<button class=\"v-x\" popovertarget=\"photo-292\" popovertargetaction=\"hide\"><br \/>\n<span class=\"v-i\"><br \/>\n<svg width=\"24\" height=\"23.996\" viewBox=\"0 0 24 23.996\">\n<path data-name=\"Uni\u00f3n 29\" d=\"M12,14.03,2.031,24,0,21.963,9.968,12,0,2.033,2.031,0,12,9.966,21.969,0,24,2.033,14.032,12,24,21.963,21.969,24Z\" \/>\n<\/svg><br \/>\n<\/span><br \/>\n<\/button><\/p>\n<div class=\"v-mdl__c\">\n<div class=\"v-mdl__w\">\n<img loading=\"lazy\" src=\"http:\/\/cordobainforma.info\/wp-content\/uploads\/2025\/08\/las-novedades-de-la-semana-de-primark-los-basicos-y-las-tendencias-mas-asequibles-para-vestir-en-otono-10.jpg\" class=\"v-mdl__img-z\" width=\"650\" height=\"650\" alt>\n<\/div>\n<\/div>\n<\/div>\n<p><span class=\"v-bdp\"><\/span><br \/>\n<\/article>\n<\/div>\n<\/div>\n<p><h3 class=\"v-cmp-suh\">\nPantalones de sat\u00e9n (26 euros)<br \/>\n<\/h3>\n<\/p>\n<p class=\"voc-paragraph\">Para las amantes de la comodidad, la mejor forma de vestir bien y con mucho estilo sin sacrificar el confort es con estos <strong>pantalones anchos<\/strong> y fluidos. Son perfectos para <a href=\"https:\/\/www.mujerhoy.com\/moda\/no-te-pierdas\/blazers-basicos-fondo-armario-rebajas-zara-20250707104658-nt.html\" data-voc-vtm-id=\"in-text-traffic\" title=\"ponerte con chaquetas\" data-mrf-link=\"www.mujerhoy.com\">ponerte con chaquetas<\/a> y camisas o con camisetas b\u00e1sicas, brazaletes y zapatillas deportivas. Porque, la verdad es que combinan con todo lo que les pongas.<\/p>\n<div class=\"v-c-cmp v-c-cmp--s\">\n<div class=\"v-cmp-m \">\n<article class=\"v-a v-a--cmp-m v-c-cmp--m-z\">\n<div class=\"v-a-img-c \">\n<div class=\"v-a-fig\">\n<button class=\"v-a-link\" popovertarget=\"photo-240\"><br \/>\n<img loading=\"lazy\" src=\"http:\/\/cordobainforma.info\/wp-content\/uploads\/2025\/08\/las-novedades-de-la-semana-de-primark-los-basicos-y-las-tendencias-mas-asequibles-para-vestir-en-otono-11.jpg\" class=\"v-a-img\" width=\"650\" height=\"650\" alt=\"Camiseta con broche\" data-voc-vtm-id=\"in-text-traffic\"> <\/button><figcaption class=\"v-fc\">\n<span class=\"v-fc__t\"><br \/>\nCamiseta con broche<br \/>\n<\/span><br \/>\n<span class=\"v-fc__p\"><br \/>\nPRIMARK<br \/>\n<\/span><br \/>\n<\/figcaption><\/div>\n<\/div>\n<div id=\"photo-240\" popover class=\"v-mdl v-mdl--fw\">\n<button class=\"v-x\" popovertarget=\"photo-240\" popovertargetaction=\"hide\"><br \/>\n<span class=\"v-i\"><br \/>\n<svg width=\"24\" height=\"23.996\" viewBox=\"0 0 24 23.996\">\n<path data-name=\"Uni\u00f3n 29\" d=\"M12,14.03,2.031,24,0,21.963,9.968,12,0,2.033,2.031,0,12,9.966,21.969,0,24,2.033,14.032,12,24,21.963,21.969,24Z\" \/>\n<\/svg><br \/>\n<\/span><br \/>\n<\/button><\/p>\n<div class=\"v-mdl__c\">\n<div class=\"v-mdl__w\">\n<img loading=\"lazy\" src=\"http:\/\/cordobainforma.info\/wp-content\/uploads\/2025\/08\/las-novedades-de-la-semana-de-primark-los-basicos-y-las-tendencias-mas-asequibles-para-vestir-en-otono-11.jpg\" class=\"v-mdl__img-z\" width=\"650\" height=\"650\" alt>\n<\/div>\n<\/div>\n<\/div>\n<p><span class=\"v-bdp\"><\/span><br \/>\n<\/article>\n<\/div>\n<\/div>\n<p><h3 class=\"v-cmp-suh\">\nCamiseta con cintura ce\u00f1ida (12 euros)<br \/>\n<\/h3>\n<\/p>\n<p class=\"voc-paragraph\">Si te encantan los b\u00e1sicos, pero no quieres ir demasiado desarreglada, esto es lo que necesitas. Es la versi\u00f3n elevada de la <strong>camiseta b\u00e1sica<\/strong>, solo que con la cintura entallada para hacer efecto tipazo y el detalle de un broche met\u00e1lico dorado que le aporta mucha elegancia. La conjuntar\u00e1s tanto con pantalones de vestir como con faldas <a href=\"https:\/\/www.mujerhoy.com\/moda\/no-te-pierdas\/vaqueros-pantalones-mejor-sientan-mango-como-llevarlos-20250731123743-nt.html\" data-voc-vtm-id=\"in-text-traffic\" title=\"o vaqueros\" data-mrf-link=\"www.mujerhoy.com\">o vaqueros<\/a>.<\/p>\n<div class=\"v-c-cmp v-c-cmp--s\">\n<div class=\"v-cmp-m \">\n<article class=\"v-a v-a--cmp-m v-c-cmp--m-z\">\n<div class=\"v-a-img-c \">\n<div class=\"v-a-fig\">\n<button class=\"v-a-link\" popovertarget=\"photo-388\"><br \/>\n<img loading=\"lazy\" src=\"http:\/\/cordobainforma.info\/wp-content\/uploads\/2025\/08\/las-novedades-de-la-semana-de-primark-los-basicos-y-las-tendencias-mas-asequibles-para-vestir-en-otono-12.jpg\" class=\"v-a-img\" width=\"650\" height=\"650\" alt=\"Zapatillas de leopardo\" data-voc-vtm-id=\"in-text-traffic\"> <\/button><figcaption class=\"v-fc\">\n<span class=\"v-fc__t\"><br \/>\nZapatillas de leopardo<br \/>\n<\/span><br \/>\n<span class=\"v-fc__p\"><br \/>\nPRIMARK<br \/>\n<\/span><br \/>\n<\/figcaption><\/div>\n<\/div>\n<div id=\"photo-388\" popover class=\"v-mdl v-mdl--fw\">\n<button class=\"v-x\" popovertarget=\"photo-388\" popovertargetaction=\"hide\"><br \/>\n<span class=\"v-i\"><br \/>\n<svg width=\"24\" height=\"23.996\" viewBox=\"0 0 24 23.996\">\n<path data-name=\"Uni\u00f3n 29\" d=\"M12,14.03,2.031,24,0,21.963,9.968,12,0,2.033,2.031,0,12,9.966,21.969,0,24,2.033,14.032,12,24,21.963,21.969,24Z\" \/>\n<\/svg><br \/>\n<\/span><br \/>\n<\/button><\/p>\n<div class=\"v-mdl__c\">\n<div class=\"v-mdl__w\">\n<img loading=\"lazy\" src=\"http:\/\/cordobainforma.info\/wp-content\/uploads\/2025\/08\/las-novedades-de-la-semana-de-primark-los-basicos-y-las-tendencias-mas-asequibles-para-vestir-en-otono-12.jpg\" class=\"v-mdl__img-z\" width=\"650\" height=\"650\" alt>\n<\/div>\n<\/div>\n<\/div>\n<p><span class=\"v-bdp\"><\/span><br \/>\n<\/article>\n<\/div>\n<\/div>\n<p><h3 class=\"v-cmp-suh\">\nDeportivas con estampado animal (17 euros)<br \/>\n<\/h3>\n<\/p>\n<p class=\"voc-paragraph\">Volvemos a la rutina y eso significa estar todo el d\u00eda fuera de casa, de aqu\u00ed para all\u00e1. Por eso, necesitamos de calzado c\u00f3modo y mejor elegir modelos a la moda como estas zapatillas deportivas. Y es que el <strong>animal print<\/strong> estar\u00e1 muy de moda el pr\u00f3ximo oto\u00f1o. Y lo llevar\u00e1s con estilo y f\u00e1cilmente gracias a estos zapatos que son un esencial entre las influencers. \u00dasalos con <a href=\"https:\/\/www.mujerhoy.com\/moda\/no-te-pierdas\/blusas-lazo-tendencia-verano-sienta-bien-zara-20250803090715-nt.html\" data-voc-vtm-id=\"in-text-traffic\" title=\"blusas bonitas\" data-mrf-link=\"www.mujerhoy.com\">blusas bonitas<\/a> y vaqueros.<\/p>\n<div class=\"v-c-cmp v-c-cmp--t1 \">\n<div class=\"v-cmp-rld v-cmp-rld--2 \">\n<div class=\"v-cnt-m v-cnt-m--m\">\n<div class=\"v-cnt-m__c\">\n<div class=\"v-cnt-m__w v-cnt-m__w--1\">\n<p class=\"v-cnt-m__t\">\nTAMBI\u00c9N TE INTERESA\n<\/p>\n<\/div>\n<\/div>\n<\/div>\n<div class=\"v-g v-g--2-c v-g--bdr-min-xs\">\n<div class=\"v-g__c \">\n<article class=\"v-a v-a--cmp-rld v-a--cmp-rld-2 v-a--p-l\">\n<div class=\"v-a-img-c\">\n<figure class=\"v-a-fig\">\n<a href=\"https:\/\/www.mujerhoy.com\/moda\/no-te-pierdas\/blusas-blancas-volantes-boho-chic-rebajas-prenda-tendencia-zara-stradivarius-20250729082721-nt.html#vtm_modulosEngag=mod-rel:moda:noticia:1:cmp:2-not\" class=\"v-a-link\" title=\"Blusas boho blancas, la prenda de rebajas que necesitas en tu armario seg\u00fan toda experta en moda\"><br \/>\n<img loading=\"lazy\" class=\"v-a-img\" src=\"http:\/\/cordobainforma.info\/wp-content\/uploads\/2025\/08\/las-novedades-de-la-semana-de-primark-los-basicos-y-las-tendencias-mas-asequibles-para-vestir-en-otono-13.jpg\" alt=\"Blusas boho blancas, la prenda de rebajas que necesitas en tu armario seg\u00fan toda experta en moda\"><br \/>\n<\/a><br \/>\n<\/figure>\n<\/div>\n<\/article>\n<\/div>\n<div class=\"v-g__c \">\n<article class=\"v-a v-a--cmp-rld v-a--cmp-rld-2 v-a--p-l\">\n<div class=\"v-a-img-c\">\n<figure class=\"v-a-fig\">\n<a href=\"https:\/\/www.mujerhoy.com\/moda\/no-te-pierdas\/camisa-blanca-basicos-baratos-verano-nuevo-20250712111248-nt.html#vtm_modulosEngag=mod-rel:moda:noticia:2:cmp:2-not\" class=\"v-a-link\" title=\"El chaleco de lino es la prenda que te soluciona el \u00abqu\u00e9 me pongo\u00bb durante los meses de verano\"><br \/>\n<img loading=\"lazy\" class=\"v-a-img\" src=\"http:\/\/cordobainforma.info\/wp-content\/uploads\/2025\/08\/las-novedades-de-la-semana-de-primark-los-basicos-y-las-tendencias-mas-asequibles-para-vestir-en-otono-14.jpg\" alt=\"El chaleco de lino es la prenda que te soluciona el \u00abqu\u00e9 me pongo\u00bb durante los meses de verano\"><br \/>\n<\/a><br \/>\n<\/figure>\n<\/div>\n<\/article>\n<\/div>\n<\/div>\n<\/div>\n<\/div>\n","protected":false},"excerpt":{"rendered":"<p>En las marcas low cost est\u00e1 todo lo que necesitas para renovar el armario. Porque con la llegada de septiembre tambi\u00e9n llegan los nuevos prop\u00f3sitos y la limpieza, el orden y puede que un cambio de estilo est\u00e9 en tu lista pendiente. Por eso, la nueva colecci\u00f3n de Primark es a donde ir a por [&hellip;]<\/p>\n","protected":false},"author":1,"featured_media":164307,"comment_status":"closed","ping_status":"closed","sticky":false,"template":"","format":"standard","meta":[],"categories":[24],"tags":[],"_links":{"self":[{"href":"http:\/\/cordobainforma.info\/index.php\/wp-json\/wp\/v2\/posts\/164306"}],"collection":[{"href":"http:\/\/cordobainforma.info\/index.php\/wp-json\/wp\/v2\/posts"}],"about":[{"href":"http:\/\/cordobainforma.info\/index.php\/wp-json\/wp\/v2\/types\/post"}],"author":[{"embeddable":true,"href":"http:\/\/cordobainforma.info\/index.php\/wp-json\/wp\/v2\/users\/1"}],"replies":[{"embeddable":true,"href":"http:\/\/cordobainforma.info\/index.php\/wp-json\/wp\/v2\/comments?post=164306"}],"version-history":[{"count":0,"href":"http:\/\/cordobainforma.info\/index.php\/wp-json\/wp\/v2\/posts\/164306\/revisions"}],"wp:featuredmedia":[{"embeddable":true,"href":"http:\/\/cordobainforma.info\/index.php\/wp-json\/wp\/v2\/media\/164307"}],"wp:attachment":[{"href":"http:\/\/cordobainforma.info\/index.php\/wp-json\/wp\/v2\/media?parent=164306"}],"wp:term":[{"taxonomy":"category","embeddable":true,"href":"http:\/\/cordobainforma.info\/index.php\/wp-json\/wp\/v2\/categories?post=164306"},{"taxonomy":"post_tag","embeddable":true,"href":"http:\/\/cordobainforma.info\/index.php\/wp-json\/wp\/v2\/tags?post=164306"}],"curies":[{"name":"wp","href":"https:\/\/api.w.org\/{rel}","templated":true}]}}