{"id":164298,"date":"2025-08-09T10:30:00","date_gmt":"2025-08-09T10:30:00","guid":{"rendered":"http:\/\/cordobainforma.info\/index.php\/2025\/08\/09\/streaming-exclusivo-con-agustin-salvia-y-pablo-helman-como-hacer-que-el-desarrollo-se-traduzca-en-mejor-calidad-de-vida\/"},"modified":"2025-08-09T10:30:00","modified_gmt":"2025-08-09T10:30:00","slug":"streaming-exclusivo-con-agustin-salvia-y-pablo-helman-como-hacer-que-el-desarrollo-se-traduzca-en-mejor-calidad-de-vida","status":"publish","type":"post","link":"http:\/\/cordobainforma.info\/index.php\/2025\/08\/09\/streaming-exclusivo-con-agustin-salvia-y-pablo-helman-como-hacer-que-el-desarrollo-se-traduzca-en-mejor-calidad-de-vida\/","title":{"rendered":"Streaming exclusivo con Agust\u00edn Salvia y Pablo Helman: c\u00f3mo hacer que el desarrollo se traduzca en mejor calidad de vida"},"content":{"rendered":"<div class=\"media_block\"><\/div>\n<div><img src=\"http:\/\/cordobainforma.info\/wp-content\/uploads\/2025\/08\/streaming-exclusivo-con-agustin-salvia-y-pablo-helman-como-hacer-que-el-desarrollo-se-traduzca-en-mejor-calidad-de-vida.jpg\" class=\"ff-og-image-inserted\"><\/div>\n<p>El <strong>mi\u00e9rcoles 13 de agosto, a las 12 horas<\/strong>, los suscriptores digitales podr\u00e1n acceder a un streaming especial encabezado por el director del Observatorio de la Deuda Social de la Universidad Cat\u00f3lica Argentina (UCA), el soci\u00f3logo e investigador <a target=\"_blank\" href=\"https:\/\/www.perfil.com\/noticias\/modo-fontevecchia\/agustin-salvia-todavia-estamos-transitando-la-crisis-del-regimen-anterior-modof.phtml\" rel=\"noopener noreferrer\"><strong>Agust\u00edn Salvia<\/strong><\/a>, esta vez acompa\u00f1ado por <strong>Pablo Helman<\/strong>, Jefe de Redacci\u00f3n del <em>Diario Perfil<\/em>. El tema a abordar en la charla ser\u00e1 <strong>\u201cPobreza: \u00bfAlcanza con bajar la <a target=\"_blank\" href=\"https:\/\/www.perfil.com\/noticias\/economia\/la-inflacion-se-acelero-en-la-primera-semana-de-agosto-cuanto-impacto-la-suba-del-dolar.phtml\" rel=\"noopener noreferrer\">inflaci\u00f3n<\/a>?\u201d<\/strong>,<strong> un an\u00e1lisis en el que debatir\u00e1n sobre las formas c\u00f3mo conseguir que el crecimiento se transforme en una mejor calidad de vida, aun en este contexto complicado para los argentinos. <\/strong><\/p>\n<p>Como se sabe, el conflicto entre <a target=\"_blank\" href=\"https:\/\/www.perfil.com\/noticias\/politica\/javier-milei-habla-en-cadena-nacional-sobre-los-vetos-a-las-leyes-del-congreso.phtml\" rel=\"noopener noreferrer\"><strong>Javier Milei<\/strong><\/a> y el Congreso, que impulsa proyectos sociales, ha escalado todav\u00eda m\u00e1s tras la cadena nacional del Presidente este viernes 8 de agosto, ocasi\u00f3n en la que acus\u00f3 a los legisladores de socavar el super\u00e1vit fiscal y la estabilidad econ\u00f3mica para volver a llevar el pa\u00eds a la quiebra.<\/p>\n<p class=\"destacadoNota\"><a target=\"_blank\" href=\"https:\/\/www.perfil.com\/noticias\/politica\/javier-milei-habla-en-cadena-nacional-sobre-los-vetos-a-las-leyes-del-congreso.phtml\" rel=\"noopener noreferrer\">Milei: \u00abEl Congreso cree que se puede imprimir riqueza, eso lleva al colapso y no voy a permitirlo\u00bb<\/a><\/p>\n<div class=\"subscription\" readability=\"6.683257918552\">\n<p> Esto no les gusta a los autoritarios <\/p>\n<div class=\"subscription__container\" readability=\"6.1467391304348\">\n<div class=\"subscription__text-wrapper\" readability=\"31.20652173913\">\n<p> El ejercicio del periodismo profesional y cr\u00edtico es un pilar fundamental de la democracia. Por eso molesta a quienes creen ser los due\u00f1os de la verdad. <\/p>\n<\/p><\/div><\/div><\/div>\n<h2>La promesa del periodismo sin filtros<\/h2>\n<p><em>L\u00ednea Directa<\/em> es un espacio de an\u00e1lisis, donde la informaci\u00f3n se transforma en conocimiento. En un escenario nacional cada vez m\u00e1s complejo -con giros pol\u00edticos, sociales y econ\u00f3micos impredecibles-, este proyecto busca ofrecer respuestas desde un punto de vista cr\u00edtico, libre e independiente.<\/p>\n<h2>C\u00f3mo participar del streaming<\/h2>\n<p>La charla estar\u00e1 disponible de forma exclusiva para quienes cuenten con una suscripci\u00f3n activa a <em>Perfil<\/em>. Si ya est\u00e1s registrado, revis\u00e1 tu casilla desde el martes 12 de agosto para recibir tu invitaci\u00f3n personal. Y si a\u00fan no sos suscriptor, pod\u00e9s aprovechar la promoci\u00f3n vigente con el precio m\u00e1s bajo del a\u00f1o, ingresando en: <a target=\"_blank\" href=\"https:\/\/mi.perfil.com\/promo\/contenido-dinamico\" rel=\"noopener noreferrer\"><strong>https:\/\/mi.perfil.com\/promo\/contenido-dinamico<\/strong><\/a><\/p>\n<p class=\"destacadoNota\"><a target=\"_blank\" href=\"https:\/\/Agust\u00edn Salvia explic\u00f3 por qu\u00e9\" rel=\"noopener noreferrer\">Agust\u00edn Salvia explic\u00f3 por qu\u00e9 \u00abno hay mucho que festejar\u00bb sobre la ca\u00edda de la pobreza que celebra Milei<\/a><\/p>\n<p>Esta semana, suscribi\u00e9ndote al <em>Plan Total de Perfil <\/em>con el mayor descuento, no solo acced\u00e9s a todo nuestro contenido sin l\u00edmites, al Kiosco Digital, charlas exclusivas y cursos gratuitos, sino que adem\u00e1s particip\u00e1s por un premio especial: una caja de copas de vino <strong>Schott Zwiesel<\/strong>, la marca alemana reconocida en todo el mundo por su dise\u00f1o y durabilidad.<\/p>\n<p>No es cualquier copa: el cristal Tritan\u00ae de Schott Zwiesel combina elegancia, resistencia y una pureza que realza cada vino. Y pod\u00e9s llev\u00e1rtelas gratis, solo por elegir el Plan Total esta semana.<\/p>\n","protected":false},"excerpt":{"rendered":"<p>El mi\u00e9rcoles 13 de agosto, a las 12 horas, los suscriptores digitales podr\u00e1n acceder a un streaming especial encabezado por el director del Observatorio de la Deuda Social de la Universidad Cat\u00f3lica Argentina (UCA), el soci\u00f3logo e investigador Agust\u00edn Salvia, esta vez acompa\u00f1ado por Pablo Helman, Jefe de Redacci\u00f3n del Diario Perfil. El tema a [&hellip;]<\/p>\n","protected":false},"author":1,"featured_media":164299,"comment_status":"closed","ping_status":"closed","sticky":false,"template":"","format":"standard","meta":[],"categories":[2],"tags":[],"_links":{"self":[{"href":"http:\/\/cordobainforma.info\/index.php\/wp-json\/wp\/v2\/posts\/164298"}],"collection":[{"href":"http:\/\/cordobainforma.info\/index.php\/wp-json\/wp\/v2\/posts"}],"about":[{"href":"http:\/\/cordobainforma.info\/index.php\/wp-json\/wp\/v2\/types\/post"}],"author":[{"embeddable":true,"href":"http:\/\/cordobainforma.info\/index.php\/wp-json\/wp\/v2\/users\/1"}],"replies":[{"embeddable":true,"href":"http:\/\/cordobainforma.info\/index.php\/wp-json\/wp\/v2\/comments?post=164298"}],"version-history":[{"count":0,"href":"http:\/\/cordobainforma.info\/index.php\/wp-json\/wp\/v2\/posts\/164298\/revisions"}],"wp:featuredmedia":[{"embeddable":true,"href":"http:\/\/cordobainforma.info\/index.php\/wp-json\/wp\/v2\/media\/164299"}],"wp:attachment":[{"href":"http:\/\/cordobainforma.info\/index.php\/wp-json\/wp\/v2\/media?parent=164298"}],"wp:term":[{"taxonomy":"category","embeddable":true,"href":"http:\/\/cordobainforma.info\/index.php\/wp-json\/wp\/v2\/categories?post=164298"},{"taxonomy":"post_tag","embeddable":true,"href":"http:\/\/cordobainforma.info\/index.php\/wp-json\/wp\/v2\/tags?post=164298"}],"curies":[{"name":"wp","href":"https:\/\/api.w.org\/{rel}","templated":true}]}}