{"id":164293,"date":"2025-08-09T02:08:37","date_gmt":"2025-08-09T02:08:37","guid":{"rendered":"http:\/\/cordobainforma.info\/index.php\/2025\/08\/09\/el-presidente-de-la-uic-expreso-su-preocupacion-por-la-falta-de-politicas-para-la-micro-economia\/"},"modified":"2025-08-09T02:08:37","modified_gmt":"2025-08-09T02:08:37","slug":"el-presidente-de-la-uic-expreso-su-preocupacion-por-la-falta-de-politicas-para-la-micro-economia","status":"publish","type":"post","link":"http:\/\/cordobainforma.info\/index.php\/2025\/08\/09\/el-presidente-de-la-uic-expreso-su-preocupacion-por-la-falta-de-politicas-para-la-micro-economia\/","title":{"rendered":"El presidente de la UIC expres\u00f3 su preocupaci\u00f3n por la falta de pol\u00edticas para la micro <b>econom\u00eda<\/b>"},"content":{"rendered":"<p>&quot;La <b>nueva<\/b> variante de COVID no es m\u00e1s grave, ni m\u00e1s transmisible que &#8230; El Centro de Almaceneros de <b>C\u00f3rdoba<\/b> registr\u00f3 una inflaci\u00f3n del 1,5% en julio. <\/p>\n","protected":false},"excerpt":{"rendered":"<p>&quot;La nueva variante de COVID no es m\u00e1s grave, ni m\u00e1s transmisible que &#8230; El Centro de Almaceneros de C\u00f3rdoba registr\u00f3 una inflaci\u00f3n del 1,5% en julio.<\/p>\n","protected":false},"author":1,"featured_media":0,"comment_status":"closed","ping_status":"closed","sticky":false,"template":"","format":"standard","meta":[],"categories":[23],"tags":[],"_links":{"self":[{"href":"http:\/\/cordobainforma.info\/index.php\/wp-json\/wp\/v2\/posts\/164293"}],"collection":[{"href":"http:\/\/cordobainforma.info\/index.php\/wp-json\/wp\/v2\/posts"}],"about":[{"href":"http:\/\/cordobainforma.info\/index.php\/wp-json\/wp\/v2\/types\/post"}],"author":[{"embeddable":true,"href":"http:\/\/cordobainforma.info\/index.php\/wp-json\/wp\/v2\/users\/1"}],"replies":[{"embeddable":true,"href":"http:\/\/cordobainforma.info\/index.php\/wp-json\/wp\/v2\/comments?post=164293"}],"version-history":[{"count":0,"href":"http:\/\/cordobainforma.info\/index.php\/wp-json\/wp\/v2\/posts\/164293\/revisions"}],"wp:attachment":[{"href":"http:\/\/cordobainforma.info\/index.php\/wp-json\/wp\/v2\/media?parent=164293"}],"wp:term":[{"taxonomy":"category","embeddable":true,"href":"http:\/\/cordobainforma.info\/index.php\/wp-json\/wp\/v2\/categories?post=164293"},{"taxonomy":"post_tag","embeddable":true,"href":"http:\/\/cordobainforma.info\/index.php\/wp-json\/wp\/v2\/tags?post=164293"}],"curies":[{"name":"wp","href":"https:\/\/api.w.org\/{rel}","templated":true}]}}