{"id":164292,"date":"2025-08-09T02:13:01","date_gmt":"2025-08-09T02:13:01","guid":{"rendered":"http:\/\/cordobainforma.info\/index.php\/2025\/08\/09\/javier-milei-en-cadena-nacional-sacamos-de-la-pobreza-a-mas-de-12-millones-de-personas\/"},"modified":"2025-08-09T02:13:01","modified_gmt":"2025-08-09T02:13:01","slug":"javier-milei-en-cadena-nacional-sacamos-de-la-pobreza-a-mas-de-12-millones-de-personas","status":"publish","type":"post","link":"http:\/\/cordobainforma.info\/index.php\/2025\/08\/09\/javier-milei-en-cadena-nacional-sacamos-de-la-pobreza-a-mas-de-12-millones-de-personas\/","title":{"rendered":"Javier Milei en Cadena Nacional: &quot;Sacamos de la pobreza a m\u00e1s de 12 millones de personas&quot;"},"content":{"rendered":"<p>Acompa\u00f1ado del equipo econ\u00f3mico, donde destac\u00f3 la figura del ministro de <b>Econom\u00eda<\/b> &#8230; nuevos fondos para jubilados y la emergencia de&nbsp;&#8230; <\/p>\n","protected":false},"excerpt":{"rendered":"<p>Acompa\u00f1ado del equipo econ\u00f3mico, donde destac\u00f3 la figura del ministro de Econom\u00eda &#8230; nuevos fondos para jubilados y la emergencia de&nbsp;&#8230;<\/p>\n","protected":false},"author":1,"featured_media":0,"comment_status":"closed","ping_status":"closed","sticky":false,"template":"","format":"standard","meta":[],"categories":[23],"tags":[],"_links":{"self":[{"href":"http:\/\/cordobainforma.info\/index.php\/wp-json\/wp\/v2\/posts\/164292"}],"collection":[{"href":"http:\/\/cordobainforma.info\/index.php\/wp-json\/wp\/v2\/posts"}],"about":[{"href":"http:\/\/cordobainforma.info\/index.php\/wp-json\/wp\/v2\/types\/post"}],"author":[{"embeddable":true,"href":"http:\/\/cordobainforma.info\/index.php\/wp-json\/wp\/v2\/users\/1"}],"replies":[{"embeddable":true,"href":"http:\/\/cordobainforma.info\/index.php\/wp-json\/wp\/v2\/comments?post=164292"}],"version-history":[{"count":0,"href":"http:\/\/cordobainforma.info\/index.php\/wp-json\/wp\/v2\/posts\/164292\/revisions"}],"wp:attachment":[{"href":"http:\/\/cordobainforma.info\/index.php\/wp-json\/wp\/v2\/media?parent=164292"}],"wp:term":[{"taxonomy":"category","embeddable":true,"href":"http:\/\/cordobainforma.info\/index.php\/wp-json\/wp\/v2\/categories?post=164292"},{"taxonomy":"post_tag","embeddable":true,"href":"http:\/\/cordobainforma.info\/index.php\/wp-json\/wp\/v2\/tags?post=164292"}],"curies":[{"name":"wp","href":"https:\/\/api.w.org\/{rel}","templated":true}]}}