{"id":164258,"date":"2025-08-09T01:29:17","date_gmt":"2025-08-09T01:29:17","guid":{"rendered":"https:\/\/www.clarin.com\/deportes\/insolito-motivo-marcos-rojo-podria-jugar-torneo-clausura-racing_0_1w9aOCnGL9.html"},"modified":"2025-08-09T01:29:17","modified_gmt":"2025-08-09T01:29:17","slug":"el-insolito-motivo-por-el-que-marcos-rojo-no-podria-jugar-el-torneo-clausura-para-racing","status":"publish","type":"post","link":"http:\/\/cordobainforma.info\/index.php\/2025\/08\/09\/el-insolito-motivo-por-el-que-marcos-rojo-no-podria-jugar-el-torneo-clausura-para-racing\/","title":{"rendered":"El ins\u00f3lito motivo por el que Marcos Rojo no podr\u00eda jugar el Torneo Clausura para Racing"},"content":{"rendered":"<p><img src=\"http:\/\/cordobainforma.info\/wp-content\/uploads\/2025\/08\/el-insolito-motivo-por-el-que-marcos-rojo-no-podria-jugar-el-torneo-clausura-para-racing.jpg\"><\/p>\n<div><img src=\"http:\/\/cordobainforma.info\/wp-content\/uploads\/2025\/08\/el-insolito-motivo-por-el-que-marcos-rojo-no-podria-jugar-el-torneo-clausura-para-racing-2.jpg\" class=\"ff-og-image-inserted\"><\/div>\n<div id=\"element-body-0\" readability=\"60\">\n<p><strong>Marcos Rojo no podr\u00eda disputar el Torneo Clausura para Racing.<\/strong> La confirmaci\u00f3n lleg\u00f3 en las \u00faltimas horas desde la Asociaci\u00f3n del F\u00fatbol Argentino (AFA) a Diego Milito, presidente de La Academia. El defensor solo est\u00e1 habilitado para jugar la Copa Argentina y la Copa Libertadores.<\/p>\n<\/div>\n<div id=\"element-body-1\" readability=\"60.900284900285\">\n<p>El impedimento tiene un motivo tan sencillo como ins\u00f3lito: <strong><a href=\"https:\/\/www.clarin.com\/deportes\/llego-rojo-racing-guino-complice-costas-problemita-apellido-bendicion-milito-saja-contrato-productividad_0_nDYH7M2ec4.html\" target=\"_blank\" title=\"Rojo qued\u00f3 libre\" alt=\"Rojo qued\u00f3 libre\" rel=\"noopener noreferrer\">Rojo qued\u00f3 libre<\/a> despu\u00e9s del 24 de julio a las 18<\/strong>, es decir, fuera del plazo l\u00edmite que establece el reglamento. <strong>Seg\u00fan el art\u00edculo 19.2.4 de AFA<\/strong>, para ser habilitado en un club durante el Clausura, el jugador en cuesti\u00f3n debe haber quedado en libertad de acci\u00f3n antes del 24 de julio.<\/p>\n<\/div>\n<div id=\"element-body-2\" readability=\"61\">\n<p>En este marco, tanto Rojo como Milito habr\u00edan llamado en las \u00faltimas horas a la dirigencia de Boca para intentar negociar la disoluci\u00f3n de la rescisi\u00f3n del contrato, un paso que podr\u00eda abrir una ventana para destrabar la situaci\u00f3n.<\/p>\n<\/div>\n<div id=\"element-body-3\" readability=\"63\">\n<p>El problema se agrava porque el defensor ya figura inscripto en el sistema COMET para Racing, lo que hace todav\u00eda m\u00e1s compleja cualquier maniobra administrativa. As\u00ed, mientras el plantel de Gustavo Costas encara la parte final de su preparaci\u00f3n, el futuro de Rojo en el campeonato local permanece en un limbo reglamentario que sorprende incluso a los dirigentes acad\u00e9micos.<\/p>\n<\/div>\n","protected":false},"excerpt":{"rendered":"<p>Marcos Rojo no podr\u00eda disputar el Torneo Clausura para Racing. La confirmaci\u00f3n lleg\u00f3 en las \u00faltimas horas desde la Asociaci\u00f3n del F\u00fatbol Argentino (AFA) a Diego Milito, presidente de La Academia. El defensor solo est\u00e1 habilitado para jugar la Copa Argentina y la Copa Libertadores. El impedimento tiene un motivo tan sencillo como ins\u00f3lito: Rojo [&hellip;]<\/p>\n","protected":false},"author":1,"featured_media":164259,"comment_status":"closed","ping_status":"closed","sticky":false,"template":"","format":"standard","meta":[],"categories":[20],"tags":[],"_links":{"self":[{"href":"http:\/\/cordobainforma.info\/index.php\/wp-json\/wp\/v2\/posts\/164258"}],"collection":[{"href":"http:\/\/cordobainforma.info\/index.php\/wp-json\/wp\/v2\/posts"}],"about":[{"href":"http:\/\/cordobainforma.info\/index.php\/wp-json\/wp\/v2\/types\/post"}],"author":[{"embeddable":true,"href":"http:\/\/cordobainforma.info\/index.php\/wp-json\/wp\/v2\/users\/1"}],"replies":[{"embeddable":true,"href":"http:\/\/cordobainforma.info\/index.php\/wp-json\/wp\/v2\/comments?post=164258"}],"version-history":[{"count":0,"href":"http:\/\/cordobainforma.info\/index.php\/wp-json\/wp\/v2\/posts\/164258\/revisions"}],"wp:featuredmedia":[{"embeddable":true,"href":"http:\/\/cordobainforma.info\/index.php\/wp-json\/wp\/v2\/media\/164259"}],"wp:attachment":[{"href":"http:\/\/cordobainforma.info\/index.php\/wp-json\/wp\/v2\/media?parent=164258"}],"wp:term":[{"taxonomy":"category","embeddable":true,"href":"http:\/\/cordobainforma.info\/index.php\/wp-json\/wp\/v2\/categories?post=164258"},{"taxonomy":"post_tag","embeddable":true,"href":"http:\/\/cordobainforma.info\/index.php\/wp-json\/wp\/v2\/tags?post=164258"}],"curies":[{"name":"wp","href":"https:\/\/api.w.org\/{rel}","templated":true}]}}