{"id":164220,"date":"2025-08-07T15:30:25","date_gmt":"2025-08-07T15:30:25","guid":{"rendered":"https:\/\/www.escribiendocine.com\/noticias\/2025\/08\/07\/20191-festival-de-nueva-york-2025-alejo-moguillansky-y-lucio-castro-seleccionados-para-la-seccion-currents"},"modified":"2025-08-07T15:30:25","modified_gmt":"2025-08-07T15:30:25","slug":"festival-de-nueva-york-2025-alejo-moguillansky-y-lucio-castro-seleccionados-para-la-seccion-currents","status":"publish","type":"post","link":"http:\/\/cordobainforma.info\/index.php\/2025\/08\/07\/festival-de-nueva-york-2025-alejo-moguillansky-y-lucio-castro-seleccionados-para-la-seccion-currents\/","title":{"rendered":"Festival de Nueva York 2025: Alejo Moguillansky y Lucio Castro seleccionados para la secci\u00f3n Currents"},"content":{"rendered":"<div class=\"media_block\"><\/div>\n<div><img src=\"http:\/\/cordobainforma.info\/wp-content\/uploads\/2025\/08\/festival-de-nueva-york-2025-alejo-moguillansky-y-lucio-castro-seleccionados-para-la-seccion-currents.jpg\" class=\"ff-og-image-inserted\"><\/div>\n<div readability=\"22.842105263158\">\n<div class=\"col-xs-12 col-sm-6 col-md-12 col-lg-3 no-padding col-der\" readability=\"7\">\n<p> <span class=\"fecha\">jueves 07 de agosto de 2025 <\/span> <\/p>\n<\/p><\/div><\/div>\n<div readability=\"108\">\n<p>El Festival de Cine de Nueva York (NYFF) anunci\u00f3 la programaci\u00f3n de su prestigiosa secci\u00f3n Currents, dedicada a propuestas radicales, ensayos f\u00edlmicos, experimentaci\u00f3n narrativa y nuevas voces del cine contempor\u00e1neo. Entre los seleccionados de la edici\u00f3n 63, que se llevar\u00e1 a cabo del 26 de septiembre al 13 de octubre de 2025, destacan dos nombres clave del cine argentino actual: Alejo Moguillansky y Lucio Castro.<\/p>\n<p>Por un lado, Moguillansky presentar\u00e1 <strong>Pin de Fartie<\/strong>, un film producido por El Pampero Cine, que anteriormente fue elegido para la competencia Orizzonti en la Mostra de Venecia. Con un elenco encabezado por Laura Paredes, Santiago Gobernori y el propio director, la pel\u00edcula articula tres relatos influenciados por <strong>Fin de Partie<\/strong> (1957) de Samuel Beckett. A trav\u00e9s de un lenguaje esc\u00e9nico que mezcla teatralidad, repetici\u00f3n y musicalidad, la obra se apropia del universo beckettiano para repensar las relaciones humanas desde el juego esc\u00e9nico, con referencias internas al cine de Mart\u00edn Rejtman y secuencias coreografiadas que expanden los l\u00edmites del dispositivo teatral.<\/p>\n<p>Por otro lado, Lucio Castro, radicado en Nueva York, regresa al NYFF con <strong>Drunken Noodles<\/strong>, tras el reconocimiento internacional de <strong>Fin de siglo<\/strong>. En esta ocasi\u00f3n, narra cinco episodios en la vida de Adnan, un joven artista interpretado por Laith Khalifeh, entre encuentros sexuales, v\u00ednculos espor\u00e1dicos y momentos de introspecci\u00f3n, todo tejido con una atm\u00f3sfera de realismo m\u00e1gico er\u00f3tico. La pel\u00edcula, distribuida por Strand Releasing, entrelaza lo anecd\u00f3tico con lo m\u00edtico y mantiene una estructura fragmentada, sensual y c\u00f3smica.<\/p>\n<p>Junto a estos t\u00edtulos, la secci\u00f3n Currents tambi\u00e9n incluir\u00e1 los nuevos trabajos de autores como<b> <\/b>de Radu Jude, Ben Rivers, Tsai Ming-liang, Heinz Emigholz, Alexandre Koberidze, James Benning y Stillz con <strong>Barrio Triste<\/strong>&nbsp;(Colombia).<\/p>\n<p>Con una mirada curatorial que prioriza los lenguajes no tradicionales y las geograf\u00edas menos representadas en el mainstream, Currents se ha convertido en uno de los focos m\u00e1s estimulantes del NYFF. La presencia de cine argentino contempor\u00e1neo, tanto desde lo perform\u00e1tico como desde lo identitario y sensorial, refuerza el di\u00e1logo del cine local con las nuevas vanguardias globales.<\/p>\n<p><strong>Pin de Fartie<\/strong> &#8211; Dir. Alejo Moguillansky, 2025, Argentina<br \/><strong>Drunken Noodles<\/strong> &#8211; Dir. Lucio Castro, 2025, Argentina\/Estados Unidos<br \/><strong>Mare\u2019s Nest<\/strong> &#8211; Dir. Ben Rivers, 2025, Reino Unido\/Francia\/Canad\u00e1<br \/><strong>Back Home <\/strong>&#8211; Dir. Tsai Ming-liang, 2025, Taiw\u00e1n<br \/><strong>Ecce Mole<\/strong> &#8211; Dir. Heinz Emigholz, 2025, Italia<br \/><strong>Barrio Triste<\/strong> &#8211; Dir. Stillz, 2025, Colombia,<br \/><strong>Bouchra<\/strong> &#8211; Dir. Orian Barki, Meriem Bennani, 2025, Italia\/Marruecos\/Estados Unidos<br \/><strong>Dracula<\/strong> &#8211; Dir. Radu Jude, 2025, Rumania<br \/><strong>Dry Leaf<\/strong> &#8211; Dir. Alexandre Koberidze, 2025, Alemania\/Georgia,&nbsp;<br \/><strong>Escape&nbsp; <\/strong>&#8211; Dir. Masao Adachi, 2025, Jap\u00f3n<br \/><strong>Evidence<\/strong> &#8211; Dir. Lee Anne Schmitt, 2025, Estados Unidos<br \/><strong>Hair, Paper, Water\u2026<\/strong> &#8211; Dir. Truong Minh Qu\u00fd, Nicolas Graux, 2025, Vietnam<br \/><strong>Anoche conquist\u00e9 Tebas<\/strong> &#8211; Dir. Gabriel Azor\u00edn, 2025, Espa\u00f1a\/Portugal<br \/><strong>Levers<\/strong> &#8211; Dir. Rhayne Vermette, 2025, Canad\u00e1<br \/><strong>Little Boy<\/strong> &#8211; Dir. James Benning, 2025, Estados Unidos<br \/><strong>Windward <\/strong>&#8211; Dir. Sharon Lockhart, 2025, Canad\u00e1\/Estados Unidos<br \/><strong>With Hasan in Gaza&nbsp;<\/strong> &#8211; Dir. Kamal Aljafari, 2025, Palestina\/Alemania\/Francia\/Qatar&nbsp;<\/p>\n<\/p><\/div>\n","protected":false},"excerpt":{"rendered":"<p>jueves 07 de agosto de 2025 El Festival de Cine de Nueva York (NYFF) anunci\u00f3 la programaci\u00f3n de su prestigiosa secci\u00f3n Currents, dedicada a propuestas radicales, ensayos f\u00edlmicos, experimentaci\u00f3n narrativa y nuevas voces del cine contempor\u00e1neo. Entre los seleccionados de la edici\u00f3n 63, que se llevar\u00e1 a cabo del 26 de septiembre al 13 de [&hellip;]<\/p>\n","protected":false},"author":1,"featured_media":164221,"comment_status":"open","ping_status":"closed","sticky":false,"template":"","format":"standard","meta":[],"categories":[21],"tags":[],"_links":{"self":[{"href":"http:\/\/cordobainforma.info\/index.php\/wp-json\/wp\/v2\/posts\/164220"}],"collection":[{"href":"http:\/\/cordobainforma.info\/index.php\/wp-json\/wp\/v2\/posts"}],"about":[{"href":"http:\/\/cordobainforma.info\/index.php\/wp-json\/wp\/v2\/types\/post"}],"author":[{"embeddable":true,"href":"http:\/\/cordobainforma.info\/index.php\/wp-json\/wp\/v2\/users\/1"}],"replies":[{"embeddable":true,"href":"http:\/\/cordobainforma.info\/index.php\/wp-json\/wp\/v2\/comments?post=164220"}],"version-history":[{"count":0,"href":"http:\/\/cordobainforma.info\/index.php\/wp-json\/wp\/v2\/posts\/164220\/revisions"}],"wp:featuredmedia":[{"embeddable":true,"href":"http:\/\/cordobainforma.info\/index.php\/wp-json\/wp\/v2\/media\/164221"}],"wp:attachment":[{"href":"http:\/\/cordobainforma.info\/index.php\/wp-json\/wp\/v2\/media?parent=164220"}],"wp:term":[{"taxonomy":"category","embeddable":true,"href":"http:\/\/cordobainforma.info\/index.php\/wp-json\/wp\/v2\/categories?post=164220"},{"taxonomy":"post_tag","embeddable":true,"href":"http:\/\/cordobainforma.info\/index.php\/wp-json\/wp\/v2\/tags?post=164220"}],"curies":[{"name":"wp","href":"https:\/\/api.w.org\/{rel}","templated":true}]}}