{"id":164089,"date":"2025-08-07T09:38:02","date_gmt":"2025-08-07T09:38:02","guid":{"rendered":"https:\/\/somoscordobeses.com\/2025\/08\/07\/llega-micaela-chauque-a-la-sala-caraffa-de-la-cumbre\/"},"modified":"2025-08-07T09:38:02","modified_gmt":"2025-08-07T09:38:02","slug":"llega-micaela-chauque-a-la-sala-caraffa-de-la-cumbre","status":"publish","type":"post","link":"http:\/\/cordobainforma.info\/index.php\/2025\/08\/07\/llega-micaela-chauque-a-la-sala-caraffa-de-la-cumbre\/","title":{"rendered":"Llega Micaela Chauque a la Sala Caraffa de La Cumbre"},"content":{"rendered":"<div><img src=\"http:\/\/cordobainforma.info\/wp-content\/uploads\/2025\/08\/llega-micaela-chauque-a-la-sala-caraffa-de-la-cumbre.jpg\" class=\"ff-og-image-inserted\"><\/div>\n<p>La Cumbre. Micaela Chauque, cantora, compositora y maestra de aer\u00f3fonos andinos, reconocida por su labor en la difusi\u00f3n del folklore del norte argentino y ganadora del Premio Gardel 2019 como Mejor \u00c1lbum de Folklore, se presentar\u00e1 ma\u00f1ana viernes 8 en el Microcine Sala Caraffa (Pje. Tassano 55) de La Cumbre.<br \/>Jallalla, su canto de celebraci\u00f3n y ra\u00edz, resonar\u00e1 en una noche \u00edntima y poderosa.&nbsp;<br \/>Las entradas generales tendr\u00e1n un costo de $8.000, mientras que las anticipadas y para jubilados valdr\u00e1n $6.000.<br \/>Reservas al 3548 452557.<\/p>\n","protected":false},"excerpt":{"rendered":"<p>La Cumbre. Micaela Chauque, cantora, compositora y maestra de aer\u00f3fonos andinos, reconocida por su labor en la difusi\u00f3n del folklore del norte argentino y ganadora del Premio Gardel 2019 como Mejor \u00c1lbum de Folklore, se presentar\u00e1 ma\u00f1ana viernes 8 en el Microcine Sala Caraffa (Pje. Tassano 55) de La Cumbre.Jallalla, su canto de celebraci\u00f3n y [&hellip;]<\/p>\n","protected":false},"author":1,"featured_media":164090,"comment_status":"closed","ping_status":"closed","sticky":false,"template":"","format":"standard","meta":[],"categories":[2],"tags":[],"_links":{"self":[{"href":"http:\/\/cordobainforma.info\/index.php\/wp-json\/wp\/v2\/posts\/164089"}],"collection":[{"href":"http:\/\/cordobainforma.info\/index.php\/wp-json\/wp\/v2\/posts"}],"about":[{"href":"http:\/\/cordobainforma.info\/index.php\/wp-json\/wp\/v2\/types\/post"}],"author":[{"embeddable":true,"href":"http:\/\/cordobainforma.info\/index.php\/wp-json\/wp\/v2\/users\/1"}],"replies":[{"embeddable":true,"href":"http:\/\/cordobainforma.info\/index.php\/wp-json\/wp\/v2\/comments?post=164089"}],"version-history":[{"count":0,"href":"http:\/\/cordobainforma.info\/index.php\/wp-json\/wp\/v2\/posts\/164089\/revisions"}],"wp:featuredmedia":[{"embeddable":true,"href":"http:\/\/cordobainforma.info\/index.php\/wp-json\/wp\/v2\/media\/164090"}],"wp:attachment":[{"href":"http:\/\/cordobainforma.info\/index.php\/wp-json\/wp\/v2\/media?parent=164089"}],"wp:term":[{"taxonomy":"category","embeddable":true,"href":"http:\/\/cordobainforma.info\/index.php\/wp-json\/wp\/v2\/categories?post=164089"},{"taxonomy":"post_tag","embeddable":true,"href":"http:\/\/cordobainforma.info\/index.php\/wp-json\/wp\/v2\/tags?post=164089"}],"curies":[{"name":"wp","href":"https:\/\/api.w.org\/{rel}","templated":true}]}}