{"id":164088,"date":"2025-08-07T07:02:36","date_gmt":"2025-08-07T07:02:36","guid":{"rendered":"https:\/\/cordobainforma.info\/index.php\/2025\/08\/07\/chayanne-en-cordoba-en-pocas-horas-agoto-las-entradas-para-su-show-en-instituto\/"},"modified":"2025-08-07T07:02:36","modified_gmt":"2025-08-07T07:02:36","slug":"chayanne-en-cordoba-en-pocas-horas-agoto-las-entradas-para-su-show-en-instituto","status":"publish","type":"post","link":"http:\/\/cordobainforma.info\/index.php\/2025\/08\/07\/chayanne-en-cordoba-en-pocas-horas-agoto-las-entradas-para-su-show-en-instituto\/","title":{"rendered":"Chayanne en <b>C\u00f3rdoba<\/b>: en pocas horas, agot\u00f3 las entradas para su show en Instituto"},"content":{"rendered":"<p><b>Econom\u00eda<\/b> &middot; Informaci\u00f3n General &middot; Entretenimiento &#8230; Tras cinco a\u00f1os de espera, Chayanne anunci\u00f3 una <b>nueva<\/b> fecha para su presentaci\u00f3n en <b>C\u00f3rdoba<\/b>. <\/p>\n","protected":false},"excerpt":{"rendered":"<p>Econom\u00eda &middot; Informaci\u00f3n General &middot; Entretenimiento &#8230; Tras cinco a\u00f1os de espera, Chayanne anunci\u00f3 una nueva fecha para su presentaci\u00f3n en C\u00f3rdoba.<\/p>\n","protected":false},"author":1,"featured_media":0,"comment_status":"closed","ping_status":"closed","sticky":false,"template":"","format":"standard","meta":[],"categories":[23],"tags":[],"_links":{"self":[{"href":"http:\/\/cordobainforma.info\/index.php\/wp-json\/wp\/v2\/posts\/164088"}],"collection":[{"href":"http:\/\/cordobainforma.info\/index.php\/wp-json\/wp\/v2\/posts"}],"about":[{"href":"http:\/\/cordobainforma.info\/index.php\/wp-json\/wp\/v2\/types\/post"}],"author":[{"embeddable":true,"href":"http:\/\/cordobainforma.info\/index.php\/wp-json\/wp\/v2\/users\/1"}],"replies":[{"embeddable":true,"href":"http:\/\/cordobainforma.info\/index.php\/wp-json\/wp\/v2\/comments?post=164088"}],"version-history":[{"count":0,"href":"http:\/\/cordobainforma.info\/index.php\/wp-json\/wp\/v2\/posts\/164088\/revisions"}],"wp:attachment":[{"href":"http:\/\/cordobainforma.info\/index.php\/wp-json\/wp\/v2\/media?parent=164088"}],"wp:term":[{"taxonomy":"category","embeddable":true,"href":"http:\/\/cordobainforma.info\/index.php\/wp-json\/wp\/v2\/categories?post=164088"},{"taxonomy":"post_tag","embeddable":true,"href":"http:\/\/cordobainforma.info\/index.php\/wp-json\/wp\/v2\/tags?post=164088"}],"curies":[{"name":"wp","href":"https:\/\/api.w.org\/{rel}","templated":true}]}}