{"id":164087,"date":"2025-08-07T08:48:20","date_gmt":"2025-08-07T08:48:20","guid":{"rendered":"https:\/\/cordobainforma.info\/index.php\/2025\/08\/07\/cordoba-denuncian-competencia-desigual-de-agrocomponentes-importados\/"},"modified":"2025-08-07T08:48:20","modified_gmt":"2025-08-07T08:48:20","slug":"cordoba-denuncian-competencia-desigual-de-agrocomponentes-importados","status":"publish","type":"post","link":"http:\/\/cordobainforma.info\/index.php\/2025\/08\/07\/cordoba-denuncian-competencia-desigual-de-agrocomponentes-importados\/","title":{"rendered":"<b>C\u00f3rdoba<\/b>: Denuncian competencia &quot;desigual&quot; de agrocomponentes importados"},"content":{"rendered":"<p>La Asociaci\u00f3n de Fabricantes de Maquinaria Agr\u00edcola y Agrocomponentes de <b>C\u00f3rdoba<\/b> (AFAMAC) denunci\u00f3 este mi\u00e9rcoles \u201cla dif\u00edcil situaci\u00f3n que&nbsp;&#8230; <\/p>\n","protected":false},"excerpt":{"rendered":"<p>La Asociaci\u00f3n de Fabricantes de Maquinaria Agr\u00edcola y Agrocomponentes de C\u00f3rdoba (AFAMAC) denunci\u00f3 este mi\u00e9rcoles \u201cla dif\u00edcil situaci\u00f3n que&nbsp;&#8230;<\/p>\n","protected":false},"author":1,"featured_media":0,"comment_status":"closed","ping_status":"closed","sticky":false,"template":"","format":"standard","meta":[],"categories":[23],"tags":[],"_links":{"self":[{"href":"http:\/\/cordobainforma.info\/index.php\/wp-json\/wp\/v2\/posts\/164087"}],"collection":[{"href":"http:\/\/cordobainforma.info\/index.php\/wp-json\/wp\/v2\/posts"}],"about":[{"href":"http:\/\/cordobainforma.info\/index.php\/wp-json\/wp\/v2\/types\/post"}],"author":[{"embeddable":true,"href":"http:\/\/cordobainforma.info\/index.php\/wp-json\/wp\/v2\/users\/1"}],"replies":[{"embeddable":true,"href":"http:\/\/cordobainforma.info\/index.php\/wp-json\/wp\/v2\/comments?post=164087"}],"version-history":[{"count":0,"href":"http:\/\/cordobainforma.info\/index.php\/wp-json\/wp\/v2\/posts\/164087\/revisions"}],"wp:attachment":[{"href":"http:\/\/cordobainforma.info\/index.php\/wp-json\/wp\/v2\/media?parent=164087"}],"wp:term":[{"taxonomy":"category","embeddable":true,"href":"http:\/\/cordobainforma.info\/index.php\/wp-json\/wp\/v2\/categories?post=164087"},{"taxonomy":"post_tag","embeddable":true,"href":"http:\/\/cordobainforma.info\/index.php\/wp-json\/wp\/v2\/tags?post=164087"}],"curies":[{"name":"wp","href":"https:\/\/api.w.org\/{rel}","templated":true}]}}