{"id":163908,"date":"2025-08-04T21:06:12","date_gmt":"2025-08-04T21:06:12","guid":{"rendered":"https:\/\/www.escribiendocine.com\/noticias\/2025\/08\/04\/20163-toda-la-programacion-del-festival-internacional-de-cine-florianopolis-audiovisual-mercosur--fam-2025"},"modified":"2025-08-04T21:06:12","modified_gmt":"2025-08-04T21:06:12","slug":"toda-la-programacion-del-festival-internacional-de-cine-florianopolis-audiovisual-mercosur-fam-2025","status":"publish","type":"post","link":"http:\/\/cordobainforma.info\/index.php\/2025\/08\/04\/toda-la-programacion-del-festival-internacional-de-cine-florianopolis-audiovisual-mercosur-fam-2025\/","title":{"rendered":"Toda la programaci\u00f3n del Festival Internacional de Cine Florian\u00f3polis Audiovisual Mercosur \u2013 FAM 2025"},"content":{"rendered":"<div class=\"media_block\"><\/div>\n<div><img src=\"http:\/\/cordobainforma.info\/wp-content\/uploads\/2025\/08\/toda-la-programacion-del-festival-internacional-de-cine-florianopolis-audiovisual-mercosur-fam-2025.jpg\" class=\"ff-og-image-inserted\"><\/div>\n<p>A un mes de su realizaci\u00f3n, el Festival Internacional de Cine Florian\u00f3polis Audiovisual Mercosur \u2013 FAM 2025 anunci\u00f3 este lunes 4 de agosto la lista de pel\u00edculas seleccionadas para las muestras competitivas de su 29.\u00aa edici\u00f3n. La curadur\u00eda, que evalu\u00f3 1214 producciones, eligi\u00f3 58 obras provenientes de 11 pa\u00edses, reafirmando el car\u00e1cter iberoamericano y diverso del encuentro cinematogr\u00e1fico.<\/p>\n<p>Entre cortos, largos, medios y obras en desarrollo, las pel\u00edculas participantes llegar\u00e1n desde Argentina, Bolivia, Brasil, Colombia, Espa\u00f1a, Paraguay, Per\u00fa, Rep\u00fablica Dominicana, Uruguay y Venezuela, sumando adem\u00e1s una coproducci\u00f3n con Francia. Brasil estar\u00e1 representado por 16 estados, destac\u00e1ndose Para\u00edba con cuatro producciones, seguido por Santa Catarina y San Pablo.<\/p>\n<p>La presencia argentina en el FAM 2025 se extiende a lo largo de varias secciones competitivas, con un total de diez producciones seleccionadas.<\/p>\n<p><strong>Compraventa<\/strong>, de Tom\u00e1s Murphy, e <strong>Insomnia<\/strong>, de Tom\u00e1s Gonz\u00e1lez Montalvo, integran la competencia oficial de cortometrajes. A ellas se suma<strong> La Falta<\/strong>, dirigida por Carmela Sandberg, coproducida con Uruguay, y <strong>Mit\u00e3\u2019i Churi<\/strong>, de Elian Guerin, una obra de animaci\u00f3n realizada entre Misiones y Paraguay.<\/p>\n<p>En la Muestra de Largometrajes, Argentina est\u00e1 representada por <strong>Escritor<\/strong>, dirigida por Paula de Luque. Mientras que en la secci\u00f3n de Videoclips figura <strong>Filosa &#8211; Serena Ciga &amp; PocheBeats<\/strong>, realizada por Ezequiel Soma.<\/p>\n<p>En la Muestra Online, fueron seleccionadas tres producciones: <strong>Las Cenizas Est\u00e1n Quemando<\/strong>, de Lucas Le\u00f4nidas, en coproducci\u00f3n con Brasil; <strong>Miren Felder<\/strong>, de Malen Ota\u00f1o; y <strong>Todo lo Que Se Transforma<\/strong>, de Fran Caffarel.<\/p>\n<p>Finalmente, en la secci\u00f3n Work in Progress, <strong>Brutus<\/strong>, de Marcelo Toledo, representa a la Argentina con un largometraje desarrollado en colaboraci\u00f3n con Brasil.<\/p>\n<p>Las tem\u00e1ticas sociales marcan el pulso de esta edici\u00f3n. La programaci\u00f3n aborda t\u00f3picos como racismo, identidades de g\u00e9nero y sexualidad, educaci\u00f3n, historia, cuidados paliativos, accesibilidad, y espiritualidad, entre otros. La diversidad de g\u00e9neros se ampl\u00eda con propuestas de terror y comedia, adem\u00e1s de documentales, animaci\u00f3n y experimentales.<\/p>\n<p>Muestra Cortos<br \/><strong>Como Nasce Um Rio<\/strong>, de Luma Fl\u00f4res | Brasil, Salvador\/BA | 8 min | 2024 | Animaci\u00f3n<br \/><strong>Compraventa<\/strong>, de Tom\u00e1s Murphy | Argentina, Buenos Aires | 10 min | 2025 | Ficci\u00f3n<br \/><strong>Um Dia de Neg\u00e3o<\/strong>, de Rebeca Carmo y Analu | Brasil, Salvador\/BA | 7 min | 2024 | Documental<br \/><strong>Fa\u00edsca<\/strong>, de B\u00e1rbara Kariri | Brasil, Quita\u00edus; Lavras da Mangabeira\/CE | 12 min | 2025 | Experimental<br \/><strong>Insomnia<\/strong>, de Tom\u00e1s Gonzalez Montalvo | Argentina, Buenos Aires | 9 min | 2025 | Ficci\u00f3n<br \/><strong>La Falta<\/strong>, de Carmela Sandberg | Argentina, Buenos Aires; Uruguay, Montevideo | 8 min | 2025 | Ficci\u00f3n<br \/><strong>Mit\u00e3&#8217;i Churi<\/strong>, de Elian Guerin | Argentina, Posadas\/Misiones; Paraguay, Encarnaci\u00f3n\/Asunci\u00f3n, Itap\u00faa\/Central | 6 min | 2024 | Animaci\u00f3n<br \/><strong>A Nave Que Nunca Pousa<\/strong>, de Ellen Morais | Brasil, Campina Grande; Santa Luzia\/PB | 15 min | 2025 | Documental<br \/><strong>Parir\u00e1s<\/strong>, de Amandine Goisbault, J\u00falia Morim | Brasil, Recife\/PE | 13 min | 2024 | Experimental<br \/><strong>Rainha<\/strong>, de Raul de Lima | Brasil, Soure\/PA | 12min | 2025 | Documental<br \/><strong>\u00a1Salsa!<\/strong>, de Antonina Kerguel\u00e9n Rom\u00e1n | Colombia, Playa Mendoza\/Tubar\u00e1 | 14 min | 2024 | Ficci\u00f3n<br \/><strong>Ser\u00e3o<\/strong>, de Caio Bernardo | Brasil, Cara\u00fabas\/PB | 15 min | 2024 | Documental<\/p>\n<p>Muestra Cortos Catarinense<br \/><strong>Adelante, Professora<\/strong>, de Ana Laura Baldo | Brasil, Florian\u00f3polis\/SC | 15 min | 2025 | Ficci\u00f3n<br \/><strong>O Fio de Ariadne<\/strong>, de Alex Schappo | Brasil, Maravilha\/SC | 15 min | 2025 | Ficci\u00f3n<br \/><strong>Imagens de uma Despedida<\/strong>, de Nicolas Busato da Costa Monteiro | Brasil, Florian\u00f3polis\/SC | 15 min | 2025 | Ficci\u00f3n<br \/><strong>A Lua dos Beijos Silentes<\/strong>, de Mika Queiroz | Brasil, Florian\u00f3polis\/SC | 15 min | 2024 | Ficci\u00f3n<br \/><strong>Mascates de Sonhos<\/strong>, de Kristel Kardeal | Brasil, Itaja\u00ed; Blumenau; Penha; Florian\u00f3polis\/SC | 15 min | 2024 | Documental<\/p>\n<p>Muestra Especial Ley Paulo Gustavo<br \/><strong>Americana<\/strong>, de Agarb Braga | Brasil, Bel\u00e9m\/PA | 20 min | 2025 | Ficci\u00f3n<br \/><strong>Esta Noite Minha Alma Partir\u00e1<\/strong>, de Igor Vasco | Brasil, Francisco Morato\/SP | 21 min | 2025 | Ficci\u00f3n<br \/><strong>M\u00e3os Rapper<\/strong>, de Giuliano Robert | Brasil, Curitiba\/PR | 17 min | 2025 | Experimental<br \/><strong>Tapando Buracos<\/strong>, de Pally, Laura Fragoso | Brasil, Vale do Catimbau\/PE | 20 min | 2025 | Ficci\u00f3n<br \/><strong>Vermelho de Bolinhas<\/strong>, de Joedson Kelvin, Renata Fortes | Brasil, Santana do Cariri\/CE | 20 min | 2025 | Documental<\/p>\n<p>Muestra Infantojuvenil<br \/><strong>Abra\u00e7os<\/strong>, de Barcabogante | Brasil, Florian\u00f3polis\/SC | 10 min | 2025 | Animaci\u00f3n<br \/><strong>Baile de Miriti<\/strong>, de Emily Cristiane | Brasil, Bel\u00e9m\/PA| 7 min | 2024 | Ficci\u00f3n<br \/><strong>Coisa de Preto<\/strong>, de P\u00e2mela Peregrino | Brasil, Po\u00e7o Redondo\/SE | 7 min | 2025 | Animaci\u00f3n<br \/><strong>Debaixo do P\u00e9 de Pequi<\/strong>, de Mai\u00e1ri Iasi | Brasil, Goi\u00e1s\/GO | 3 min | 2024 | Animaci\u00f3n<br \/><strong>Hay Que Saber Llegar<\/strong>, de Luber Yesid Z\u00fa\u00f1iga Ord\u00f3\u00f1ez | Colombia, Bogot\u00e1\/Cundinamarca | 9 min | 2024 | Animaci\u00f3n<br \/><strong>A Hist\u00f3ria de Ayana<\/strong>, de Cristiana Giustino, Luana Dias | Brasil, Niter\u00f3i, Rio de Janeiro\/RJ | 7 min | 2025 | Animaci\u00f3n<br \/><strong>Le Petit et Le G\u00e9ant<\/strong>, de Isabela Costa | Brasil, Niter\u00f3i; Rio de Janeiro; Francia, Par\u00eds | 9 min | 2025 | Animaci\u00f3n<br \/><strong>N\u00e3o \u00e9 Sobre Past\u00e9is<\/strong>, de Tiago Ribeiro | Brasil, Belo Horizonte\/MG | 10 min | 2025 | Animaci\u00f3n<br \/><strong>Pequeno B<\/strong>, de Lucas Borges | Brasil, Juiz de Fora\/MG | 14 min | 2025 | Animaci\u00f3n<br \/><strong>Tain\u00e1<\/strong>, de Renata Massetti | Brasil, Guarda do Emba\u00fa, Florian\u00f3polis\/SC | 15 min | 2025 | Documental<\/p>\n<p>Muestra Largos<br \/><strong>Al\u00ed Primera<\/strong>, de Daniel Yegres Richard | Venezuela, Caracas\/Distrito Capital; Coro, Las Cumaraguas, Punto Fijo\/Falc\u00f3n;\/ | 127 min | 2024 | Ficci\u00f3n<br \/><strong>Aprender a Sonhar<\/strong>, de V\u00edtor Rocha | Brasil, Salvador; Santa Cruz Cabr\u00e1lia; Tremedal; Itabuna\/BA | 78 min | 2025 | Documental<br \/><strong>Escritor<\/strong>, de Paula de Luque | Argentina, Buenos Aires | 86 min | 2025 | Ficci\u00f3n<br \/><strong>Kuarahy \u00c1ra &#8211; El Tiempo del Sol<\/strong>, de Hugo Gamarra Etcheverry | Paraguay, Asunci\u00f3n | 87 min | 2025 | Documental<br \/><strong>Un Nuevo Amanecer<\/strong>, de Priscila Padilla | Bogot\u00e1, Colombia | 94 min | 2024 | Documental<br \/><strong>So\u00f1\u00e9 Su Nombre<\/strong>, de \u00c1ngela Carabal\u00ed | Colombia, Medell\u00edn | 85 min | 2025 | Documental<\/p>\n<p>Muestra Online<br \/><strong>\u00c0 Flor da Pele<\/strong>, de Danielle Villanova | Brasil, Rio de Janeiro\/RJ , Salvador\/BA | 20 min | 2024 | Documental<br \/><strong>Las Cenizas Est\u00e1n Quemando<\/strong>, de Lucas Le\u00f4nidas | Argentina, C\u00f3rdoba; Brasil, San Pablo\/SP | 23 min | 2024 | Ficci\u00f3n<br \/><strong>Marmita<\/strong>, de Guilherme Peraro | Brasil, Assis\/SP; Londrina\/PR | 21 min | 2025 | Ficci\u00f3n<br \/><strong>Miren Felder<\/strong>, de Malen Ota\u00f1o | Argentina, S. M. de los Andes\/Neuqu\u00e9n | 20 min | 2024 | Experimental<br \/><strong>O Medo T\u00e1 Foda<\/strong>, de Esa\u00fa Pereira | Brasil, Fortaleza\/CE | 16 min | 2024 | Animaci\u00f3n<br \/><strong>O Sonho de Anu<\/strong>, Kyp\u00e1 | Brasil, Potiguara; Jo\u00e3o Pessoa\/PB | 17 min | 2024 | Ficci\u00f3n<br \/><strong>Quadrados<\/strong>, de Jo\u00e3o Pedro Co de Vanessasta | Brasil, Recife\/PE | 22 min | 2024 | Documental<br \/><strong>Todo lo Que Se Transforma<\/strong>, de Fran Caffarel | Argentina, Buenos Aires | 24 min | 2024 | Ficci\u00f3n<br \/><span><strong>Todos os Voos se Desdobrar\u00e3o<\/strong>, de Gabriela Boeri, Leticia Rheingantz | Brasil, San Pablo\/SP | 32 min | 2024 | Documental<br \/><\/span><strong>Travessia<\/strong>, de Karol Felicio | Brasil, Aracruz\/ES | 15 min | 2025 | Documental<\/p>\n<p>Muestra Videoclips<br \/><strong>D\u2019\u00c1frika &#8211; Preto Tipu\u00e1<\/strong>, de Chico Rasta | Brasil, Teresina; Amarante; Oeiras\/PI | 4 min | 2024 | Ficci\u00f3n<br \/><strong>Filosa &#8211; Serena Ciga &amp; PocheBeats<\/strong>, de Ezequiel Soma | Argentina, Buenos Aires | 3 min | 2025 | Ficci\u00f3n<br \/><strong>Medo &#8211; RAVIH<\/strong>, de RAVIH | Brasil, Porto Alegre\/RS; \u00adSan Pablo \/SP | 3 min | 2024 | Animaci\u00f3n<br \/><strong>Mujer TV &#8211; Cherlatte<\/strong>, de Pierina Espinoza | Venezuela, M\u00e9rida | 4 min | 2025 | Ficci\u00f3n<br \/><strong>Por \u00daltima Vez &#8211; Corona &amp; No Comparto Mis Amigos<\/strong>, de Samuel Castro Romero | Bolivia, Santa Cruz de la Sierra | 7 min | 2025 | Ficci\u00f3n<\/p>\n<p>Muestra Work in Progress<br \/><strong>Al-Buhayra<\/strong>, de Lucas Moro, Manuel Rossell | Brasil, \u00adSan Pablo; Espa\u00f1a, Valencia | 77 min | 2025 | Documental<br \/><strong>Brutus<\/strong>, de Marcelo Toledo | Argentina, Buenos Aires; Brasil, Brasilia\/DF | 88 min | 2025 | Ficci\u00f3n<br \/><strong>Donde Duermen Los Sue\u00f1os<\/strong>, de Daniel Riglos | Per\u00fa, Lima | 74 min | 2025 | Ficci\u00f3n<br \/><strong>El Gaga de La Cejas<\/strong>, de Jeissy Trompiz | Rep\u00fablica Dominicana, La Romana; Santo Domingo | 70 min | 2025 | Documental<br \/><strong>Mist\u00e9rio No Serid\u00f3<\/strong>, de Carlos Mello Jr | Brasil, Jo\u00e3o Pessoa; Tapero\u00e1\/PB | 150 min | 2024 | Ficci\u00f3n<\/p>\n","protected":false},"excerpt":{"rendered":"<p>A un mes de su realizaci\u00f3n, el Festival Internacional de Cine Florian\u00f3polis Audiovisual Mercosur \u2013 FAM 2025 anunci\u00f3 este lunes 4 de agosto la lista de pel\u00edculas seleccionadas para las muestras competitivas de su 29.\u00aa edici\u00f3n. La curadur\u00eda, que evalu\u00f3 1214 producciones, eligi\u00f3 58 obras provenientes de 11 pa\u00edses, reafirmando el car\u00e1cter iberoamericano y diverso [&hellip;]<\/p>\n","protected":false},"author":1,"featured_media":163909,"comment_status":"open","ping_status":"closed","sticky":false,"template":"","format":"standard","meta":[],"categories":[21],"tags":[],"_links":{"self":[{"href":"http:\/\/cordobainforma.info\/index.php\/wp-json\/wp\/v2\/posts\/163908"}],"collection":[{"href":"http:\/\/cordobainforma.info\/index.php\/wp-json\/wp\/v2\/posts"}],"about":[{"href":"http:\/\/cordobainforma.info\/index.php\/wp-json\/wp\/v2\/types\/post"}],"author":[{"embeddable":true,"href":"http:\/\/cordobainforma.info\/index.php\/wp-json\/wp\/v2\/users\/1"}],"replies":[{"embeddable":true,"href":"http:\/\/cordobainforma.info\/index.php\/wp-json\/wp\/v2\/comments?post=163908"}],"version-history":[{"count":0,"href":"http:\/\/cordobainforma.info\/index.php\/wp-json\/wp\/v2\/posts\/163908\/revisions"}],"wp:featuredmedia":[{"embeddable":true,"href":"http:\/\/cordobainforma.info\/index.php\/wp-json\/wp\/v2\/media\/163909"}],"wp:attachment":[{"href":"http:\/\/cordobainforma.info\/index.php\/wp-json\/wp\/v2\/media?parent=163908"}],"wp:term":[{"taxonomy":"category","embeddable":true,"href":"http:\/\/cordobainforma.info\/index.php\/wp-json\/wp\/v2\/categories?post=163908"},{"taxonomy":"post_tag","embeddable":true,"href":"http:\/\/cordobainforma.info\/index.php\/wp-json\/wp\/v2\/tags?post=163908"}],"curies":[{"name":"wp","href":"https:\/\/api.w.org\/{rel}","templated":true}]}}