{"id":163904,"date":"2025-08-05T10:50:03","date_gmt":"2025-08-05T10:50:03","guid":{"rendered":"http:\/\/cordobainforma.info\/index.php\/2025\/08\/05\/sentencia-contra-todo-el-sistema-democratico-lider-opositora-moldava-se-expresa-sobre-su-condena\/"},"modified":"2025-08-05T10:50:03","modified_gmt":"2025-08-05T10:50:03","slug":"sentencia-contra-todo-el-sistema-democratico-lider-opositora-moldava-se-expresa-sobre-su-condena","status":"publish","type":"post","link":"http:\/\/cordobainforma.info\/index.php\/2025\/08\/05\/sentencia-contra-todo-el-sistema-democratico-lider-opositora-moldava-se-expresa-sobre-su-condena\/","title":{"rendered":"\u00abSentencia contra todo el sistema democr\u00e1tico\u00bb: L\u00edder opositora moldava se expresa sobre su condena"},"content":{"rendered":"<p><img src=\"http:\/\/cordobainforma.info\/wp-content\/uploads\/2025\/08\/sentencia-contra-todo-el-sistema-democratico-lider-opositora-moldava-se-expresa-sobre-su-condena.jpg\"><\/p>\n<div><img src=\"http:\/\/cordobainforma.info\/wp-content\/uploads\/2025\/08\/sentencia-contra-todo-el-sistema-democratico-lider-opositora-moldava-se-expresa-sobre-su-condena-2.jpg\" class=\"ff-og-image-inserted\"><\/div>\n<div class=\"Text-root Text-type_5 ArticleView-text ViewText-root \">\n<p>Tras ser condenada a siete a\u00f1os de c\u00e1rcel, Yevgenia Gutsul, cr\u00edtica del Gobierno prooccidental de Moldavia y dirigente de la regi\u00f3n aut\u00f3noma de Gagauzia, <a href=\"https:\/\/t.me\/evgheniagutul\/6309\" target=\"_blank\" rel=\"noopener noreferrer\">declar\u00f3<\/a> que se trata de una \u00absentencia contra todo el sistema democr\u00e1tico\u00bb del pa\u00eds.<\/p>\n<p><strong><em>M\u00e1s informaci\u00f3n, en breve.<\/em><\/strong><\/p>\n<\/div>\n","protected":false},"excerpt":{"rendered":"<p>Tras ser condenada a siete a\u00f1os de c\u00e1rcel, Yevgenia Gutsul, cr\u00edtica del Gobierno prooccidental de Moldavia y dirigente de la regi\u00f3n aut\u00f3noma de Gagauzia, declar\u00f3 que se trata de una \u00absentencia contra todo el sistema democr\u00e1tico\u00bb del pa\u00eds. M\u00e1s informaci\u00f3n, en breve.<\/p>\n","protected":false},"author":1,"featured_media":163905,"comment_status":"closed","ping_status":"closed","sticky":false,"template":"","format":"standard","meta":[],"categories":[22],"tags":[],"_links":{"self":[{"href":"http:\/\/cordobainforma.info\/index.php\/wp-json\/wp\/v2\/posts\/163904"}],"collection":[{"href":"http:\/\/cordobainforma.info\/index.php\/wp-json\/wp\/v2\/posts"}],"about":[{"href":"http:\/\/cordobainforma.info\/index.php\/wp-json\/wp\/v2\/types\/post"}],"author":[{"embeddable":true,"href":"http:\/\/cordobainforma.info\/index.php\/wp-json\/wp\/v2\/users\/1"}],"replies":[{"embeddable":true,"href":"http:\/\/cordobainforma.info\/index.php\/wp-json\/wp\/v2\/comments?post=163904"}],"version-history":[{"count":0,"href":"http:\/\/cordobainforma.info\/index.php\/wp-json\/wp\/v2\/posts\/163904\/revisions"}],"wp:featuredmedia":[{"embeddable":true,"href":"http:\/\/cordobainforma.info\/index.php\/wp-json\/wp\/v2\/media\/163905"}],"wp:attachment":[{"href":"http:\/\/cordobainforma.info\/index.php\/wp-json\/wp\/v2\/media?parent=163904"}],"wp:term":[{"taxonomy":"category","embeddable":true,"href":"http:\/\/cordobainforma.info\/index.php\/wp-json\/wp\/v2\/categories?post=163904"},{"taxonomy":"post_tag","embeddable":true,"href":"http:\/\/cordobainforma.info\/index.php\/wp-json\/wp\/v2\/tags?post=163904"}],"curies":[{"name":"wp","href":"https:\/\/api.w.org\/{rel}","templated":true}]}}