{"id":163900,"date":"2025-08-05T06:50:09","date_gmt":"2025-08-05T06:50:09","guid":{"rendered":"https:\/\/www.mujerhoy.com\/vivir\/fitness\/comer-proteina-secreto-reducir-antojos-dulce-medico-isabella-diaz-20250805194233-nt.html"},"modified":"2025-08-05T06:50:09","modified_gmt":"2025-08-05T06:50:09","slug":"comer-proteina-es-el-secreto-para-reducir-los-antojos-de-dulce-segun-la-medico-isabella-diaz","status":"publish","type":"post","link":"http:\/\/cordobainforma.info\/index.php\/2025\/08\/05\/comer-proteina-es-el-secreto-para-reducir-los-antojos-de-dulce-segun-la-medico-isabella-diaz\/","title":{"rendered":"Comer prote\u00edna es el secreto para reducir los antojos de dulce, seg\u00fan la m\u00e9dico Isabella D\u00edaz"},"content":{"rendered":"<div class=\"media_block\"><\/div>\n<p><!-- AUTHOR --><\/p>\n<div class=\"voc-author-timesocial \">\n<!-- AUTHOR --><\/p>\n<div class=\"voc-author-timesocial__signature \">\n<!-- IMAGE AUTHOR -->\n<picture class=\"voc-image-signature\">\n<img class=\"voc-image-signature__img\" src=\"http:\/\/cordobainforma.info\/wp-content\/uploads\/2025\/08\/comer-proteina-es-el-secreto-para-reducir-los-antojos-de-dulce-segun-la-medico-isabella-diaz.jpg\" alt=\"Sara Flamenco\">\n<\/picture>\n<!-- INFO AUTHOR --> <\/div><\/div>\n<p><!-- COMPONENTS --><\/p>\n<p class=\"voc-paragraph\">Los mayores enemigos de la p\u00e9rdida de peso son <a href=\"https:\/\/www.mujerhoy.com\/vivir\/bienestar\/que-deberias-comer-antojo-dulce-segun-nutricionista-20240408073137-nt.html\" data-voc-vtm-id=\"in-text-traffic\" title=\"los antojos\" data-mrf-link=\"www.mujerhoy.com\">los antojos<\/a>, esa necesidad imperiosa de comer algo que puede entrarte entre las comidas principales. \u00bfY por qu\u00e9? Porque, generalmente, lo que tanto nos apetece no es un trozo de br\u00f3coli ni una zanahoria, sino <strong>alimentos cargaditos de grasas saturadas o az\u00facar<\/strong>. Pero tanto si te pierde el dulce como si tienes antojos puntuales, por fin hemos descubierto el secreto para evitar estas calor\u00edas de m\u00e1s en nuestra dieta.<strong> Isabella D\u00edaz, m\u00e9dico y entrenadora<\/strong>, ha asegurado en un v\u00eddeo publicado en sus redes sociales que \u00abcomer prote\u00edna es lo que te va a quitar las ganas de dulce\u00bb.<\/p>\n<p class=\"voc-paragraph\">Seg\u00fan la experta, este nutriente no solo <strong>te va a ayudar a perder peso<\/strong>, sino que tambi\u00e9n desempe\u00f1a un papel crucial en la conservaci\u00f3n y la construcci\u00f3n de masa muscular, lo cual es vital para mantener un metabolismo activo y eficiente. \u00ab<a href=\"https:\/\/www.mujerhoy.com\/vivir\/bienestar\/comer-proteina-desayuno-sensacion-saciedad-energia-adelgazar-20241202080244-nt.html\" data-voc-vtm-id=\"in-text-traffic\" title=\"La ingesta de prote\u00edna\" data-mrf-link=\"www.mujerhoy.com\">La ingesta de prote\u00edna<\/a> no solo contribuye a la saciedad, sino que tambi\u00e9n tiene efectos beneficiosos sobre la masa muscular\u00ab, asegura.<\/p>\n<div class=\"v-c-cmp v-c-cmp--t1 \">\n<div class=\"v-cmp-rld v-cmp-rld--2 \">\n<div class=\"v-cnt-m v-cnt-m--m\">\n<div class=\"v-cnt-m__c\">\n<div class=\"v-cnt-m__w v-cnt-m__w--1\">\n<p class=\"v-cnt-m__t\">\nTAMBI\u00c9N TE INTERESA\n<\/p>\n<\/div>\n<\/div>\n<\/div>\n<div class=\"v-g v-g--2-c v-g--bdr-min-xs\">\n<div class=\"v-g__c \">\n<article class=\"v-a v-a--cmp-rld v-a--cmp-rld-2 v-a--p-l\">\n<div class=\"v-a-img-c\">\n<figure class=\"v-a-fig\">\n<a href=\"https:\/\/www.mujerhoy.com\/vivir\/bienestar\/sorprendentes-consejos-entrenador-marc-batlle-adelgazar-verano-prohibir-helados-20250726123338-nt.html#vtm_modulosEngag=mod-rel:vivir:noticia:1:cmp:2-not\" class=\"v-a-link\" title=\"Los sorprendentes consejos del entrenador Marc Batlle para adelgazar en verano: \u00abNo te prohibas los helados\u00ab\"><br \/>\n<img loading=\"lazy\" class=\"v-a-img\" src=\"http:\/\/cordobainforma.info\/wp-content\/uploads\/2025\/08\/comer-proteina-es-el-secreto-para-reducir-los-antojos-de-dulce-segun-la-medico-isabella-diaz-1.jpg\" alt=\"Los sorprendentes consejos del entrenador Marc Batlle para adelgazar en verano: \u00abNo te prohibas los helados\u00ab\"><br \/>\n<\/a><br \/>\n<\/figure>\n<\/div>\n<\/article>\n<\/div>\n<div class=\"v-g__c \">\n<article class=\"v-a v-a--cmp-rld v-a--cmp-rld-2 v-a--p-l\">\n<div class=\"v-a-img-c\">\n<figure class=\"v-a-fig\">\n<a href=\"https:\/\/www.mujerhoy.com\/vivir\/bienestar\/nutricionista-pablo-ojeda-desmiente-mito-pollo-amarillo-no-es-mas-sano-20250725135650-nt.html#vtm_modulosEngag=mod-rel:vivir:noticia:2:cmp:2-not\" class=\"v-a-link\" title=\"El nutricionista Pablo Ojeda, desmiente el mito: \u00abQue el pollo sea amarillo no significa que sea m\u00e1s sano\u00bb\"><br \/>\n<img loading=\"lazy\" class=\"v-a-img\" src=\"http:\/\/cordobainforma.info\/wp-content\/uploads\/2025\/08\/comer-proteina-es-el-secreto-para-reducir-los-antojos-de-dulce-segun-la-medico-isabella-diaz-2.jpg\" alt=\"El nutricionista Pablo Ojeda, desmiente el mito: \u00abQue el pollo sea amarillo no significa que sea m\u00e1s sano\u00bb\"><br \/>\n<\/a><br \/>\n<\/figure>\n<\/div>\n<\/article>\n<\/div>\n<\/div>\n<\/div>\n<\/div>\n<p class=\"voc-paragraph\">Pero, adem\u00e1s de consumir una adecuada cantidad de prote\u00edna, la doctora tambi\u00e9n recomienda complementar la dieta con suplementos de amino\u00e1cidos esenciales y creatina. <a href=\"https:\/\/www.mujerhoy.com\/vivir\/fitness\/creatina-polemico-suplemento-mejorar-rendimiento-aumentar-musculo-20221106142623-nt.html\" data-voc-vtm-id=\"in-text-traffic\" title=\"La creatina\" data-mrf-link=\"www.mujerhoy.com\">La creatina<\/a> es una sustancia natural presente en el cuerpo conocida por su papel en la producci\u00f3n de energ\u00eda para las c\u00e9lulas, especialmente durante el ejercicio de alta intensidad. De hecho, se utiliza como suplemento deportivo para <strong>mejorar el rendimiento y aumentar la masa muscular<\/strong> pero, seg\u00fan D\u00edaz, \u00abla creatina te va a ayudar a mantener tu masa muscular, incluso sin hacer ejercicio f\u00edsico\u00bb.<\/p>\n<p><h3 class=\"v-cmp-suh\">\nBeneficios de la prote\u00edna<br \/>\n<\/h3>\n<\/p>\n<p class=\"voc-paragraph\">Como hemos comentado, la prote\u00edna es esencial para <strong>el crecimiento y la reparaci\u00f3n de la masa muscular<\/strong>, siempre y cuando la combines con la pr\u00e1ctica habitual de ejercicio. Pero tambi\u00e9n es fundamental para mantener la salud de la piel, el cabello y las u\u00f1as, puesto que contribuye a la reparaci\u00f3n de la totalidad de tejidos del cuerpo.<\/p>\n<p class=\"voc-paragraph\">Adem\u00e1s de fortalecer los m\u00fasculos, la prote\u00edna juega un papel clave en <strong>el sistema inmunol\u00f3gico<\/strong>. Ayuda a formar anticuerpos que combaten virus y bacterias, protegiendo al cuerpo de enfermedades. Tambi\u00e9n participa en la creaci\u00f3n de enzimas y hormonas que regulan funciones importantes como la digesti\u00f3n y el metabolismo.<\/p>\n<p class=\"voc-paragraph\">Otro gran beneficio de la prote\u00edna es que<strong> ayuda a controlar el apetito<\/strong>. Al comer alimentos ricos en prote\u00edna, te sientes saciado por m\u00e1s tiempo, lo que puede ser \u00fatil para mantener un peso saludable. Esto se debe a que la prote\u00edna reduce la liberaci\u00f3n de hormonas relacionadas con el hambre (leptina y grelina). Incluir prote\u00ednas en cada comida ayuda a evitar los antojos y los bajones de energ\u00eda, promoviendo una alimentaci\u00f3n m\u00e1s equilibrada y sostenible.<\/p>\n<p><h3 class=\"v-cmp-suh\">\nEn qu\u00e9 alimentos podemos encontrar prote\u00edna<br \/>\n<\/h3>\n<\/p>\n<p class=\"voc-paragraph\">Las prote\u00ednas que m\u00e1s se consumen son las de origen animal, que puedes encontrar en alimentos como<strong> la carne <\/strong>de res, pollo, pavo, cerdo y pescado, adem\u00e1s de<strong> los huevos y productos l\u00e1cteos <\/strong>como el queso, el yogur y la leche. Estos alimentos contienen todos los amino\u00e1cidos esenciales, lo que los convierte en prote\u00ednas completas.<\/p>\n<p class=\"voc-paragraph\">Pero tambi\u00e9n puedes encontrar este nutriente en <a href=\"https:\/\/www.mujerhoy.com\/vivir\/bienestar\/quinoa-alimento-origen-vegetal-proteinas-omega-3-adelgazar-20240909074640-nt.html\" data-voc-vtm-id=\"in-text-traffic\" title=\"alimentos de origen vegetal\" data-mrf-link=\"www.mujerhoy.com\">alimentos de origen vegetal<\/a>, como<strong> las legumbres<\/strong>, incluyendo lentejas, garbanzos, alubias y guisantes. Tambi\u00e9n est\u00e1n presentes en <strong>frutos secos <\/strong>como las almendras, nueces y pistachos, as\u00ed como en <strong>semillas <\/strong>como las de ch\u00eda, lino o girasol. Otros alimentos ricos en prote\u00edna vegetal incluyen la quinoa, el tofu, el tempeh y la soja.<\/p>\n<p class=\"voc-paragraph\">Algunas prote\u00ednas de origen vegetal <strong>no son completas <\/strong>porque carecen de uno o m\u00e1s amino\u00e1cidos esenciales. Sin embargo, al combinar alimentos vegetales distintos, como legumbres con cereales (por ejemplo, lentejas con arroz), se pueden obtener prote\u00ednas completas. Esta combinaci\u00f3n permite que el cuerpo reciba todos los amino\u00e1cidos necesarios.<\/p>\n<div class=\"v-c-cmp v-c-cmp--t1 \">\n<div class=\"v-cmp-rld v-cmp-rld--2 \">\n<div class=\"v-cnt-m v-cnt-m--m\">\n<div class=\"v-cnt-m__c\">\n<div class=\"v-cnt-m__w v-cnt-m__w--1\">\n<p class=\"v-cnt-m__t\">\nTAMBI\u00c9N TE INTERESA\n<\/p>\n<\/div>\n<\/div>\n<\/div>\n<div class=\"v-g v-g--2-c v-g--bdr-min-xs\">\n<div class=\"v-g__c \">\n<article class=\"v-a v-a--cmp-rld v-a--cmp-rld-2 v-a--p-l\">\n<div class=\"v-a-img-c\">\n<figure class=\"v-a-fig\">\n<a href=\"https:\/\/www.mujerhoy.com\/vivir\/bienestar\/karen-alarcon-medico-digestivo-desmonta-mito-desayuno-saludable-fruta-pico-glucosa-20250721181132-nt.html#vtm_modulosEngag=mod-rel:vivir:noticia:1:cmp:2-not\" class=\"v-a-link\" title=\"Karen Alarc\u00f3n, m\u00e9dico digestivo, desmonta el mito del desayuno saludable: \u00abDesayunar fruta es un error\u00bb\"><br \/>\n<img loading=\"lazy\" class=\"v-a-img\" src=\"http:\/\/cordobainforma.info\/wp-content\/uploads\/2025\/08\/comer-proteina-es-el-secreto-para-reducir-los-antojos-de-dulce-segun-la-medico-isabella-diaz-3.jpg\" alt=\"Karen Alarc\u00f3n, m\u00e9dico digestivo, desmonta el mito del desayuno saludable: \u00abDesayunar fruta es un error\u00bb\"><br \/>\n<\/a><br \/>\n<\/figure>\n<\/div>\n<\/article>\n<\/div>\n<div class=\"v-g__c \">\n<article class=\"v-a v-a--cmp-rld v-a--cmp-rld-2 v-a--p-l\">\n<div class=\"v-a-img-c\">\n<figure class=\"v-a-fig\">\n<a href=\"https:\/\/www.mujerhoy.com\/vivir\/bienestar\/experto-longevidad-valter-longo-advierte-consumo-excesivo-fruta-azucar-fructosa-20250715201955-nt.html#vtm_modulosEngag=mod-rel:vivir:noticia:2:cmp:2-not\" class=\"v-a-link\" title=\"El experto en longevidad, Valter Longo, advierte sobre el consumo de fruta: \u00abTe est\u00e1s atiborrando a az\u00facares\u00bb\"><br \/>\n<img loading=\"lazy\" class=\"v-a-img\" src=\"http:\/\/cordobainforma.info\/wp-content\/uploads\/2025\/08\/comer-proteina-es-el-secreto-para-reducir-los-antojos-de-dulce-segun-la-medico-isabella-diaz-4.jpg\" alt=\"El experto en longevidad, Valter Longo, advierte sobre el consumo de fruta: \u00abTe est\u00e1s atiborrando a az\u00facares\u00bb\"><br \/>\n<\/a><br \/>\n<\/figure>\n<\/div>\n<\/article>\n<\/div>\n<\/div>\n<\/div>\n<\/div>\n","protected":false},"excerpt":{"rendered":"<p>Los mayores enemigos de la p\u00e9rdida de peso son los antojos, esa necesidad imperiosa de comer algo que puede entrarte entre las comidas principales. \u00bfY por qu\u00e9? Porque, generalmente, lo que tanto nos apetece no es un trozo de br\u00f3coli ni una zanahoria, sino alimentos cargaditos de grasas saturadas o az\u00facar. Pero tanto si te [&hellip;]<\/p>\n","protected":false},"author":1,"featured_media":163901,"comment_status":"open","ping_status":"closed","sticky":false,"template":"","format":"standard","meta":[],"categories":[18],"tags":[],"_links":{"self":[{"href":"http:\/\/cordobainforma.info\/index.php\/wp-json\/wp\/v2\/posts\/163900"}],"collection":[{"href":"http:\/\/cordobainforma.info\/index.php\/wp-json\/wp\/v2\/posts"}],"about":[{"href":"http:\/\/cordobainforma.info\/index.php\/wp-json\/wp\/v2\/types\/post"}],"author":[{"embeddable":true,"href":"http:\/\/cordobainforma.info\/index.php\/wp-json\/wp\/v2\/users\/1"}],"replies":[{"embeddable":true,"href":"http:\/\/cordobainforma.info\/index.php\/wp-json\/wp\/v2\/comments?post=163900"}],"version-history":[{"count":0,"href":"http:\/\/cordobainforma.info\/index.php\/wp-json\/wp\/v2\/posts\/163900\/revisions"}],"wp:featuredmedia":[{"embeddable":true,"href":"http:\/\/cordobainforma.info\/index.php\/wp-json\/wp\/v2\/media\/163901"}],"wp:attachment":[{"href":"http:\/\/cordobainforma.info\/index.php\/wp-json\/wp\/v2\/media?parent=163900"}],"wp:term":[{"taxonomy":"category","embeddable":true,"href":"http:\/\/cordobainforma.info\/index.php\/wp-json\/wp\/v2\/categories?post=163900"},{"taxonomy":"post_tag","embeddable":true,"href":"http:\/\/cordobainforma.info\/index.php\/wp-json\/wp\/v2\/tags?post=163900"}],"curies":[{"name":"wp","href":"https:\/\/api.w.org\/{rel}","templated":true}]}}