{"id":163898,"date":"2025-08-05T06:40:36","date_gmt":"2025-08-05T06:40:36","guid":{"rendered":"https:\/\/www.mujerhoy.com\/moda\/no-te-pierdas\/maria-valverde-vestidos-mallorca-roba-protagonismo-reina-letizia-20250805135449-nt.html"},"modified":"2025-08-05T06:40:36","modified_gmt":"2025-08-05T06:40:36","slug":"los-looks-de-maria-valverde-en-mallorca-roba-protagonismo-a-la-reina-letizia-con-dos-vestidos-preciosos","status":"publish","type":"post","link":"http:\/\/cordobainforma.info\/index.php\/2025\/08\/05\/los-looks-de-maria-valverde-en-mallorca-roba-protagonismo-a-la-reina-letizia-con-dos-vestidos-preciosos\/","title":{"rendered":"Los looks de Mar\u00eda Valverde en Mallorca: roba protagonismo a la reina Letizia con dos vestidos preciosos"},"content":{"rendered":"<div class=\"media_block\"><\/div>\n<p><!-- AUTHOR --><\/p>\n<div class=\"voc-author-timesocial \">\n<!-- AUTHOR --><\/p>\n<div class=\"voc-author-timesocial__signature \">\n<!-- IMAGE AUTHOR -->\n<picture class=\"voc-image-signature\">\n<img class=\"voc-image-signature__img\" src=\"http:\/\/cordobainforma.info\/wp-content\/uploads\/2025\/08\/los-looks-de-maria-valverde-en-mallorca-roba-protagonismo-a-la-reina-letizia-con-dos-vestidos-preciosos.jpg\" alt=\"Raquel Rodr\u00edguez\">\n<\/picture>\n<!-- INFO AUTHOR --> <\/div><\/div>\n<p><!-- COMPONENTS --><\/p>\n<p class=\"voc-paragraph\">La clausura de la 15\u00aa edici\u00f3n del<strong> Atl\u00e0ntida Mallorca Film Fest 2025<\/strong> que se celebr\u00f3 este pasado domingo estuvo protagonizada por una <a href=\"https:\/\/www.mujerhoy.com\/moda\/no-te-pierdas\/reina-letizia-impacta-mallorca-vestido-blanco-brazalete-suma-cruz-20250803212434-nt.html\" title=\"www.mujerhoy.com\" data-voc-vtm-id=\"in-text-traffic\" data-mrf-link=\"www.mujerhoy.com\">reina Letizia que reapareci\u00f3 espectacular<\/a> y con el que podr\u00edamos decir que es uno de los mejores looks que ha llevado en los \u00faltimos meses. Pero no fue la \u00fanica. Esta cita cultural tuvo otros rostros conocidos que tambi\u00e9n derrocharon estilo y elegancia.<\/p>\n<p class=\"voc-paragraph\">Y es que, la \u00faltima jornada de este festival de cine y que estuvo presidida por la mujer de Felipe VI tuvo como invitada VIP a <a href=\"https:\/\/www.mujerhoy.com\/temas\/personajes\/maria-valverde.html\" title=\"www.mujerhoy.com\" data-voc-vtm-id=\"in-text-traffic\" data-mrf-link=\"www.mujerhoy.com\">Mar\u00eda Valverde<\/a>, quien acudi\u00f3 junto a su marido, el compositor Gustavo Dudamel. Y s\u00ed, la actriz consigui\u00f3 robar parte del protagonismo a do\u00f1a Letizia gracias a un<strong> vestido rosa <\/strong>por el que muchas ya preguntan.<\/p>\n<div class=\"v-c-cmp v-c-cmp--t1 \">\n<div class=\"v-cmp-rld v-cmp-rld--2 \">\n<div class=\"v-cnt-m v-cnt-m--m\">\n<div class=\"v-cnt-m__c\">\n<div class=\"v-cnt-m__w v-cnt-m__w--1\">\n<p class=\"v-cnt-m__t\">\nTAMBI\u00c9N TE INTERESA\n<\/p>\n<\/div>\n<\/div>\n<\/div>\n<div class=\"v-g v-g--2-c v-g--bdr-min-xs\">\n<div class=\"v-g__c \">\n<article class=\"v-a v-a--cmp-rld v-a--cmp-rld-2 v-a--p-l\">\n<div class=\"v-a-img-c\">\n<figure class=\"v-a-fig\">\n<a href=\"https:\/\/www.mujerhoy.com\/moda\/no-te-pierdas\/reina-letizia-revoluciono-mallorca-vestido-lencero-plateado-atlantida-film-festival-20250803192600-nt.html#vtm_modulosEngag=mod-rel:moda:noticia:1:cmp:2-not\" class=\"v-a-link\" title=\"El d\u00eda en el que la reina Letizia revolucion\u00f3 Mallorca con un vestido lencero: el mejor look del Atl\u00e1ntida Film Fest\"><br \/>\n<img loading=\"lazy\" class=\"v-a-img\" src=\"http:\/\/cordobainforma.info\/wp-content\/uploads\/2025\/08\/los-looks-de-maria-valverde-en-mallorca-roba-protagonismo-a-la-reina-letizia-con-dos-vestidos-preciosos-1.jpg\" alt=\"El d\u00eda en el que la reina Letizia revolucion\u00f3 Mallorca con un vestido lencero: el mejor look del Atl\u00e1ntida Film Fest\"><br \/>\n<\/a><br \/>\n<\/figure>\n<\/div>\n<\/article>\n<\/div>\n<div class=\"v-g__c \">\n<article class=\"v-a v-a--cmp-rld v-a--cmp-rld-2 v-a--p-l\">\n<div class=\"v-a-img-c\">\n<figure class=\"v-a-fig\">\n<a href=\"https:\/\/www.mujerhoy.com\/moda\/no-te-pierdas\/vestido-favorito-reina-letizia-novedades-sfera-20250804174542-nt.html#vtm_modulosEngag=mod-rel:moda:noticia:2:cmp:2-not\" class=\"v-a-link\" title=\"He encontrado en las novedades de Sfera el vestido favorito de la reina Letizia\"><br \/>\n<img loading=\"lazy\" class=\"v-a-img\" src=\"http:\/\/cordobainforma.info\/wp-content\/uploads\/2025\/08\/los-looks-de-maria-valverde-en-mallorca-roba-protagonismo-a-la-reina-letizia-con-dos-vestidos-preciosos-2.jpg\" alt=\"He encontrado en las novedades de Sfera el vestido favorito de la reina Letizia\"><br \/>\n<\/a><br \/>\n<\/figure>\n<\/div>\n<\/article>\n<\/div>\n<\/div>\n<\/div>\n<\/div>\n<p class=\"voc-paragraph\">La presencia de Mar\u00eda Valverde en esta nueva edici\u00f3n del se deb\u00eda a que la clausura oficial culmin\u00f3 con la presentaci\u00f3n del estreno en Espa\u00f1a de la pel\u00edcula \u00abEl canto de las manos\u00bb. Un proyecto del que <strong>la actriz es directora <\/strong>y que ha llevado a cabo junto a Gustavo Dudamel, quien ha ejercido de productor.<\/p>\n<p class=\"voc-paragraph\">Por la ma\u00f1ana, en la presentaci\u00f3n de este documental en el que graba el proceso de llevar a escena la \u00f3pera Fidelio de Beethoven a la lengua de signos, la actriz escogi\u00f3 un look de d\u00eda que ha causado sensaci\u00f3n. Era un estilismo formado por un dos piezas de<strong> Pedro del Hierro<\/strong> que ha sido de lo m\u00e1s aplaudido.<\/p>\n<div class=\"v-c-cmp \">\n<div class=\"v-cmp-m v-cmp-m--t1\">\n<article class=\"v-a v-a--cmp-m v-c-cmp--m-p\">\n<div class=\"v-a-img-c v-a-img-c--fw-xs\">\n<div class=\"v-a-fig\">\n<div class=\"v-a-link\">\n<img loading=\"lazy\" src=\"http:\/\/cordobainforma.info\/wp-content\/uploads\/2025\/08\/los-looks-de-maria-valverde-en-mallorca-roba-protagonismo-a-la-reina-letizia-con-dos-vestidos-preciosos-3.jpg\" class=\"v-a-img\" width=\"650\" height=\"975\" alt=\"Mar\u00eda Valverde con un conjunto de Pedro del Hierro.\" data-voc-vtm-id=\"in-text-traffic\">\n<\/div><figcaption class=\"v-fc\">\n<span class=\"v-fc__t\"><br \/>\nMar\u00eda Valverde con un conjunto de Pedro del Hierro.<br \/>\n<\/span><br \/>\n<span class=\"v-fc__p\"><br \/>\nLimited Pictures<br \/>\n<\/span><br \/>\n<\/figcaption><\/div>\n<\/div>\n<\/article>\n<\/div>\n<\/div>\n<p class=\"voc-paragraph\">De la mano de la estilista Cindy Figueroa, Mar\u00eda Valverde deslumbr\u00f3 frente a la Catedral de Santa Mar\u00eda de Mallorca gracias a un conjunto de la firma espa\u00f1ola recientemente galardonada en los <strong>Premios Academia de la Moda <\/strong>que se celebraron hace unas semanas. Y s\u00ed, fue todo un acierto.<\/p>\n<p class=\"voc-paragraph\">Era un look en color blanco compuesto por una falda midi de talle alto y con mucho vuelo y un top crop sin mangas con el d<strong>etalle de los p\u00e9talos de una flor <\/strong>como adorno. Un estilismo que complet\u00f3 con <strong>sandalias de tac\u00f3n plateadas de Gioseppo<\/strong> y que poco tiene que envidiar al que luci\u00f3 por la noche.<\/p>\n<div class=\"v-c-cmp \">\n<div class=\"v-cmp-m v-cmp-m--t1\">\n<article class=\"v-a v-a--cmp-m v-c-cmp--m-p\">\n<div class=\"v-a-img-c v-a-img-c--fw-xs\">\n<div class=\"v-a-fig\">\n<div class=\"v-a-link\">\n<img loading=\"lazy\" src=\"http:\/\/cordobainforma.info\/wp-content\/uploads\/2025\/08\/los-looks-de-maria-valverde-en-mallorca-roba-protagonismo-a-la-reina-letizia-con-dos-vestidos-preciosos-4.jpg\" class=\"v-a-img\" width=\"650\" height=\"975\" alt=\"Gustavo Dudamel y Mar\u00eda Valverde saludan a la reina Letizia.\" data-voc-vtm-id=\"in-text-traffic\">\n<\/div><figcaption class=\"v-fc\">\n<span class=\"v-fc__t\"><br \/>\nGustavo Dudamel y Mar\u00eda Valverde saludan a la reina Letizia.<br \/>\n<\/span><br \/>\n<span class=\"v-fc__p\"><br \/>\nLimited Pitures<br \/>\n<\/span><br \/>\n<\/figcaption><\/div>\n<\/div>\n<\/article>\n<\/div>\n<\/div>\n<p class=\"voc-paragraph\">Para la gala de clausura y para su encuentro con la reina Letizia, escogi\u00f3 un precioso vestido de color rosa de <strong>Baro Lucas<\/strong>, la firma del dise\u00f1ador espa\u00f1ol que cuenta con un Atelier en Tordesillas (Valladolid) y que tiene como se\u00f1a de identidad la b\u00fasqueda del lujo en la sencillez. <\/p>\n<p class=\"voc-paragraph\">La opci\u00f3n elegida por Mar\u00eda Valverde era un vestido confeccionado en tafet\u00e1n ligero con cuello a la caja, sin mangas y con un<strong> corte a la cadera <\/strong>de largo midi. La parte de la falda estaba fruncida en la l\u00ednea de la cadera para su volumen y movimiento. <\/p>\n<div class=\"v-c-cmp \">\n<div class=\"v-cmp-m v-cmp-m--t1\">\n<article class=\"v-a v-a--cmp-m v-c-cmp--m-p\">\n<div class=\"v-a-img-c v-a-img-c--fw-xs\">\n<div class=\"v-a-fig\">\n<div class=\"v-a-link\">\n<img loading=\"lazy\" src=\"http:\/\/cordobainforma.info\/wp-content\/uploads\/2025\/08\/los-looks-de-maria-valverde-en-mallorca-roba-protagonismo-a-la-reina-letizia-con-dos-vestidos-preciosos-5.jpg\" class=\"v-a-img\" width=\"650\" height=\"975\" alt=\"Mar\u00eda Valverde con un vestido de Baro Lucas.\" data-voc-vtm-id=\"in-text-traffic\">\n<\/div><figcaption class=\"v-fc\">\n<span class=\"v-fc__t\"><br \/>\nMar\u00eda Valverde con un vestido de Baro Lucas.<br \/>\n<\/span><br \/>\n<span class=\"v-fc__p\"><br \/>\nLimited Pictures<br \/>\n<\/span><br \/>\n<\/figcaption><\/div>\n<\/div>\n<\/article>\n<\/div>\n<\/div>\n<p class=\"voc-paragraph\">Se trata de un dise\u00f1o que ha sido confeccionado a mano en Espa\u00f1a y que se encuentra a la venta en la web de la firma por <strong>540 euros<\/strong>. La actriz lo combin\u00f3 con las mismas sandalias de tac\u00f3n c\u00f3modo de Gioseppo de por la ma\u00f1ana, dej\u00f3 su melena XL suelta, a\u00f1adi\u00f3 unas <strong>espectaculares joyas de Mumit <\/strong>y complet\u00f3 el look con un labio rojo que le sentaba de lujo.<\/p>\n<div class=\"v-c-cmp v-c-cmp--t1 \">\n<div class=\"v-cmp-rld v-cmp-rld--2 \">\n<div class=\"v-cnt-m v-cnt-m--m\">\n<div class=\"v-cnt-m__c\">\n<div class=\"v-cnt-m__w v-cnt-m__w--1\">\n<p class=\"v-cnt-m__t\">\nTAMBI\u00c9N TE INTERESA\n<\/p>\n<\/div>\n<\/div>\n<\/div>\n<div class=\"v-g v-g--2-c v-g--bdr-min-xs\">\n<div class=\"v-g__c \">\n<article class=\"v-a v-a--cmp-rld v-a--cmp-rld-2 v-a--p-l\">\n<div class=\"v-a-img-c\">\n<figure class=\"v-a-fig\">\n<a href=\"https:\/\/www.mujerhoy.com\/celebrities\/maria-valverde-gustavo-dudamel-boda-sorpresa-dramatica-ruptura-mario-casas-infidelidad-20230211132231-nt.html#vtm_modulosEngag=mod-rel:moda:noticia:1:cmp:2-not\" class=\"v-a-link\" title=\"La discreta historia de amor de Mar\u00eda Valverde y Gustavo Dudamel: una ruptura dolorosa, un divorcio y una boda sorpresa\"><br \/>\n<img loading=\"lazy\" class=\"v-a-img\" src=\"http:\/\/cordobainforma.info\/wp-content\/uploads\/2025\/08\/los-looks-de-maria-valverde-en-mallorca-roba-protagonismo-a-la-reina-letizia-con-dos-vestidos-preciosos-6.jpg\" alt=\"La discreta historia de amor de Mar\u00eda Valverde y Gustavo Dudamel: una ruptura dolorosa, un divorcio y una boda sorpresa\"><br \/>\n<\/a><br \/>\n<\/figure>\n<\/div>\n<\/article>\n<\/div>\n<div class=\"v-g__c \">\n<article class=\"v-a v-a--cmp-rld v-a--cmp-rld-2 v-a--p-l\">\n<div class=\"v-a-img-c\">\n<figure class=\"v-a-fig\">\n<a href=\"https:\/\/www.mujerhoy.com\/celebrities\/alberto-iglesias-premio-cine-mallorca-familia-pareja-letizia-20250804101035-nt.html#vtm_modulosEngag=mod-rel:moda:noticia:2:cmp:2-not\" class=\"v-a-link\" title=\"La vida privada de Alberto Iglesias, el m\u00fasico premiado por Letizia en Mallorca: \u00abDice mucho de su actitud\u00bb\"><br \/>\n<img loading=\"lazy\" class=\"v-a-img\" src=\"http:\/\/cordobainforma.info\/wp-content\/uploads\/2025\/08\/los-looks-de-maria-valverde-en-mallorca-roba-protagonismo-a-la-reina-letizia-con-dos-vestidos-preciosos-7.jpg\" alt=\"La vida privada de Alberto Iglesias, el m\u00fasico premiado por Letizia en Mallorca: \u00abDice mucho de su actitud\u00bb\"><br \/>\n<\/a><br \/>\n<\/figure>\n<\/div>\n<\/article>\n<\/div>\n<\/div>\n<\/div>\n<\/div>\n","protected":false},"excerpt":{"rendered":"<p>La clausura de la 15\u00aa edici\u00f3n del Atl\u00e0ntida Mallorca Film Fest 2025 que se celebr\u00f3 este pasado domingo estuvo protagonizada por una reina Letizia que reapareci\u00f3 espectacular y con el que podr\u00edamos decir que es uno de los mejores looks que ha llevado en los \u00faltimos meses. Pero no fue la \u00fanica. Esta cita cultural [&hellip;]<\/p>\n","protected":false},"author":1,"featured_media":163899,"comment_status":"closed","ping_status":"closed","sticky":false,"template":"","format":"standard","meta":[],"categories":[24],"tags":[],"_links":{"self":[{"href":"http:\/\/cordobainforma.info\/index.php\/wp-json\/wp\/v2\/posts\/163898"}],"collection":[{"href":"http:\/\/cordobainforma.info\/index.php\/wp-json\/wp\/v2\/posts"}],"about":[{"href":"http:\/\/cordobainforma.info\/index.php\/wp-json\/wp\/v2\/types\/post"}],"author":[{"embeddable":true,"href":"http:\/\/cordobainforma.info\/index.php\/wp-json\/wp\/v2\/users\/1"}],"replies":[{"embeddable":true,"href":"http:\/\/cordobainforma.info\/index.php\/wp-json\/wp\/v2\/comments?post=163898"}],"version-history":[{"count":0,"href":"http:\/\/cordobainforma.info\/index.php\/wp-json\/wp\/v2\/posts\/163898\/revisions"}],"wp:featuredmedia":[{"embeddable":true,"href":"http:\/\/cordobainforma.info\/index.php\/wp-json\/wp\/v2\/media\/163899"}],"wp:attachment":[{"href":"http:\/\/cordobainforma.info\/index.php\/wp-json\/wp\/v2\/media?parent=163898"}],"wp:term":[{"taxonomy":"category","embeddable":true,"href":"http:\/\/cordobainforma.info\/index.php\/wp-json\/wp\/v2\/categories?post=163898"},{"taxonomy":"post_tag","embeddable":true,"href":"http:\/\/cordobainforma.info\/index.php\/wp-json\/wp\/v2\/tags?post=163898"}],"curies":[{"name":"wp","href":"https:\/\/api.w.org\/{rel}","templated":true}]}}