{"id":163880,"date":"2025-08-05T04:29:18","date_gmt":"2025-08-05T04:29:18","guid":{"rendered":"https:\/\/cordobainforma.info\/index.php\/2025\/08\/05\/nueva-carrera-se-suma-para-matricularse-licenciatura-en-comercializacion-y-marketing-de-cpce\/"},"modified":"2025-08-05T04:29:18","modified_gmt":"2025-08-05T04:29:18","slug":"nueva-carrera-se-suma-para-matricularse-licenciatura-en-comercializacion-y-marketing-de-cpce","status":"publish","type":"post","link":"http:\/\/cordobainforma.info\/index.php\/2025\/08\/05\/nueva-carrera-se-suma-para-matricularse-licenciatura-en-comercializacion-y-marketing-de-cpce\/","title":{"rendered":"<b>Nueva<\/b> carrera se suma para matricularse: licenciatura en Comercializaci\u00f3n y Marketing de &#8230; &#8211; CPCE"},"content":{"rendered":"<p>Se agrega a las de Contador P\u00fablico, Licenciado en Administraci\u00f3n, Licenciado en <b>Econom\u00eda<\/b>, Actuario, y carreras relacionadas con la administraci\u00f3n,&nbsp;&#8230; <\/p>\n","protected":false},"excerpt":{"rendered":"<p>Se agrega a las de Contador P\u00fablico, Licenciado en Administraci\u00f3n, Licenciado en Econom\u00eda, Actuario, y carreras relacionadas con la administraci\u00f3n,&nbsp;&#8230;<\/p>\n","protected":false},"author":1,"featured_media":0,"comment_status":"closed","ping_status":"closed","sticky":false,"template":"","format":"standard","meta":[],"categories":[23],"tags":[],"_links":{"self":[{"href":"http:\/\/cordobainforma.info\/index.php\/wp-json\/wp\/v2\/posts\/163880"}],"collection":[{"href":"http:\/\/cordobainforma.info\/index.php\/wp-json\/wp\/v2\/posts"}],"about":[{"href":"http:\/\/cordobainforma.info\/index.php\/wp-json\/wp\/v2\/types\/post"}],"author":[{"embeddable":true,"href":"http:\/\/cordobainforma.info\/index.php\/wp-json\/wp\/v2\/users\/1"}],"replies":[{"embeddable":true,"href":"http:\/\/cordobainforma.info\/index.php\/wp-json\/wp\/v2\/comments?post=163880"}],"version-history":[{"count":0,"href":"http:\/\/cordobainforma.info\/index.php\/wp-json\/wp\/v2\/posts\/163880\/revisions"}],"wp:attachment":[{"href":"http:\/\/cordobainforma.info\/index.php\/wp-json\/wp\/v2\/media?parent=163880"}],"wp:term":[{"taxonomy":"category","embeddable":true,"href":"http:\/\/cordobainforma.info\/index.php\/wp-json\/wp\/v2\/categories?post=163880"},{"taxonomy":"post_tag","embeddable":true,"href":"http:\/\/cordobainforma.info\/index.php\/wp-json\/wp\/v2\/tags?post=163880"}],"curies":[{"name":"wp","href":"https:\/\/api.w.org\/{rel}","templated":true}]}}