{"id":163840,"date":"2025-08-04T22:33:16","date_gmt":"2025-08-04T22:33:16","guid":{"rendered":"https:\/\/www.clarin.com\/deportes\/cooper-lutkenhaus-apenas-16-anos-revoluciono-atletismo-mundial-marca-infernal-800-metros_0_aIet61ug1K.html"},"modified":"2025-08-04T22:33:16","modified_gmt":"2025-08-04T22:33:16","slug":"cooper-lutkenhaus-tiene-apenas-16-anos-y-revoluciono-el-atletismo-mundial-con-una-marca-infernal-en-los-800-metros","status":"publish","type":"post","link":"http:\/\/cordobainforma.info\/index.php\/2025\/08\/04\/cooper-lutkenhaus-tiene-apenas-16-anos-y-revoluciono-el-atletismo-mundial-con-una-marca-infernal-en-los-800-metros\/","title":{"rendered":"Cooper Lutkenhaus tiene apenas 16 a\u00f1os y revolucion\u00f3 el atletismo mundial con una marca infernal en los 800 metros"},"content":{"rendered":"<p><img src=\"http:\/\/cordobainforma.info\/wp-content\/uploads\/2025\/08\/cooper-lutkenhaus-tiene-apenas-16-anos-y-revoluciono-el-atletismo-mundial-con-una-marca-infernal-en-los-800-metros.jpg\"><\/p>\n<div><img src=\"http:\/\/cordobainforma.info\/wp-content\/uploads\/2025\/08\/cooper-lutkenhaus-tiene-apenas-16-anos-y-revoluciono-el-atletismo-mundial-con-una-marca-infernal-en-los-800-metros-2.jpg\" class=\"ff-og-image-inserted\"><\/div>\n<div id=\"element-body-0\" readability=\"62\">\n<p>En los \u00faltimos a\u00f1os <strong>ya empieza a ser moneda corriente ver ciertos registros en el atletismo que causan asombro<\/strong>. Los expertos en ciencias del entrenamiento, deport\u00f3logos y preparadores de todo tipo estudian como las nuevas tecnolog\u00edas \u2013sobre todo en el calzado- influyen en el rendimiento. Y hay explicaciones de todo tipo, inclusive con el mayor rigor cient\u00edfico. Pero lo que viene sucediendo en las \u00faltimas semanas con algunos adolescentes\/prodigio \u2013con marcas que a las s\u00faper figuras les lleva d\u00e9cadas de preparaci\u00f3n- reci\u00e9n empezar\u00e1 a estudiarse desde ahora.<\/p>\n<\/div>\n<div id=\"element-body-1\" readability=\"63\">\n<p>La <strong>oleada africana<\/strong> en el atletismo hizo que tambi\u00e9n movieran toda la estanter\u00eda en las \u00faltimas d\u00e9cadas en las pruebas de mediofondo y fondo. Pero, c\u00f3mo sabemos y c\u00f3mo sucede en casi todos los deportes (incluidos los Mundiales Juveniles de f\u00fatbol), la edad -real- de los chicos africanos siempre queda como inc\u00f3gnita. Hace poco aparecieron velocistas por sitios inesperados, consiguiendo marcas que ni siquiera <strong>Usain Bolt<\/strong> alcanzaba a esa edad. <\/p>\n<\/div>\n<div id=\"element-body-2\" readability=\"67\">\n<p>Est\u00e1 el caso del japon\u00e9s <strong>Soratu Shimizu<\/strong>, clase 2009, quien \u201cclav\u00f3\u201d los 10 segundos en 100 metros hace pocos d\u00edas en el Campeonato Intercolegial de su pa\u00eds. Y en Australia, el promocionado <strong>Gout Gout<\/strong> \u2013oriundo de Sud\u00e1n del Sur- a sus 18 a\u00f1os ya corri\u00f3 los 100 metros en 9s99 con viento a favor y los 200 con 19s84, tambi\u00e9n ventosos, siendo 10s17 y 20s02 respectivamente sus mejores marcas reglamentarias. En distancias m\u00e1s largas comienza a brillar el nombre de <strong>Niels Laros<\/strong>, de Pa\u00edses Bajos, acaparando coronas europeas a sus 19 a\u00f1os.<\/p>\n<\/div>\n<div id=\"element-body-3\" readability=\"70\">\n<p>Pero este fin de semana en ese \u201ctemplo\u201d del atletismo que es el estadio Hayward Field en Eugene, Oregon, <strong>apareci\u00f3 un estadounidense de s\u00f3lo 16 a\u00f1os llamado Cooper Lutkenhaus con una marca directamente revolucionaria<\/strong>: 1 minuto, 42 segundos y 27 cent\u00e9simas sobre los 800 metros llanos. Es decir, las dos vueltas a la pista, una de las competencias m\u00e1s duras, pero tambi\u00e9n m\u00e1s atractivas del programa del atletismo. Lutkenhaus arras\u00f3 con el r\u00e9cord del mundo para la categor\u00eda Sub 18 -lo ten\u00eda un et\u00edope, <strong>Mohamed Aman<\/strong>, con 1m43s27 en 2011- y logr\u00f3 el segundo puesto de una apasionante final del Campeonato de Estados Unidos. De este modo se garantiz\u00f3 un sitio en el seleccionado que competir\u00e1 en el Campeonato Mundial de Tokio, en septiembre, donde <strong>se convertir\u00e1 en el atleta m\u00e1s joven de la historia en representaci\u00f3n del equipo m\u00e1s poderoso del evento<\/strong>.<\/p>\n<\/div>\n<div id=\"element-body-4\" readability=\"65\">\n<p>Enseguida se tratar\u00e1 de comprender la verdadera dimensi\u00f3n de su haza\u00f1a. Pero todo el ambiente atl\u00e9tico asiste a la aparici\u00f3n de un fen\u00f3meno del mediofondo que, en el caso de Estados Unidos, s\u00f3lo remite a seis d\u00e9cadas atr\u00e1s cuando surgi\u00f3 su <em>Golden Boy<\/em>, <strong>Jim Ryun<\/strong>, aunque sobre otra distancia, los 1.500 metros y la milla.<\/p>\n<\/div>\n<div id=\"element-body-6\" readability=\"60\">\n<p>Es tanta la dificultad que suponen los 800 metros llanos -carrera destinada a mediofondistas, pero que deben tener una gran velocidad de base- que el r\u00e9cord del mundo apenas se movi\u00f3 en los \u00faltimos 45 a\u00f1os.<\/p>\n<\/div>\n<div id=\"element-body-7\" readability=\"69\">\n<p>El brit\u00e1nico <strong>Sebastian Coe<\/strong>, actual presidente de World Athletics, estableci\u00f3 dicho r\u00e9cord con 1m41s73 en 1981, en Florencia. Reci\u00e9n 16 a\u00f1os m\u00e1s tarde pudo igualarlo <strong>Wilson Kipketer<\/strong>, un keniata que corr\u00eda para Dinamarca, y que luego lo mejor\u00f3 dos veces (1m41s24 y 1m41s11, ambas en 1997). Y pasar\u00edan 15 a\u00f1os hasta que otro keniata, <strong>David Rudisha<\/strong>, lo llevara a 1m40s91 en los Juegos Ol\u00edmpicos de Londres 2012. Desde entonces, ese registro es imbatible.<\/p>\n<\/div>\n<div id=\"element-body-8\" readability=\"64\">\n<p>Reci\u00e9n desde el a\u00f1o pasado apareci\u00f3 una generaci\u00f3n que se acerca, liderada por el tambi\u00e9n keniata <strong>Emmanuel Wanyoni<\/strong>, campe\u00f3n ol\u00edmpico en Par\u00eds y que ya corri\u00f3 en 1m41s11. Si tomamos en cuenta los diez hombres m\u00e1s r\u00e1pidos de todos los tiempos, todav\u00eda hay dos que figuran desde hace cuatro d\u00e9cadas (el citado Coe y el brasile\u00f1o <strong>Joaquim Cruz<\/strong>, campe\u00f3n ol\u00edmpico en Los Angeles 1985). <strong>Solo cinco de ese top ten son de la generaci\u00f3n actual.<\/strong><\/p>\n<\/div>\n<div id=\"element-body-9\" readability=\"63\">\n<p>La final de Estados Unidos del \u00faltimo domingo fue la m\u00e1s grande de la historia, sentenciada sobre la misma l\u00ednea de la meta por<strong> Donovan Brazier<\/strong> en 1m42s16. Otro caso curioso. <strong>Brazier fue campe\u00f3n del mundo en Doha 2019, pero luego las lesiones se ensa\u00f1aron con su f\u00edsico<\/strong>, pas\u00f3 por tres cirug\u00edas del tend\u00f3n de Aquiles y su ciclo parec\u00eda concluido. Volvi\u00f3 con su mejor marca.<\/p>\n<\/div>\n<div id=\"element-body-11\" readability=\"68\">\n<p><strong>Cooper Lutkenhaus <\/strong>iba en el sexto puesto hasta la recta opuesta, cuando inici\u00f3 su sorprendente <em>rush <\/em>que le llevar\u00eda hasta la medalla de plata, el r\u00e9cord del mundo para los U18 y la clasificaci\u00f3n mundialista. Releg\u00f3 al tercer puesto al recordman estadounidense <strong>Bryce Hoppel<\/strong>, que tiene 1m41s67 desde el a\u00f1o pasado, fue 4\u00b0 en los Juegos Ol\u00edmpicos de Par\u00eds 2024 y ahora marc\u00f3 1m42s49. Y se quedan fuera del equipo mundialista <strong>Josh Joey<\/strong>, campe\u00f3n mundial de pista cubierta 2025, y el ol\u00edmpico Brandon Miller. Sus marcas de 1m43s06 y 1m43s14, respectivamente, fueron insuficientes.<\/p>\n<\/div>\n<div id=\"element-body-12\" readability=\"63\">\n<p><strong>\u201cSab\u00eda que pod\u00eda conseguir mi marca personal, confiaba en bajar de 1m45&#8230; Pero lograr esta marca, es una sorpresa\u201d<\/strong>, admiti\u00f3 Lutkenhaus, que estableci\u00f3 el sexto mejor registro de la distancia en el a\u00f1o y el 18\u00b0 mejor de toda la historia. <\/p>\n<\/div>\n<div id=\"element-body-13\" readability=\"66\">\n<p>Nacido el 19 de diciembre de 2008, <strong>el atletismo le viene de familia<\/strong>. Su padre <strong>George<\/strong> tambi\u00e9n corr\u00eda distancias de mediofondo. Y tambi\u00e9n <strong>Andrew Lutkenhaus<\/strong>, el hermano mayor de Cooper. El menor comenz\u00f3 a mostrar sus dotes el a\u00f1o pasado, al cumplir su primera temporada en competencias intercolegiales (cursa en Northwest High School, en Fort Worth, Texas). Se le registr\u00f3 un mejor tiempo de 1m47s58 durante esa temporada, mientras que este a\u00f1o continuaba el ascenso: gan\u00f3 el Campeonato Nacional Intercolegial a fines de junio en 1m45s45.<\/p>\n<\/div>\n<div id=\"element-body-15\" readability=\"64\">\n<p>Ahora caus\u00f3 asombro. Pero, como siempre sucede con los juveniles prodigio, s\u00f3lo el tiempo dir\u00e1 cu\u00e1l ser\u00e1 su mejor versi\u00f3n en los compromisos mayores. Lo cierto es que ya se estacion\u00f3 en un lugar al cual, para casi todos los mediofondistas de primera clase, necesitan una d\u00e9cada \u2013o m\u00e1s- de preparaci\u00f3n intensiva y fogueo.<\/p>\n<\/div>\n","protected":false},"excerpt":{"rendered":"<p>En los \u00faltimos a\u00f1os ya empieza a ser moneda corriente ver ciertos registros en el atletismo que causan asombro. Los expertos en ciencias del entrenamiento, deport\u00f3logos y preparadores de todo tipo estudian como las nuevas tecnolog\u00edas \u2013sobre todo en el calzado- influyen en el rendimiento. Y hay explicaciones de todo tipo, inclusive con el mayor [&hellip;]<\/p>\n","protected":false},"author":1,"featured_media":163841,"comment_status":"closed","ping_status":"closed","sticky":false,"template":"","format":"standard","meta":[],"categories":[20],"tags":[],"_links":{"self":[{"href":"http:\/\/cordobainforma.info\/index.php\/wp-json\/wp\/v2\/posts\/163840"}],"collection":[{"href":"http:\/\/cordobainforma.info\/index.php\/wp-json\/wp\/v2\/posts"}],"about":[{"href":"http:\/\/cordobainforma.info\/index.php\/wp-json\/wp\/v2\/types\/post"}],"author":[{"embeddable":true,"href":"http:\/\/cordobainforma.info\/index.php\/wp-json\/wp\/v2\/users\/1"}],"replies":[{"embeddable":true,"href":"http:\/\/cordobainforma.info\/index.php\/wp-json\/wp\/v2\/comments?post=163840"}],"version-history":[{"count":0,"href":"http:\/\/cordobainforma.info\/index.php\/wp-json\/wp\/v2\/posts\/163840\/revisions"}],"wp:featuredmedia":[{"embeddable":true,"href":"http:\/\/cordobainforma.info\/index.php\/wp-json\/wp\/v2\/media\/163841"}],"wp:attachment":[{"href":"http:\/\/cordobainforma.info\/index.php\/wp-json\/wp\/v2\/media?parent=163840"}],"wp:term":[{"taxonomy":"category","embeddable":true,"href":"http:\/\/cordobainforma.info\/index.php\/wp-json\/wp\/v2\/categories?post=163840"},{"taxonomy":"post_tag","embeddable":true,"href":"http:\/\/cordobainforma.info\/index.php\/wp-json\/wp\/v2\/tags?post=163840"}],"curies":[{"name":"wp","href":"https:\/\/api.w.org\/{rel}","templated":true}]}}