{"id":163838,"date":"2025-08-04T23:03:43","date_gmt":"2025-08-04T23:03:43","guid":{"rendered":"https:\/\/www.clarin.com\/deportes\/partidos-perdera-messi-culpa-lesion-leve-llega-jugar-eliminatorias-argentina_0_FVMNwMZCEY.html"},"modified":"2025-08-04T23:03:43","modified_gmt":"2025-08-04T23:03:43","slug":"todos-los-partidos-que-se-perdera-messi-por-culpa-de-su-lesion-leve-llega-para-jugar-las-eliminatorias-con-la-argentina","status":"publish","type":"post","link":"http:\/\/cordobainforma.info\/index.php\/2025\/08\/04\/todos-los-partidos-que-se-perdera-messi-por-culpa-de-su-lesion-leve-llega-para-jugar-las-eliminatorias-con-la-argentina\/","title":{"rendered":"Todos los partidos que se perder\u00e1 Messi por culpa de su lesi\u00f3n \u00ableve\u00bb: \u00bfllega para jugar las Eliminatorias con la Argentina?"},"content":{"rendered":"<p><img src=\"http:\/\/cordobainforma.info\/wp-content\/uploads\/2025\/08\/todos-los-partidos-que-se-perdera-messi-por-culpa-de-su-lesion-leve-llega-para-jugar-las-eliminatorias-con-la-argentina.jpg\"><\/p>\n<div><img src=\"http:\/\/cordobainforma.info\/wp-content\/uploads\/2025\/08\/todos-los-partidos-que-se-perdera-messi-por-culpa-de-su-lesion-leve-llega-para-jugar-las-eliminatorias-con-la-argentina-2.jpg\" class=\"ff-og-image-inserted\"><\/div>\n<div id=\"element-body-0\" readability=\"62\">\n<p><em>\u00abLos resultados confirmaron una lesi\u00f3n muscular leve en la pierna derecha. Su alta m\u00e9dica depender\u00e1 de su evoluci\u00f3n cl\u00ednica y respuesta al tratamiento\u00bb<\/em>. El parte m\u00e9dico oficial que <strong>Inter Miami<\/strong> public\u00f3 a \u00faltima hora del domingo sobre el estado f\u00edsico de <strong>Lionel Messi<\/strong> trajo tranquilidad al hablar de algo \u00ableve\u00bb. Sin embargo, no especifica el tiempo de recuperaci\u00f3n que tendr\u00e1 el astro argentino. Tampoco aclara de qu\u00e9 tipo de lesi\u00f3n se trata la que sufri\u00f3 en su isquiotibial derecho el s\u00e1bado pasado ante Necaxa, obviando la palabra desgarro. <strong>\u00bfCu\u00e1ntos partidos podr\u00eda perderse el &#8217;10&#8217; y c\u00f3mo llegar\u00eda al cierre de las Eliminatorias Sudamericanas con la Selecci\u00f3n?<\/strong><\/p>\n<\/div>\n<div id=\"element-body-1\" readability=\"64\">\n<p>Una lesi\u00f3n muscular convencional, suponiendo que se refiere a una ruptura fibrilar, conlleva de m\u00ednimo unas tres semanas (21 d\u00edas) de rehabilitaci\u00f3n para un deportista de elite. Dependiendo del grado, del f\u00edsico, de la edad y del tratamiento, puede ser unos d\u00edas menos o unos d\u00edas m\u00e1s.<\/p>\n<\/div>\n<div id=\"element-body-2\" readability=\"63\">\n<p>De movida, Leo no podr\u00e1 estar en un juego clave para Inter Miami, este mi\u00e9rcoles ante <strong>Pumas de M\u00e9xico<\/strong> por la Leagues Cup. Se trata del \u00faltimo cruce por la primera fase. El equipo de<strong> Javier Mascherano<\/strong> tiene 5 puntos y necesita ganar para asegurarse el pasaje a los cuartos de final. <strong>Tampoco estar\u00e1 en el cl\u00e1sico contra Orlando City, el pr\u00f3ximo s\u00e1bado por el torneo de la MLS.<\/strong><\/p>\n<\/div>\n<div id=\"element-body-3\" readability=\"64\">\n<p>\u00bfY despu\u00e9s? Siempre tomando el tiempo de recuperaci\u00f3n de un desgarro, es decir, tres semanas, Messi reci\u00e9n podr\u00eda estar en condiciones de retornar para fin de agosto. En el medio tambi\u00e9n estar\u00e1 ausente ante <strong>LA Galaxy<\/strong> (el s\u00e1bado 16) y ante <strong>DC United<\/strong> (el s\u00e1bado 23). Y si las Garzas logran clasificar en la Leagues Cup, no podr\u00e1 disputar el compromiso de cuartos de final (pautado entre el 18 y 19 de este mes) y una hipot\u00e9tica semifinal (26 o 27 de agosto).<\/p>\n<\/div>\n<div id=\"element-body-5\" readability=\"66\">\n<p>De acuerdo a los plazos estipulados par este tipo de lesiones, el capit\u00e1n del conjunto rosa podr\u00eda reaparecer para el partido contra <strong>Chicago Fire<\/strong>, el 30 de agosto, por la MLS. Ahora bien, si Inter Miami llega a la final de la Leagues Cup, la misma est\u00e1 planificada para el domingo 31, por lo que el cotejo con Chicago Fire deber\u00eda reprogramarse.<\/p>\n<\/div>\n<div id=\"element-body-6\" readability=\"62\">\n<p>Luego, <strong>Leo tendr\u00eda que subirse al avi\u00f3n y venir a la Argentina<\/strong> para los compromisos de las \u00faltimas dos fechas de las Eliminatorias en las que el combinado de Lionel Scaloni tiene ya asegurado el primer puesto: el jueves 4 de septiembre, la Scaloneta enfrentar\u00e1 a Venezuela de local y el 9 visitar\u00e1 a Ecuador en Quito.<\/p>\n<\/div>\n<div id=\"element-body-7\" readability=\"61\">\n<p>Teniendo en cuenta el tiempo de recuperaci\u00f3n de un desgarro convencional, si Messi efectivamente est\u00e1 tres semanas inactivo y vuelve reci\u00e9n para fines de agosto, l<strong>legar\u00e1 a los duelos con la Selecci\u00f3n con apenas un encuentro en el lomo.<\/strong><\/p>\n<\/div>\n<div id=\"element-body-8\" readability=\"61\">\n<p>Un dato no menor es que el choque con la <em>Vinotinto <\/em>podr\u00eda significar para el mejor futbolista del mundo su \u00faltima presentaci\u00f3n con la camiseta celeste y blanca en su pa\u00eds porque luego la AFA no tiene previstos amistosos en el territorio nacional antes del Mundial de 2026, al que el rosarino apunta a llegar en \u00f3ptimas condiciones.<\/p>\n<\/div>\n","protected":false},"excerpt":{"rendered":"<p>\u00abLos resultados confirmaron una lesi\u00f3n muscular leve en la pierna derecha. Su alta m\u00e9dica depender\u00e1 de su evoluci\u00f3n cl\u00ednica y respuesta al tratamiento\u00bb. El parte m\u00e9dico oficial que Inter Miami public\u00f3 a \u00faltima hora del domingo sobre el estado f\u00edsico de Lionel Messi trajo tranquilidad al hablar de algo \u00ableve\u00bb. Sin embargo, no especifica el [&hellip;]<\/p>\n","protected":false},"author":1,"featured_media":163839,"comment_status":"closed","ping_status":"closed","sticky":false,"template":"","format":"standard","meta":[],"categories":[20],"tags":[],"_links":{"self":[{"href":"http:\/\/cordobainforma.info\/index.php\/wp-json\/wp\/v2\/posts\/163838"}],"collection":[{"href":"http:\/\/cordobainforma.info\/index.php\/wp-json\/wp\/v2\/posts"}],"about":[{"href":"http:\/\/cordobainforma.info\/index.php\/wp-json\/wp\/v2\/types\/post"}],"author":[{"embeddable":true,"href":"http:\/\/cordobainforma.info\/index.php\/wp-json\/wp\/v2\/users\/1"}],"replies":[{"embeddable":true,"href":"http:\/\/cordobainforma.info\/index.php\/wp-json\/wp\/v2\/comments?post=163838"}],"version-history":[{"count":0,"href":"http:\/\/cordobainforma.info\/index.php\/wp-json\/wp\/v2\/posts\/163838\/revisions"}],"wp:featuredmedia":[{"embeddable":true,"href":"http:\/\/cordobainforma.info\/index.php\/wp-json\/wp\/v2\/media\/163839"}],"wp:attachment":[{"href":"http:\/\/cordobainforma.info\/index.php\/wp-json\/wp\/v2\/media?parent=163838"}],"wp:term":[{"taxonomy":"category","embeddable":true,"href":"http:\/\/cordobainforma.info\/index.php\/wp-json\/wp\/v2\/categories?post=163838"},{"taxonomy":"post_tag","embeddable":true,"href":"http:\/\/cordobainforma.info\/index.php\/wp-json\/wp\/v2\/tags?post=163838"}],"curies":[{"name":"wp","href":"https:\/\/api.w.org\/{rel}","templated":true}]}}