{"id":163834,"date":"2025-08-04T12:39:09","date_gmt":"2025-08-04T12:39:09","guid":{"rendered":"https:\/\/somoscordobeses.com\/2025\/08\/04\/martin-llaryora-y-daniel-passerini-anuncian-el-ensanche-del-camino-san-antonio\/"},"modified":"2025-08-04T12:39:09","modified_gmt":"2025-08-04T12:39:09","slug":"martin-llaryora-y-daniel-passerini-anuncian-el-ensanche-del-camino-san-antonio","status":"publish","type":"post","link":"http:\/\/cordobainforma.info\/index.php\/2025\/08\/04\/martin-llaryora-y-daniel-passerini-anuncian-el-ensanche-del-camino-san-antonio\/","title":{"rendered":"Mart\u00edn Llaryora y Daniel Passerini anuncian el ensanche del Camino San Antonio"},"content":{"rendered":"<div><img src=\"http:\/\/cordobainforma.info\/wp-content\/uploads\/2025\/08\/martin-llaryora-y-daniel-passerini-anuncian-el-ensanche-del-camino-san-antonio.jpg\" class=\"ff-og-image-inserted\"><\/div>\n<p>En la ma\u00f1ana de este lunes, el gobernador de <strong>C\u00f3rdoba<\/strong>, <strong>Mart\u00edn Llaryora<\/strong>, y el intendente capitalino, <strong>Daniel Passerini<\/strong>, anuncian desde el Palacio 6 de Julio el ensanche e iluminaci\u00f3n del Camino San Antonio.&nbsp;<\/p>\n<p>La obra, anticiparon, comprende la realizaci\u00f3n de obras hidr\u00e1ulicas complementarias que garantizan la sistematizaci\u00f3n vial e h\u00eddrica de esta ruta desde la avenida Circunvalaci\u00f3n hasta barrio Villa Rivadavia.<\/p>\n<p>La longitud total de la intervenci\u00f3n ser\u00e1 de 5.200 metros.<\/p>\n","protected":false},"excerpt":{"rendered":"<p>En la ma\u00f1ana de este lunes, el gobernador de C\u00f3rdoba, Mart\u00edn Llaryora, y el intendente capitalino, Daniel Passerini, anuncian desde el Palacio 6 de Julio el ensanche e iluminaci\u00f3n del Camino San Antonio.&nbsp; La obra, anticiparon, comprende la realizaci\u00f3n de obras hidr\u00e1ulicas complementarias que garantizan la sistematizaci\u00f3n vial e h\u00eddrica de esta ruta desde la [&hellip;]<\/p>\n","protected":false},"author":1,"featured_media":163835,"comment_status":"closed","ping_status":"closed","sticky":false,"template":"","format":"standard","meta":[],"categories":[2],"tags":[],"_links":{"self":[{"href":"http:\/\/cordobainforma.info\/index.php\/wp-json\/wp\/v2\/posts\/163834"}],"collection":[{"href":"http:\/\/cordobainforma.info\/index.php\/wp-json\/wp\/v2\/posts"}],"about":[{"href":"http:\/\/cordobainforma.info\/index.php\/wp-json\/wp\/v2\/types\/post"}],"author":[{"embeddable":true,"href":"http:\/\/cordobainforma.info\/index.php\/wp-json\/wp\/v2\/users\/1"}],"replies":[{"embeddable":true,"href":"http:\/\/cordobainforma.info\/index.php\/wp-json\/wp\/v2\/comments?post=163834"}],"version-history":[{"count":0,"href":"http:\/\/cordobainforma.info\/index.php\/wp-json\/wp\/v2\/posts\/163834\/revisions"}],"wp:featuredmedia":[{"embeddable":true,"href":"http:\/\/cordobainforma.info\/index.php\/wp-json\/wp\/v2\/media\/163835"}],"wp:attachment":[{"href":"http:\/\/cordobainforma.info\/index.php\/wp-json\/wp\/v2\/media?parent=163834"}],"wp:term":[{"taxonomy":"category","embeddable":true,"href":"http:\/\/cordobainforma.info\/index.php\/wp-json\/wp\/v2\/categories?post=163834"},{"taxonomy":"post_tag","embeddable":true,"href":"http:\/\/cordobainforma.info\/index.php\/wp-json\/wp\/v2\/tags?post=163834"}],"curies":[{"name":"wp","href":"https:\/\/api.w.org\/{rel}","templated":true}]}}