{"id":163690,"date":"2025-08-02T16:26:45","date_gmt":"2025-08-02T16:26:45","guid":{"rendered":"https:\/\/www.escribiendocine.com\/noticias\/2025\/08\/02\/20154-mama-esta-mas-chiquita-una-entranable-historia-musical-que-lo-arregla-todo"},"modified":"2025-08-02T16:26:45","modified_gmt":"2025-08-02T16:26:45","slug":"mama-esta-mas-chiquita-una-entranable-historia-musical-que-lo-arregla-todo","status":"publish","type":"post","link":"http:\/\/cordobainforma.info\/index.php\/2025\/08\/02\/mama-esta-mas-chiquita-una-entranable-historia-musical-que-lo-arregla-todo\/","title":{"rendered":"\u201cMam\u00e1 est\u00e1 m\u00e1s chiquita\u201d: una entra\u00f1able historia musical que \u201clo arregla todo\u201d"},"content":{"rendered":"<div class=\"media_block\"><\/div>\n<div><img src=\"http:\/\/cordobainforma.info\/wp-content\/uploads\/2025\/08\/mama-esta-mas-chiquita-una-entranable-historia-musical-que-lo-arregla-todo.jpg\" class=\"ff-og-image-inserted\"><\/div>\n<div readability=\"15.245901639344\">\n<div class=\"col-xs-12 col-sm-6 col-md-12 col-lg-3 no-padding col-der\" readability=\"7\">\n<p> <span class=\"fecha\">s\u00e1bado 02 de agosto de 2025 <\/span> <\/p>\n<\/p><\/div><\/div>\n<div readability=\"65\">\n<p>Todo t\u00edtulo del teatro musical, con gran trascendencia espacial y temporal, tiene por lo menos una canci\u00f3n de su repertorio que se ha convertido en una especie de himno popular. Por lo tanto, en cada adaptaci\u00f3n alrededor del mundo, dicho tema es celebrado con \u00e9nfasis desde la platea. <em>Totally Fucked<\/em> en <strong>Spring Awakening<\/strong>, <em>Light<\/em> en <strong>Next to normal<\/strong>, <em>You Will Be Found<\/em> en <strong>Dear Evan Hansen<\/strong>, <em>Seasons of Love<\/em> en <strong>Rent<\/strong>. La lista no solo puede continuar, sino que, en Argentina, tambi\u00e9n tiene que incluir <em>Llorar no arregla nada<\/em>, una pieza perteneciente a <strong>Mam\u00e1 est\u00e1 m\u00e1s chiquita<\/strong> que, en cada temporada de la obra, es esperada e interpretada con emoci\u00f3n, tanto por los artistas en escena como por el p\u00fablico en las butacas.<\/p>\n<p>La \u00faltima semana de julio, el premiado espect\u00e1culo creado por Ignacio Olivera y Juan Pablo Schapira, y dirigido por Marcelo Albamonte, cerr\u00f3 una nueva temporada, esta vez en el Teatro Metropolitan. Cada jueves, durante m\u00e1s de tres meses, la entra\u00f1able puesta esc\u00e9nica recibi\u00f3 a sus fieles fan\u00e1ticos y, a su vez, dio la bienvenida a nuevos visitantes. Tom\u00e1s Wicz, D\u00e9bora Turza, Juan Manuel Barrera y Beatriz Dellacasa fueron los encargados de narrar el relato cada semana, y seg\u00fan la funci\u00f3n se han sumado Paloma Sirven, Julia Tozzi y Roc\u00edo Hern\u00e1ndez.<\/p>\n<p><strong>Mam\u00e1 est\u00e1 m\u00e1s chiquita<\/strong> sigue a Rita, quien tiene dos hijos: Diego, de 18 a\u00f1os, y Clara, de 16. Diego es muy sensible, y en los \u00faltimos a\u00f1os su universo de fantas\u00eda ha ido ganando lugar por sobre la crudeza del mundo real. Mientras que Clara es una adolescente que intenta liberarse del ambiente opresivo de su casa, de la mano de su novio Germ\u00e1n. Un d\u00eda, Rita recibe una noticia que pone en cuesti\u00f3n sus pretensiones de controlar y proteger el nido para toda la vida. Se est\u00e1 haciendo m\u00e1s chiquita, y tarde o temprano va a desaparecer.<\/p>\n<p>Entre la realidad y la fantas\u00eda, en cada temporada, el p\u00fablico se ha sumergido en un viaje que ha resultado una monta\u00f1a rusa emocional, ya que los distintos pasajes generan desde sentidas l\u00e1grimas hasta genuinas carcajadas, con carism\u00e1ticos personajes y cautivantes situaciones. Sin dudas, la m\u00fasica es uno de los principales motores del relato. Dif\u00edcil que alg\u00fan espectador se vaya de la sala sin tararear al menos una canci\u00f3n, y m\u00e1s dif\u00edcil a\u00fan es que se vaya sin sentirse interpelado y sensibilizado por dicha obra art\u00edstica.&nbsp;&nbsp;<\/p>\n<\/p><\/div>\n","protected":false},"excerpt":{"rendered":"<p>s\u00e1bado 02 de agosto de 2025 Todo t\u00edtulo del teatro musical, con gran trascendencia espacial y temporal, tiene por lo menos una canci\u00f3n de su repertorio que se ha convertido en una especie de himno popular. Por lo tanto, en cada adaptaci\u00f3n alrededor del mundo, dicho tema es celebrado con \u00e9nfasis desde la platea. Totally [&hellip;]<\/p>\n","protected":false},"author":1,"featured_media":163691,"comment_status":"open","ping_status":"closed","sticky":false,"template":"","format":"standard","meta":[],"categories":[21],"tags":[],"_links":{"self":[{"href":"http:\/\/cordobainforma.info\/index.php\/wp-json\/wp\/v2\/posts\/163690"}],"collection":[{"href":"http:\/\/cordobainforma.info\/index.php\/wp-json\/wp\/v2\/posts"}],"about":[{"href":"http:\/\/cordobainforma.info\/index.php\/wp-json\/wp\/v2\/types\/post"}],"author":[{"embeddable":true,"href":"http:\/\/cordobainforma.info\/index.php\/wp-json\/wp\/v2\/users\/1"}],"replies":[{"embeddable":true,"href":"http:\/\/cordobainforma.info\/index.php\/wp-json\/wp\/v2\/comments?post=163690"}],"version-history":[{"count":0,"href":"http:\/\/cordobainforma.info\/index.php\/wp-json\/wp\/v2\/posts\/163690\/revisions"}],"wp:featuredmedia":[{"embeddable":true,"href":"http:\/\/cordobainforma.info\/index.php\/wp-json\/wp\/v2\/media\/163691"}],"wp:attachment":[{"href":"http:\/\/cordobainforma.info\/index.php\/wp-json\/wp\/v2\/media?parent=163690"}],"wp:term":[{"taxonomy":"category","embeddable":true,"href":"http:\/\/cordobainforma.info\/index.php\/wp-json\/wp\/v2\/categories?post=163690"},{"taxonomy":"post_tag","embeddable":true,"href":"http:\/\/cordobainforma.info\/index.php\/wp-json\/wp\/v2\/tags?post=163690"}],"curies":[{"name":"wp","href":"https:\/\/api.w.org\/{rel}","templated":true}]}}