{"id":163628,"date":"2025-08-03T02:38:13","date_gmt":"2025-08-03T02:38:13","guid":{"rendered":"https:\/\/www.clarin.com\/deportes\/explicacion-javier-mascherano-lesion-lionel-messi-inter-miami-grande_0_4darXQChLD.html"},"modified":"2025-08-03T02:38:13","modified_gmt":"2025-08-03T02:38:13","slug":"la-explicacion-de-javier-mascherano-sobre-la-lesion-de-lionel-messi-en-inter-miami-quizas-no-sea-algo-tan-grande","status":"publish","type":"post","link":"http:\/\/cordobainforma.info\/index.php\/2025\/08\/03\/la-explicacion-de-javier-mascherano-sobre-la-lesion-de-lionel-messi-en-inter-miami-quizas-no-sea-algo-tan-grande\/","title":{"rendered":"La explicaci\u00f3n de Javier Mascherano sobre la lesi\u00f3n de Lionel Messi en Inter Miami: \u00abQuiz\u00e1s no sea algo tan grande&#8230;\u00bb"},"content":{"rendered":"<p><img src=\"http:\/\/cordobainforma.info\/wp-content\/uploads\/2025\/08\/la-explicacion-de-javier-mascherano-sobre-la-lesion-de-lionel-messi-en-inter-miami-quizas-no-sea-algo-tan-grande.jpg\"><\/p>\n<div><img src=\"http:\/\/cordobainforma.info\/wp-content\/uploads\/2025\/08\/la-explicacion-de-javier-mascherano-sobre-la-lesion-de-lionel-messi-en-inter-miami-quizas-no-sea-algo-tan-grande-2.jpg\" class=\"ff-og-image-inserted\"><\/div>\n<div id=\"element-body-0\" readability=\"63\">\n<p>M\u00e1s all\u00e1 de la buena noticia que signific\u00f3 ganar por penales ante <strong>Necaxa<\/strong> -en un encuentro clave y que empat\u00f3 en forma ag\u00f3nica-, <strong>Inter Miami<\/strong> se fue preocupado por <strong>la lesi\u00f3n de Lionel Messi.<\/strong> El argentino apenas estuvo siete minutos dentro de la cancha porque despu\u00e9s de una apilada en velocidad, se tir\u00f3 al c\u00e9sped, pidi\u00f3 la asistencia m\u00e9dica y fue reemplazado.<\/p>\n<\/div>\n<div id=\"element-body-1\" readability=\"65\">\n<p><strong>La situaci\u00f3n asust\u00f3 a los fan\u00e1ticos en el Chase Stadium e hizo encender las alarmas de todo el equipo rosado, pero tambi\u00e9n de la Selecci\u00f3n Argentina, porque en un mes se jugar\u00e1 la \u00faltima doble fecha de Eliminatorias<\/strong>.<strong> <\/strong>Y luego del triunfo en la definici\u00f3n desde los doce pasos, <strong>Javier Mascherano<\/strong>, el entrenador del Inter Miami, le dedic\u00f3 su primera respuesta en la conferencia de prensa a la situaci\u00f3n del rosarino.<\/p>\n<\/div>\n<div id=\"element-body-3\" readability=\"60\">\n<p><strong>\u00abLeo sinti\u00f3 una molestia en el isquiotibial y hasta ma\u00f1ana no vamos a saber el grado de lesi\u00f3n. Seguramente algo tenga. Quiz\u00e1s no sea algo tan grande, no estaba dolorido\u00bb<\/strong>, coment\u00f3 el Jefecito.<\/p>\n<\/div>\n<div id=\"element-body-4\" readability=\"62\">\n<p><strong>Las primeras palabras de Mascherano parecen transmitir cierta tranquilidad, aunque sabe que sin los estudios todo tipo de an\u00e1lisis es irrelevante<\/strong>. Este domingo, Messi se realizar\u00e1 los an\u00e1lisis por im\u00e1genes para conocer la gravedad de la lesi\u00f3n y saber con exactitud cu\u00e1nto estar\u00e1 lejos de la cancha. <\/p>\n<\/div>\n<div id=\"element-body-5\" readability=\"61\">\n<p><strong>Las Garzas juegan el pr\u00f3ximo mi\u00e9rcoles 6 de agosto ante Pumas de M\u00e9xico, en el partido que decidir\u00e1 su clasificaci\u00f3n a los cuartos de final de la Leagues Cup 2025<\/strong>, que ser\u00e1n entre el 19 y 20 de agosto.<\/p>\n<\/div>\n","protected":false},"excerpt":{"rendered":"<p>M\u00e1s all\u00e1 de la buena noticia que signific\u00f3 ganar por penales ante Necaxa -en un encuentro clave y que empat\u00f3 en forma ag\u00f3nica-, Inter Miami se fue preocupado por la lesi\u00f3n de Lionel Messi. El argentino apenas estuvo siete minutos dentro de la cancha porque despu\u00e9s de una apilada en velocidad, se tir\u00f3 al c\u00e9sped, [&hellip;]<\/p>\n","protected":false},"author":1,"featured_media":163629,"comment_status":"closed","ping_status":"closed","sticky":false,"template":"","format":"standard","meta":[],"categories":[20],"tags":[],"_links":{"self":[{"href":"http:\/\/cordobainforma.info\/index.php\/wp-json\/wp\/v2\/posts\/163628"}],"collection":[{"href":"http:\/\/cordobainforma.info\/index.php\/wp-json\/wp\/v2\/posts"}],"about":[{"href":"http:\/\/cordobainforma.info\/index.php\/wp-json\/wp\/v2\/types\/post"}],"author":[{"embeddable":true,"href":"http:\/\/cordobainforma.info\/index.php\/wp-json\/wp\/v2\/users\/1"}],"replies":[{"embeddable":true,"href":"http:\/\/cordobainforma.info\/index.php\/wp-json\/wp\/v2\/comments?post=163628"}],"version-history":[{"count":0,"href":"http:\/\/cordobainforma.info\/index.php\/wp-json\/wp\/v2\/posts\/163628\/revisions"}],"wp:featuredmedia":[{"embeddable":true,"href":"http:\/\/cordobainforma.info\/index.php\/wp-json\/wp\/v2\/media\/163629"}],"wp:attachment":[{"href":"http:\/\/cordobainforma.info\/index.php\/wp-json\/wp\/v2\/media?parent=163628"}],"wp:term":[{"taxonomy":"category","embeddable":true,"href":"http:\/\/cordobainforma.info\/index.php\/wp-json\/wp\/v2\/categories?post=163628"},{"taxonomy":"post_tag","embeddable":true,"href":"http:\/\/cordobainforma.info\/index.php\/wp-json\/wp\/v2\/tags?post=163628"}],"curies":[{"name":"wp","href":"https:\/\/api.w.org\/{rel}","templated":true}]}}