{"id":163622,"date":"2025-08-03T01:38:01","date_gmt":"2025-08-03T01:38:01","guid":{"rendered":"https:\/\/somoscordobeses.com\/2025\/08\/02\/alarma-en-inter-miami-y-en-la-seleccion-argentina-lionel-messi-sufrio-una-inesperada-lesion-en-la-leagues-cup\/"},"modified":"2025-08-03T01:38:01","modified_gmt":"2025-08-03T01:38:01","slug":"alarma-en-inter-miami-y-en-la-seleccion-argentina-lionel-messi-sufrio-una-inesperada-lesion-en-la-leagues-cup","status":"publish","type":"post","link":"http:\/\/cordobainforma.info\/index.php\/2025\/08\/03\/alarma-en-inter-miami-y-en-la-seleccion-argentina-lionel-messi-sufrio-una-inesperada-lesion-en-la-leagues-cup\/","title":{"rendered":"Alarma en Inter Miami y en la Selecci\u00f3n Argentina: Lionel Messi sufri\u00f3 una inesperada lesi\u00f3n en la Leagues Cup"},"content":{"rendered":"<div><img src=\"http:\/\/cordobainforma.info\/wp-content\/uploads\/2025\/08\/alarma-en-inter-miami-y-en-la-seleccion-argentina-lionel-messi-sufrio-una-inesperada-lesion-en-la-leagues-cup.jpg\" class=\"ff-og-image-inserted\"><\/div>\n<p>Lionel Messi vivi\u00f3 una <strong>jornada para el olvido<\/strong> este s\u00e1bado en el duelo entre Inter Miami y Necaxa, correspondiente a la segunda fecha de la Fase de Liga de la Leagues Cup 2025. El astro argentino <strong>sufri\u00f3 una temprana lesi\u00f3n que lo oblig\u00f3 a abandonar el campo de juego<\/strong>, generando una profunda preocupaci\u00f3n tanto en el equipo rosa como en la Selecci\u00f3n Argentina.<\/p>\n<p>El incidente ocurri\u00f3 en los primeros minutos del partido: al argentino <strong>le tocaron la pelota desde atr\u00e1s<\/strong> en un ataque de \u00abLas Garzas\u00bb, e inmediatamente sinti\u00f3 una molestia que lo llev\u00f3 a tenderse en el suelo. Otra fuente indica que <strong>el crack choc\u00f3 con un rival y sinti\u00f3 una molestia muscular<\/strong>. Messi <strong>necesit\u00f3 un masaje en la zona del muslo derecho<\/strong>, pero lamentablemente no pudo continuar en el encuentro.<\/p>\n<p>Diversas fuentes reportan el momento exacto de su salida: mientras una se\u00f1ala que dur\u00f3 <strong>menos de diez minutos<\/strong> y que el cambio se realiz\u00f3 a los <strong>10 minutos del primer tiempo<\/strong> (10\u2032 PT), otras mencionan que se retir\u00f3 a los <strong>siete minutos<\/strong> o incluso a los <strong>cuatro minutos<\/strong> de juego. Su lugar en la cancha fue ocupado por el argentino <strong>Federico Redondo<\/strong>. Curiosamente, Inter Miami abri\u00f3 el marcador con un golazo del venezolano Telasco Segovia en la jugada siguiente a la salida de Messi.<\/p>\n<p>Hasta el momento, <strong>no hay precisiones sobre la gravedad de la lesi\u00f3n<\/strong>. Sin embargo, existe la preocupaci\u00f3n de que, en caso de ser una lesi\u00f3n muscular, <strong>podr\u00eda poner en riesgo la participaci\u00f3n de Lionel Messi con la Selecci\u00f3n Argentina de Lionel Scaloni<\/strong> en el partido del 4 de septiembre contra Venezuela por las Eliminatorias. Este suceso subraya la importancia de Messi para ambos equipos y el impacto que su ausencia podr\u00eda tener. En otro contexto del partido, se destaca el <strong>emotivo reencuentro entre Messi y Fernando Gago<\/strong>, t\u00e9cnico del Necaxa. Adem\u00e1s, cabe mencionar que, d\u00edas antes, el guardaespaldas de Messi hab\u00eda sido suspendido de la Leagues Cup.<\/p>\n","protected":false},"excerpt":{"rendered":"<p>Lionel Messi vivi\u00f3 una jornada para el olvido este s\u00e1bado en el duelo entre Inter Miami y Necaxa, correspondiente a la segunda fecha de la Fase de Liga de la Leagues Cup 2025. El astro argentino sufri\u00f3 una temprana lesi\u00f3n que lo oblig\u00f3 a abandonar el campo de juego, generando una profunda preocupaci\u00f3n tanto en [&hellip;]<\/p>\n","protected":false},"author":1,"featured_media":163623,"comment_status":"closed","ping_status":"closed","sticky":false,"template":"","format":"standard","meta":[],"categories":[2],"tags":[],"_links":{"self":[{"href":"http:\/\/cordobainforma.info\/index.php\/wp-json\/wp\/v2\/posts\/163622"}],"collection":[{"href":"http:\/\/cordobainforma.info\/index.php\/wp-json\/wp\/v2\/posts"}],"about":[{"href":"http:\/\/cordobainforma.info\/index.php\/wp-json\/wp\/v2\/types\/post"}],"author":[{"embeddable":true,"href":"http:\/\/cordobainforma.info\/index.php\/wp-json\/wp\/v2\/users\/1"}],"replies":[{"embeddable":true,"href":"http:\/\/cordobainforma.info\/index.php\/wp-json\/wp\/v2\/comments?post=163622"}],"version-history":[{"count":0,"href":"http:\/\/cordobainforma.info\/index.php\/wp-json\/wp\/v2\/posts\/163622\/revisions"}],"wp:featuredmedia":[{"embeddable":true,"href":"http:\/\/cordobainforma.info\/index.php\/wp-json\/wp\/v2\/media\/163623"}],"wp:attachment":[{"href":"http:\/\/cordobainforma.info\/index.php\/wp-json\/wp\/v2\/media?parent=163622"}],"wp:term":[{"taxonomy":"category","embeddable":true,"href":"http:\/\/cordobainforma.info\/index.php\/wp-json\/wp\/v2\/categories?post=163622"},{"taxonomy":"post_tag","embeddable":true,"href":"http:\/\/cordobainforma.info\/index.php\/wp-json\/wp\/v2\/tags?post=163622"}],"curies":[{"name":"wp","href":"https:\/\/api.w.org\/{rel}","templated":true}]}}