{"id":163586,"date":"2025-08-02T10:26:55","date_gmt":"2025-08-02T10:26:55","guid":{"rendered":"http:\/\/cordobainforma.info\/index.php\/2025\/08\/02\/presencialmente-no-leyva-admite-no-tener-pruebas-de-que-petro-consumiera-drogas\/"},"modified":"2025-08-02T10:26:55","modified_gmt":"2025-08-02T10:26:55","slug":"presencialmente-no-leyva-admite-no-tener-pruebas-de-que-petro-consumiera-drogas","status":"publish","type":"post","link":"http:\/\/cordobainforma.info\/index.php\/2025\/08\/02\/presencialmente-no-leyva-admite-no-tener-pruebas-de-que-petro-consumiera-drogas\/","title":{"rendered":"\u00abPresencialmente no\u00bb: Leyva admite no tener pruebas de que Petro consumiera drogas"},"content":{"rendered":"<p><img src=\"http:\/\/cordobainforma.info\/wp-content\/uploads\/2025\/08\/presencialmente-no-leyva-admite-no-tener-pruebas-de-que-petro-consumiera-drogas.jpg\"><\/p>\n<p>El excanciller colombiano \u00c1lvaro Leyva reconoci\u00f3 ante la Comisi\u00f3n de Investigaci\u00f3n y Acusaci\u00f3n de la C\u00e1mara de Representantes que no tiene pruebas directas que respalden su denuncia sobre un supuesto problemas de consumo de drogas por parte del presidente Gustavo Petro.<\/p>\n<p>Durante la audiencia, realizada de manera virtual, uno de los magistrados le pregunt\u00f3 a Leyva si&nbsp;vio al mandatario&nbsp;consumir&nbsp;sustancias adictivas.<\/p>\n<p>\u00abYa se\u00f1al\u00e9, quiz\u00e1 en dos oportunidades, que no,<strong> presencialmente de ninguna manera<\/strong> [\u2026]. Es decir, hay much\u00edsimas maneras de llegar a la verdad, pero si usted me dice: &#8216;s\u00ed, presencialmente&#8217;, tengo que decirle absolutamente de la forma m\u00e1s clara: no\u00bb,&nbsp;<a href=\"https:\/\/www.youtube.com\/watch?v=rWgfKAVOJVM\" target=\"_blank\" rel=\"noopener noreferrer\">respondi\u00f3<\/a> el excanciller, insistiendo que no necesitaba estar presente para saberlo. \u00abDemostrar lo evidente no es f\u00e1cil\u00bb, agreg\u00f3.<\/p>\n<div class=\"ReadMore-root Section-root Section-is1to3-xs_is1to1\" data-widgets=\"ReadMore\">\n<div class=\"Section-container Section-isRow-isTop-isWrap\">\n<article class=\"Card-root Card-is1to1 Card-default \">\n<div class=\"Card-imageWrap\">\n<div class=\"Card-picture\"> <picture class=\"Picture-root Picture-default\"><!--[if IE 9]><video style=\"display: none;\"><![endif]--><source media=\"(-webkit-min-device-pixel-ratio: 2) and (min-resolution: 120dpi)\" srcset=\"http:\/\/cordobainforma.info\/wp-content\/uploads\/2025\/08\/presencialmente-no-leyva-admite-no-tener-pruebas-de-que-petro-consumiera-drogas-2.jpg 850w, http:\/\/cordobainforma.info\/wp-content\/uploads\/2025\/08\/presencialmente-no-leyva-admite-no-tener-pruebas-de-que-petro-consumiera-drogas-3.jpg 1960w\"><source srcset=\"http:\/\/cordobainforma.info\/wp-content\/uploads\/2025\/08\/presencialmente-no-leyva-admite-no-tener-pruebas-de-que-petro-consumiera-drogas-2.jpg, https:\/\/actualidad.rt.com\/actualidad\/460, http:\/\/cordobainforma.info\/wp-content\/uploads\/2025\/08\/presencialmente-no-leyva-admite-no-tener-pruebas-de-que-petro-consumiera-drogas-3.jpg 980w\"><!--[if IE 9]><\/video><![endif]--><img data-sizes=\"auto\" src=\"http:\/\/cordobainforma.info\/wp-content\/uploads\/2025\/08\/presencialmente-no-leyva-admite-no-tener-pruebas-de-que-petro-consumiera-drogas-2.jpg\" class=\"Picture-root Picture-default lazyload\" alt=\"&quot;Es lo m\u00e1s rid\u00edculo&quot;: \u00c1lvaro Leyva rompe su silencio sobre el plan golpista contra Petro\"><\/picture><!-- noscript pattern --><noscript><img src=\"http:\/\/cordobainforma.info\/wp-content\/uploads\/2025\/08\/presencialmente-no-leyva-admite-no-tener-pruebas-de-que-petro-consumiera-drogas-3.jpg\" alt=\"&quot;Es lo m\u00e1s rid\u00edculo&quot;: \u00c1lvaro Leyva rompe su silencio sobre el plan golpista contra Petro\"><\/noscript> <\/div><\/div>\n<\/article><\/div><\/div>\n<p>Leyva reconoci\u00f3 que sus acusaciones se basan en situaciones de las que ha tenido conocimiento por <strong>\u00abgente que lo vio consumir\u00bb<\/strong>, mencionando, en particular, una situaci\u00f3n ocurrida en Florencia (Italia).<\/p>\n<p>\u00abYo no le puedo pedir a esa gente que me d\u00e9 una foto.<strong> No podemos ser tan parroquiales<\/strong>. Seamos un poquito universales, porque el presidente es el jefe de Estado y ejerce su jefatura de Estado tambi\u00e9n m\u00e1s all\u00e1 de las fronteras\u00bb, dijo.<\/p>\n<p>En repetidas ocasiones, durante su intervenci\u00f3n, Leyva dej\u00f3 claro que no tiene evidencia directa ni material sobre sus afirmaciones, pese a haberlas presentado anteriormente como certezas.<\/p>\n<p>En abril, Leyva <a href=\"https:\/\/actualidad.rt.com\/actualidad\/547516-excanciller-colombia-acusa-drogadicto-presidente\" target=\"_blank\" rel=\"noopener noreferrer\">public\u00f3<\/a> una explosiva carta asegurando que en Par\u00eds pudo confirmar que<strong> el mandatario colombiano ten\u00eda \u00abun problema de drogadicci\u00f3n\u00bb<\/strong>, ya que \u00abdesapareci\u00f3 dos d\u00edas\u00bb durante una visita oficial a la capital francesa.<\/p>\n<p>La Comisi\u00f3n de Acusaciones abri\u00f3 una investigaci\u00f3n preliminar a ra\u00edz de las cartas para verificar si Petro hab\u00eda cometido una <strong>falta disciplinaria<\/strong> y si existe m\u00e9rito para continuar con la actuaci\u00f3n.&nbsp;La defensa del Presidente pidi\u00f3 <a href=\"https:\/\/todossomoscolombia.org\/leyva-duran-se-retracto-en-diligencia-judicial-de-sus-acusaciones-publicas-contra-el-presidente-petro-dijo-que-carece-de-pruebas\/\" target=\"_blank\" rel=\"noopener noreferrer\">cerrar<\/a> el caso por falta absoluta de elementos probatorios leg\u00edtimos.<\/p>\n","protected":false},"excerpt":{"rendered":"<p>El excanciller colombiano \u00c1lvaro Leyva reconoci\u00f3 ante la Comisi\u00f3n de Investigaci\u00f3n y Acusaci\u00f3n de la C\u00e1mara de Representantes que no tiene pruebas directas que respalden su denuncia sobre un supuesto problemas de consumo de drogas por parte del presidente Gustavo Petro. Durante la audiencia, realizada de manera virtual, uno de los magistrados le pregunt\u00f3 a [&hellip;]<\/p>\n","protected":false},"author":1,"featured_media":163587,"comment_status":"closed","ping_status":"closed","sticky":false,"template":"","format":"standard","meta":[],"categories":[22],"tags":[],"_links":{"self":[{"href":"http:\/\/cordobainforma.info\/index.php\/wp-json\/wp\/v2\/posts\/163586"}],"collection":[{"href":"http:\/\/cordobainforma.info\/index.php\/wp-json\/wp\/v2\/posts"}],"about":[{"href":"http:\/\/cordobainforma.info\/index.php\/wp-json\/wp\/v2\/types\/post"}],"author":[{"embeddable":true,"href":"http:\/\/cordobainforma.info\/index.php\/wp-json\/wp\/v2\/users\/1"}],"replies":[{"embeddable":true,"href":"http:\/\/cordobainforma.info\/index.php\/wp-json\/wp\/v2\/comments?post=163586"}],"version-history":[{"count":0,"href":"http:\/\/cordobainforma.info\/index.php\/wp-json\/wp\/v2\/posts\/163586\/revisions"}],"wp:featuredmedia":[{"embeddable":true,"href":"http:\/\/cordobainforma.info\/index.php\/wp-json\/wp\/v2\/media\/163587"}],"wp:attachment":[{"href":"http:\/\/cordobainforma.info\/index.php\/wp-json\/wp\/v2\/media?parent=163586"}],"wp:term":[{"taxonomy":"category","embeddable":true,"href":"http:\/\/cordobainforma.info\/index.php\/wp-json\/wp\/v2\/categories?post=163586"},{"taxonomy":"post_tag","embeddable":true,"href":"http:\/\/cordobainforma.info\/index.php\/wp-json\/wp\/v2\/tags?post=163586"}],"curies":[{"name":"wp","href":"https:\/\/api.w.org\/{rel}","templated":true}]}}