{"id":163578,"date":"2025-08-02T09:28:12","date_gmt":"2025-08-02T09:28:12","guid":{"rendered":"https:\/\/www.mujerhoy.com\/moda\/no-te-pierdas\/princesa-leonor-look-verano-definitivo-basicos-formula-comodin-guapisima-palma-20250802112655-nt.html"},"modified":"2025-08-02T09:28:12","modified_gmt":"2025-08-02T09:28:12","slug":"la-princesa-leonor-sorprende-en-palma-con-el-look-de-verano-definitivo-basicos-prendas-fresquitas-y-la-formula-que-nunca-falla","status":"publish","type":"post","link":"http:\/\/cordobainforma.info\/index.php\/2025\/08\/02\/la-princesa-leonor-sorprende-en-palma-con-el-look-de-verano-definitivo-basicos-prendas-fresquitas-y-la-formula-que-nunca-falla\/","title":{"rendered":"La princesa Leonor sorprende en Palma con el look de verano definitivo: b\u00e1sicos, prendas fresquitas y la f\u00f3rmula que nunca falla"},"content":{"rendered":"<div class=\"media_block\"><\/div>\n<p><!-- AUTHOR --><\/p>\n<div class=\"voc-author-timesocial \">\n<!-- AUTHOR --><\/p>\n<div class=\"voc-author-timesocial__signature \">\n<!-- IMAGE AUTHOR -->\n<picture class=\"voc-image-signature\">\n<img class=\"voc-image-signature__img\" src=\"http:\/\/cordobainforma.info\/wp-content\/uploads\/2025\/08\/la-princesa-leonor-sorprende-en-palma-con-el-look-de-verano-definitivo-basicos-prendas-fresquitas-y-la-formula-que-nunca-falla.jpg\" alt=\"Elena Romero Vargas\">\n<\/picture>\n<!-- INFO AUTHOR --> <\/div><\/div>\n<p><!-- COMPONENTS --><\/p>\n<p class=\"voc-paragraph\">El mes de agosto empieza con las vacaciones de la familia real en Palma, y con ellas, sus <strong>m\u00edticas salidas sorpresas<\/strong> en planes de diversa \u00edndole. Si hace unos d\u00edas ve\u00edamos a <a href=\"https:\/\/www.mujerhoy.com\/celebrities\/realeza\/letizia-castigo-cine-documental-palma-leonor-sofia-discoteca-magaluf-20250801004502-nt.html\" data-voc-vtm-id=\"in-text-traffic\" title=\"la reina Letizia con sus hijas en una tarde de cine\" data-mrf-link=\"www.mujerhoy.com\">la reina Letizia con sus hijas en una tarde de cine<\/a>, hoy le ha tocado a la <strong>princesa Leonor <\/strong>aparecer por sorpresa junto a su padre en el Real Club Na\u00fatico de Palma.<\/p>\n<p class=\"voc-paragraph\">De estas apariciones p\u00fablicas no solo destaca el factor sorpresa, tambi\u00e9n son dignos de comentar los estilismos que, verano tras verano, demuestran que la moda es un asunto relevante en el seno familiar. En el caso de la princesa Leonor, que <a href=\"https:\/\/www.mujerhoy.com\/celebrities\/realeza\/princesa-leonor-vacaciones-verano-escapada-secreta-regatas-20250717133619-nt.html\" data-voc-vtm-id=\"in-text-traffic\" title=\"tanto la hemos visto de uniforme\" data-mrf-link=\"www.mujerhoy.com\">tanto la hemos visto de uniforme<\/a> este \u00faltimo a\u00f1o, estas vacaciones est\u00e1n siendo el momento perfecto para <strong>hacer gala de un estilo casual y sencillo <\/strong>en el que el buen gusto &#8211; heredado de su madre, que <a href=\"https:\/\/www.mujerhoy.com\/moda\/no-te-pierdas\/reina-letizia-salida-sorpresa-mallorca-cine-vestido-lunares-sandalias-griegas-20250731213249-nt.html\" data-voc-vtm-id=\"in-text-traffic\" title=\"siempre nos sorprende con sus estilismos de vacaciones\" data-mrf-link=\"www.mujerhoy.com\">siempre nos sorprende con sus estilismos de vacaciones<\/a> &#8211; est\u00e1 m\u00e1s que presente.<\/p>\n<div class=\"v-c-cmp v-c-cmp--t1 \">\n<div class=\"v-cmp-rld v-cmp-rld--2 \">\n<div class=\"v-cnt-m v-cnt-m--m\">\n<div class=\"v-cnt-m__c\">\n<div class=\"v-cnt-m__w v-cnt-m__w--1\">\n<p class=\"v-cnt-m__t\">\nTAMBI\u00c9N TE INTERESA\n<\/p>\n<\/div>\n<\/div>\n<\/div>\n<div class=\"v-g v-g--2-c v-g--bdr-min-xs\">\n<div class=\"v-g__c \">\n<article class=\"v-a v-a--cmp-rld v-a--cmp-rld-2 v-a--p-l\">\n<div class=\"v-a-img-c\">\n<figure class=\"v-a-fig\">\n<a href=\"https:\/\/www.mujerhoy.com\/moda\/no-te-pierdas\/princesa-leonor-looks-partido-futbol-femenino-espana-final-eurocopa-20250727180430-nt.html#vtm_modulosEngag=mod-rel:moda:noticia:1:cmp:2-not\" class=\"v-a-link\" title=\"El look de la princesa Leonor para animar a Espa\u00f1a en la final de la Eurocopa: guap\u00edsima con una blazer azul de rayas\"><br \/>\n<img loading=\"lazy\" class=\"v-a-img\" src=\"http:\/\/cordobainforma.info\/wp-content\/uploads\/2025\/08\/la-princesa-leonor-sorprende-en-palma-con-el-look-de-verano-definitivo-basicos-prendas-fresquitas-y-la-formula-que-nunca-falla-1.jpg\" alt=\"El look de la princesa Leonor para animar a Espa\u00f1a en la final de la Eurocopa: guap\u00edsima con una blazer azul de rayas\"><br \/>\n<\/a><br \/>\n<\/figure>\n<\/div>\n<\/article>\n<\/div>\n<div class=\"v-g__c \">\n<article class=\"v-a v-a--cmp-rld v-a--cmp-rld-2 v-a--p-l\">\n<div class=\"v-a-img-c\">\n<figure class=\"v-a-fig\">\n<a href=\"https:\/\/www.mujerhoy.com\/moda\/no-te-pierdas\/princesa-leonor-estrena-mejor-look-verano-falda-blanca-20250723154234-nt.html#vtm_modulosEngag=mod-rel:moda:noticia:2:cmp:2-not\" class=\"v-a-link\" title=\"La princesa Leonor deja el uniforme militar y estrena su mejor look de verano: falda boho y el bolso de rafia de la reina Letizia\"><br \/>\n<img loading=\"lazy\" class=\"v-a-img\" src=\"http:\/\/cordobainforma.info\/wp-content\/uploads\/2025\/08\/la-princesa-leonor-sorprende-en-palma-con-el-look-de-verano-definitivo-basicos-prendas-fresquitas-y-la-formula-que-nunca-falla-2.jpg\" alt=\"La princesa Leonor deja el uniforme militar y estrena su mejor look de verano: falda boho y el bolso de rafia de la reina Letizia\"><br \/>\n<\/a><br \/>\n<\/figure>\n<\/div>\n<\/article>\n<\/div>\n<\/div>\n<\/div>\n<\/div>\n<p class=\"voc-paragraph\">Si en la salida al cine con su madre y su hermana, <a href=\"https:\/\/www.mujerhoy.com\/moda\/no-te-pierdas\/infanta-sofia-vestido-rebajas-mango-salida-cine-mallorca-20250801000728-nt.html\" data-voc-vtm-id=\"in-text-traffic\" title=\"la infanta Sof\u00eda\" data-mrf-link=\"www.mujerhoy.com\">la infanta Sof\u00eda<\/a>, Leonor apost\u00f3 por un <a href=\"https:\/\/www.mujerhoy.com\/moda\/no-te-pierdas\/princesa-leonor-pantalones-fluidos-top-crochet-look-verano-mallorca-20250731220136-nt.html\" data-voc-vtm-id=\"in-text-traffic\" title=\"estilismo boho \" data-mrf-link=\"www.mujerhoy.com\">estilismo boho <\/a>con pantalones sueltos y top de crochet, en esta ocasi\u00f3n la heredera al trono <strong>ha apostado por b\u00e1sicos de la temporada<\/strong> que siempre son un acierto en una combinaci\u00f3n que no le puede sentar mejor. Con esta propuesta, que cualquiera puede recrear con prendas de fondo de armario, Leonor nos demuestra que comodidad y estilo no est\u00e1n en absoluto re\u00f1idos y que el menos es m\u00e1s siempre es una buena idea.<\/p>\n<div class=\"v-c-cmp v-c-cmp--s\">\n<div class=\"v-cmp-m \">\n<article class=\"v-a v-a--cmp-m v-c-cmp--m-z\">\n<div class=\"v-a-img-c \">\n<div class=\"v-a-fig\">\n<button class=\"v-a-link\" popovertarget=\"photo-165\"><br \/>\n<img loading=\"lazy\" src=\"http:\/\/cordobainforma.info\/wp-content\/uploads\/2025\/08\/la-princesa-leonor-sorprende-en-palma-con-el-look-de-verano-definitivo-basicos-prendas-fresquitas-y-la-formula-que-nunca-falla-3.jpg\" class=\"v-a-img\" width=\"650\" height=\"650\" alt=\"La princesa Leonor junto al rey Felipe VI en el Real Club Na\u00fatico de Palma.\" data-voc-vtm-id=\"in-text-traffic\"> <\/button><figcaption class=\"v-fc\">\n<span class=\"v-fc__t\"><br \/>\nLa princesa Leonor junto al rey Felipe VI en el Real Club Na\u00fatico de Palma.<br \/>\n<\/span><br \/>\n<span class=\"v-fc__p\"><br \/>\nLIMITED PICTURES<br \/>\n<\/span><br \/>\n<\/figcaption><\/div>\n<\/div>\n<div id=\"photo-165\" popover class=\"v-mdl v-mdl--fw\">\n<button class=\"v-x\" popovertarget=\"photo-165\" popovertargetaction=\"hide\"><br \/>\n<span class=\"v-i\"><br \/>\n<svg width=\"24\" height=\"23.996\" viewBox=\"0 0 24 23.996\">\n<path data-name=\"Uni\u00f3n 29\" d=\"M12,14.03,2.031,24,0,21.963,9.968,12,0,2.033,2.031,0,12,9.966,21.969,0,24,2.033,14.032,12,24,21.963,21.969,24Z\" \/>\n<\/svg><br \/>\n<\/span><br \/>\n<\/button><\/p>\n<div class=\"v-mdl__c\">\n<div class=\"v-mdl__w\">\n<img loading=\"lazy\" src=\"http:\/\/cordobainforma.info\/wp-content\/uploads\/2025\/08\/la-princesa-leonor-sorprende-en-palma-con-el-look-de-verano-definitivo-basicos-prendas-fresquitas-y-la-formula-que-nunca-falla-3.jpg\" class=\"v-mdl__img-z\" width=\"650\" height=\"650\" alt>\n<\/div>\n<\/div>\n<\/div>\n<p><span class=\"v-bdp\"><\/span><br \/>\n<\/article>\n<\/div>\n<\/div>\n<p><h3 class=\"v-cmp-suh\">\nEl look de verano perfecto de la princesa Leonor<br \/>\n<\/h3>\n<\/p>\n<p class=\"voc-paragraph\">La elecci\u00f3n de la princesa Leonor no ha podido ser m\u00e1s acertada para la ocasi\u00f3n. La hija mayor de Letizia y Felipe se ha decantado por piezas que no pueden faltar en ning\u00fan armario c\u00e1psula de verano: <strong>blusa fresquita, pantalones de lino y sandalias<\/strong>, todas ellas prendas que tanto juntas como por separado presumen de un potencial exquisito para conseguir estilismos diez durante el verano.<\/p>\n<p class=\"voc-paragraph\">En este caso, Leonor ha escogido una <strong>blusa de manga corta en color marr\u00f3n chocolate<\/strong> y escote de pico de la firma espa\u00f1ola INDI&amp;COLD, que combina a la perfecci\u00f3n elegancia con un punto juvenil que le sienta incre\u00edble. Los detalles especiales de la blusa radican en los bordados con motivos florales que se distribuyen por toda la prenda y los detalles geom\u00e9tricos hechos con ojales que adornan las mangas y el cuerpo de la blusa.<\/p>\n<p class=\"voc-paragraph\">Combina esta pieza tan sofisticada y femenina, y a la vez tan juvenil, con el b\u00e1sico entre los b\u00e1sicos en los meses de m\u00e1s calor: un <strong>pantal\u00f3n de lino blanco<\/strong>. Los pantalones de lino son tan esenciales en verano que incluso las royals hace de \u00e9l una prenda imprescindible en su guardarropa. Y la mejor prueba de que siempre es un acierto que, adem\u00e1s, te permite lucir perfecta sin pasar calor, lo vemos claro en esta propuesta.<\/p>\n<p class=\"voc-paragraph\">Por \u00faltimo, en cuanto al calzado, la princesa Leonor sigue la misma l\u00ednea que en el resto del outfit y apuesta por otro de los innegociables del verano. Unas <strong>sandalias planas de tiras <\/strong>en color camel han sido las escogidas para cerrar su elecci\u00f3n de hoy, que no nos puede gustar m\u00e1s y que es ideal para replicar en tu d\u00eda a d\u00eda e, incluso, para llevar en tu maleta de vacaciones para lucir como las mujeres de la realeza espa\u00f1ola.<\/p>\n<div class=\"v-c-cmp v-c-cmp--s\">\n<div class=\"v-cmp-m \">\n<article class=\"v-a v-a--cmp-m v-c-cmp--m-z\">\n<div class=\"v-a-img-c \">\n<div class=\"v-a-fig\">\n<button class=\"v-a-link\" popovertarget=\"photo-908\"><br \/>\n<img loading=\"lazy\" src=\"http:\/\/cordobainforma.info\/wp-content\/uploads\/2025\/08\/la-princesa-leonor-sorprende-en-palma-con-el-look-de-verano-definitivo-basicos-prendas-fresquitas-y-la-formula-que-nunca-falla-4.jpg\" class=\"v-a-img\" width=\"650\" height=\"650\" alt=\"La princesa Leonor junto al rey Felipe VI en el Real Club Na\u00fatico de Palma.\" data-voc-vtm-id=\"in-text-traffic\"> <\/button><figcaption class=\"v-fc\">\n<span class=\"v-fc__t\"><br \/>\nLa princesa Leonor junto al rey Felipe VI en el Real Club Na\u00fatico de Palma.<br \/>\n<\/span><br \/>\n<span class=\"v-fc__p\"><br \/>\nLIMITED PICTURES<br \/>\n<\/span><br \/>\n<\/figcaption><\/div>\n<\/div>\n<div id=\"photo-908\" popover class=\"v-mdl v-mdl--fw\">\n<button class=\"v-x\" popovertarget=\"photo-908\" popovertargetaction=\"hide\"><br \/>\n<span class=\"v-i\"><br \/>\n<svg width=\"24\" height=\"23.996\" viewBox=\"0 0 24 23.996\">\n<path data-name=\"Uni\u00f3n 29\" d=\"M12,14.03,2.031,24,0,21.963,9.968,12,0,2.033,2.031,0,12,9.966,21.969,0,24,2.033,14.032,12,24,21.963,21.969,24Z\" \/>\n<\/svg><br \/>\n<\/span><br \/>\n<\/button><\/p>\n<div class=\"v-mdl__c\">\n<div class=\"v-mdl__w\">\n<img loading=\"lazy\" src=\"http:\/\/cordobainforma.info\/wp-content\/uploads\/2025\/08\/la-princesa-leonor-sorprende-en-palma-con-el-look-de-verano-definitivo-basicos-prendas-fresquitas-y-la-formula-que-nunca-falla-4.jpg\" class=\"v-mdl__img-z\" width=\"650\" height=\"650\" alt>\n<\/div>\n<\/div>\n<\/div>\n<p><span class=\"v-bdp\"><\/span><br \/>\n<\/article>\n<\/div>\n<\/div>\n<p><h3 class=\"v-cmp-suh\">\nLos complementos, grandes aliados en el look de Leonor<br \/>\n<\/h3>\n<\/p>\n<p class=\"voc-paragraph\">No hay look completo sin los complementos adecuados y eso es algo que la princesa sabe muy bien. En este caso, sus apuesta son, como el resto del estilismo, sencillas y vers\u00e1tiles, pero tremendamente favorecedoras. El detalle m\u00e1s llamativo son unos <strong>pendientes dorados en forma circular <\/strong>que iluminan el rostro y potencian su maquillaje fresquito y natural.<\/p>\n<p class=\"voc-paragraph\">Remata su imagen con unas <strong>gafas de sol sencillas <\/strong> de la marca brasile\u00f1a Lima Reis que lleva sobre la cabeza. Este gesto que alguna vez le hemos visto a la propia Letizia le aporta un punto de madurez a su imagen, pero sin perder el toque juvenil que hace que luzca fant\u00e1stica. Adem\u00e1s, las gafas en la cabeza dan protagonismo a su larga melena rubia que en esta ocasi\u00f3n ha llevado suelta.<\/p>\n<div class=\"v-c-cmp v-c-cmp--t1 \">\n<div class=\"v-cmp-rld v-cmp-rld--2 \">\n<div class=\"v-cnt-m v-cnt-m--m\">\n<div class=\"v-cnt-m__c\">\n<div class=\"v-cnt-m__w v-cnt-m__w--1\">\n<p class=\"v-cnt-m__t\">\nNO TE PIERDAS\n<\/p>\n<\/div>\n<\/div>\n<\/div>\n<div class=\"v-g v-g--2-c v-g--bdr-min-xs\">\n<div class=\"v-g__c \">\n<article class=\"v-a v-a--cmp-rld v-a--cmp-rld-2 v-a--p-l\">\n<div class=\"v-a-img-c\">\n<figure class=\"v-a-fig\">\n<a href=\"https:\/\/www.mujerhoy.com\/moda\/no-te-pierdas\/princesa-leonor-look-traje-sastre-bolso-letizia-sant-marti-vell-20250724115247-nt.html#vtm_modulosEngag=mod-rel:moda:noticia:1:cmp:2-not\" class=\"v-a-link\" title=\"Leonor repite look para visitar Sant Mart\u00ed de Vell: traje de sastrer\u00eda blanco y el bolso favorito de su madre\"><br \/>\n<img loading=\"lazy\" class=\"v-a-img\" src=\"http:\/\/cordobainforma.info\/wp-content\/uploads\/2025\/08\/la-princesa-leonor-sorprende-en-palma-con-el-look-de-verano-definitivo-basicos-prendas-fresquitas-y-la-formula-que-nunca-falla-5.jpg\" alt=\"Leonor repite look para visitar Sant Mart\u00ed de Vell: traje de sastrer\u00eda blanco y el bolso favorito de su madre\"><br \/>\n<\/a><br \/>\n<\/figure>\n<\/div>\n<\/article>\n<\/div>\n<div class=\"v-g__c \">\n<article class=\"v-a v-a--cmp-rld v-a--cmp-rld-2 v-a--p-l\">\n<div class=\"v-a-img-c\">\n<figure class=\"v-a-fig\">\n<a href=\"https:\/\/www.mujerhoy.com\/moda\/no-te-pierdas\/leonor-premios-princesa-girona-mejores-looks-vestidos-invitada-error-protocolo-20250723182007-nt.html#vtm_modulosEngag=mod-rel:moda:noticia:2:cmp:2-not\" class=\"v-a-link\" title=\"Los looks de Leonor en los Premios Princesa Girona: tres vestidos perfectos y un error que no ha vuelto a repetir\"><br \/>\n<img loading=\"lazy\" class=\"v-a-img\" src=\"http:\/\/cordobainforma.info\/wp-content\/uploads\/2025\/08\/la-princesa-leonor-sorprende-en-palma-con-el-look-de-verano-definitivo-basicos-prendas-fresquitas-y-la-formula-que-nunca-falla-6.jpg\" alt=\"Los looks de Leonor en los Premios Princesa Girona: tres vestidos perfectos y un error que no ha vuelto a repetir\"><br \/>\n<\/a><br \/>\n<\/figure>\n<\/div>\n<\/article>\n<\/div>\n<\/div>\n<\/div>\n<\/div>\n","protected":false},"excerpt":{"rendered":"<p>El mes de agosto empieza con las vacaciones de la familia real en Palma, y con ellas, sus m\u00edticas salidas sorpresas en planes de diversa \u00edndole. Si hace unos d\u00edas ve\u00edamos a la reina Letizia con sus hijas en una tarde de cine, hoy le ha tocado a la princesa Leonor aparecer por sorpresa junto [&hellip;]<\/p>\n","protected":false},"author":1,"featured_media":163579,"comment_status":"closed","ping_status":"closed","sticky":false,"template":"","format":"standard","meta":[],"categories":[24],"tags":[],"_links":{"self":[{"href":"http:\/\/cordobainforma.info\/index.php\/wp-json\/wp\/v2\/posts\/163578"}],"collection":[{"href":"http:\/\/cordobainforma.info\/index.php\/wp-json\/wp\/v2\/posts"}],"about":[{"href":"http:\/\/cordobainforma.info\/index.php\/wp-json\/wp\/v2\/types\/post"}],"author":[{"embeddable":true,"href":"http:\/\/cordobainforma.info\/index.php\/wp-json\/wp\/v2\/users\/1"}],"replies":[{"embeddable":true,"href":"http:\/\/cordobainforma.info\/index.php\/wp-json\/wp\/v2\/comments?post=163578"}],"version-history":[{"count":0,"href":"http:\/\/cordobainforma.info\/index.php\/wp-json\/wp\/v2\/posts\/163578\/revisions"}],"wp:featuredmedia":[{"embeddable":true,"href":"http:\/\/cordobainforma.info\/index.php\/wp-json\/wp\/v2\/media\/163579"}],"wp:attachment":[{"href":"http:\/\/cordobainforma.info\/index.php\/wp-json\/wp\/v2\/media?parent=163578"}],"wp:term":[{"taxonomy":"category","embeddable":true,"href":"http:\/\/cordobainforma.info\/index.php\/wp-json\/wp\/v2\/categories?post=163578"},{"taxonomy":"post_tag","embeddable":true,"href":"http:\/\/cordobainforma.info\/index.php\/wp-json\/wp\/v2\/tags?post=163578"}],"curies":[{"name":"wp","href":"https:\/\/api.w.org\/{rel}","templated":true}]}}