{"id":163558,"date":"2025-08-02T06:43:51","date_gmt":"2025-08-02T06:43:51","guid":{"rendered":"https:\/\/somoscordobeses.com\/2025\/08\/02\/luis-palma-cane-el-banco-central-esta-pagando-las-consecuencias-de-su-mala-praxis-cuando-deshizo-las-lefi\/"},"modified":"2025-08-02T06:43:51","modified_gmt":"2025-08-02T06:43:51","slug":"luis-palma-cane-el-banco-central-esta-pagando-las-consecuencias-de-su-mala-praxis-cuando-deshizo-las-lefi","status":"publish","type":"post","link":"http:\/\/cordobainforma.info\/index.php\/2025\/08\/02\/luis-palma-cane-el-banco-central-esta-pagando-las-consecuencias-de-su-mala-praxis-cuando-deshizo-las-lefi\/","title":{"rendered":"Luis Palma Can\u00e9: El Banco Central est\u00e1 pagando las consecuencias de su mala praxis cuando deshizo las LEFI"},"content":{"rendered":"<div><img src=\"http:\/\/cordobainforma.info\/wp-content\/uploads\/2025\/08\/luis-palma-cane-el-banco-central-esta-pagando-las-consecuencias-de-su-mala-praxis-cuando-deshizo-las-lefi.jpg\" class=\"ff-og-image-inserted\"><\/div>\n<p>Con respecto a la fuerte suba que tuvo el d\u00f3lar en los \u00faltimos d\u00edas de julio, para el economista, <strong>Luis Palma Can\u00e9<\/strong>, quien pas\u00f3 por Canal E, el problema es estructural: el Banco Central act\u00faa sobre la coyuntura sin atacar los desequilibrios de fondo. Tambi\u00e9n alert\u00f3 sobre la mala praxis de la entidad, las inconsistencias del modelo y los l\u00edmites de los instrumentos utilizados.<\/p>\n<p>Con respecto a lo que est\u00e1 pasando en el mercado, Luis Palma Can\u00e9 plante\u00f3: \u201cEl Banco Central <strong>est\u00e1 pagando las consecuencias de su mala praxis<\/strong> cuando desat\u00f3 todo este despiole, cuando deshizo las LEFI\u201d. Y agreg\u00f3: \u201cHay una enorme cantidad de pesos dando vueltas todav\u00eda, y <strong>esos pesos son los que se han volcado a demandar el d\u00f3lar<\/strong>\u201d.<\/p>\n<h2><strong>Suba de tasas para frenar el d\u00f3lar<\/strong><\/h2>\n<p>Luego, explic\u00f3 que la autoridad monetaria primero intent\u00f3 frenar la corrida con suba de tasas: \u201cIntent\u00f3 subir la tasa y se le dispar\u00f3 al 65%,<strong> lo cual destru\u00eda lo poco que queda de la industria y de la actividad econ\u00f3mica<\/strong>\u201d. Despu\u00e9s, dijo que bajaron la tasa al 30% y aplicaron otra estrategia: \u201cSubamos los encajes\u201d.<\/p>\n<p>Seg\u00fan Can\u00e9, esa medida \u201c<strong>esteriliza parte del dinero<\/strong>, porque los bancos tienen que hacer una integraci\u00f3n mayor de la que ten\u00edan hasta ahora\u201d, pero advirti\u00f3: \u201cNada es gratis\u201d. Asimismo, detall\u00f3 el impacto: \u201cCuando vos sub\u00eds los encajes, los bancos autom\u00e1ticamente <strong>tienen que subir la tasa de inter\u00e9s a la cual prestan<\/strong> y el costo de prestada sube\u201d.<\/p>\n<h2><strong>La estrategia macro que afecta a la actividad econ\u00f3mica<\/strong><\/h2>\n<p>Por otro lado, critic\u00f3 la estrategia macroecon\u00f3mica actual: \u201cVengo sosteniendo que el modelo este del anclaje fiscal y anclaje cambiario, <strong>estar\u00e1 afectando el nivel de actividad econ\u00f3mica<\/strong>\u201d.<\/p>\n<p>En este sentido, el economista cuestion\u00f3 el anclaje del tipo de cambio: \u201c<strong>Ya no se usa m\u00e1s el anclaje cambiario<\/strong>, porque al final est\u00e1 ya por la cuenta de ganancia de pagos, import\u00e1s m\u00e1s barato, export\u00e1s m\u00e1s caro y se te da vuelta la cuenta comercial\u201d. A su vez, insisti\u00f3 en que \u201ctienen que resetear un poco todo esto y no lo van a resetear, <strong>por lo menos hasta las elecciones<\/strong>\u201d.<\/p>\n<p>En vista a la visita de la misi\u00f3n del Fondo Monetario Internacional, desliz\u00f3 una advertencia: \u201cLa gente del Fondo <strong>estrictamente les ha dicho que no gasten un d\u00f3lar<\/strong> para mantener el d\u00f3lar al precio que est\u00e1\u201d.<\/p>\n","protected":false},"excerpt":{"rendered":"<p>Con respecto a la fuerte suba que tuvo el d\u00f3lar en los \u00faltimos d\u00edas de julio, para el economista, Luis Palma Can\u00e9, quien pas\u00f3 por Canal E, el problema es estructural: el Banco Central act\u00faa sobre la coyuntura sin atacar los desequilibrios de fondo. Tambi\u00e9n alert\u00f3 sobre la mala praxis de la entidad, las inconsistencias [&hellip;]<\/p>\n","protected":false},"author":1,"featured_media":163559,"comment_status":"closed","ping_status":"closed","sticky":false,"template":"","format":"standard","meta":[],"categories":[2],"tags":[],"_links":{"self":[{"href":"http:\/\/cordobainforma.info\/index.php\/wp-json\/wp\/v2\/posts\/163558"}],"collection":[{"href":"http:\/\/cordobainforma.info\/index.php\/wp-json\/wp\/v2\/posts"}],"about":[{"href":"http:\/\/cordobainforma.info\/index.php\/wp-json\/wp\/v2\/types\/post"}],"author":[{"embeddable":true,"href":"http:\/\/cordobainforma.info\/index.php\/wp-json\/wp\/v2\/users\/1"}],"replies":[{"embeddable":true,"href":"http:\/\/cordobainforma.info\/index.php\/wp-json\/wp\/v2\/comments?post=163558"}],"version-history":[{"count":0,"href":"http:\/\/cordobainforma.info\/index.php\/wp-json\/wp\/v2\/posts\/163558\/revisions"}],"wp:featuredmedia":[{"embeddable":true,"href":"http:\/\/cordobainforma.info\/index.php\/wp-json\/wp\/v2\/media\/163559"}],"wp:attachment":[{"href":"http:\/\/cordobainforma.info\/index.php\/wp-json\/wp\/v2\/media?parent=163558"}],"wp:term":[{"taxonomy":"category","embeddable":true,"href":"http:\/\/cordobainforma.info\/index.php\/wp-json\/wp\/v2\/categories?post=163558"},{"taxonomy":"post_tag","embeddable":true,"href":"http:\/\/cordobainforma.info\/index.php\/wp-json\/wp\/v2\/tags?post=163558"}],"curies":[{"name":"wp","href":"https:\/\/api.w.org\/{rel}","templated":true}]}}