{"id":163556,"date":"2025-08-02T07:34:45","date_gmt":"2025-08-02T07:34:45","guid":{"rendered":"https:\/\/somoscordobeses.com\/2025\/08\/02\/katcoff-pidio-informacion-por-la-continuidad-de-la-asistencia-a-personas-en-situacion-de-calle\/"},"modified":"2025-08-02T07:34:45","modified_gmt":"2025-08-02T07:34:45","slug":"katcoff-pidio-informacion-por-la-continuidad-de-la-asistencia-a-personas-en-situacion-de-calle","status":"publish","type":"post","link":"http:\/\/cordobainforma.info\/index.php\/2025\/08\/02\/katcoff-pidio-informacion-por-la-continuidad-de-la-asistencia-a-personas-en-situacion-de-calle\/","title":{"rendered":"Katcoff pidi\u00f3 informaci\u00f3n por la continuidad de la asistencia a personas en situaci\u00f3n de calle"},"content":{"rendered":"<div><img src=\"http:\/\/cordobainforma.info\/wp-content\/uploads\/2025\/08\/katcoff-pidio-informacion-por-la-continuidad-de-la-asistencia-a-personas-en-situacion-de-calle.jpg\" class=\"ff-og-image-inserted\"><\/div>\n<p>La concejala Julieta Katcoff, del bloque PTS-FITU, anunci\u00f3 la presentaci\u00f3n de dos proyectos en el Concejo Deliberante de Neuqu\u00e9n. Las iniciativas buscan obtener informaci\u00f3n del Ejecutivo municipal sobre la continuidad de la asistencia a personas en situaci\u00f3n de calle, ante el pr\u00f3ximo cierre de un centro de contenci\u00f3n provincial.<\/p>\n<p>Katcoff explic\u00f3 que su inter\u00e9s radica en conocer \u00abcu\u00e1les son las medidas que tienen previstas para asegurar un plan de abordaje para las personas en situaci\u00f3n de calle, tanto en lo asistencial como en lo habitacional, la reinserci\u00f3n laboral y la coordinaci\u00f3n con la atenci\u00f3n sanitaria\u00bb.<\/p>\n<p>La concejala fundament\u00f3 la urgencia de estos pedidos al se\u00f1alar que el centro de contenci\u00f3n ubicado en la Ciudad Deportiva, inaugurado en julio por el gobierno provincial, ha asistido a cerca de 250 personas, una \u00abcifra enorme\u00bb, y que \u00abcierra sus puertas el 31 de agosto\u00bb.<\/p>\n<blockquote data-instgrm-captioned data-instgrm-permalink=\"https:\/\/www.instagram.com\/reel\/DMxxUBvsf37\/?utm_source=ig_embed&amp;utm_campaign=loading\" data-instgrm-version=\"14\"><\/blockquote>\n<p>Uno de los proyectos busca informaci\u00f3n sobre si el gobierno municipal est\u00e1 previendo medidas para dar continuidad a esta situaci\u00f3n. El otro proyecto es un pedido de informes sobre una ordenanza sancionada en 2020, que establece la necesidad de crear un programa de asistencia para personas en situaci\u00f3n de calle. \u00abSobre esa ordenanza, no sabemos cu\u00e1l es su implementaci\u00f3n hasta el d\u00eda de la fecha, por eso estamos pidiendo informaci\u00f3n\u00bb, afirm\u00f3 Katcoff.<\/p>\n<p>La concejala subray\u00f3 la contradicci\u00f3n entre la imagen de \u00abciudad blindada\u00bb que se intenta proyectar de Neuqu\u00e9n por Vaca Muerta y la dura realidad de las personas en situaci\u00f3n de calle. \u00abLa verdad es que hay una urgencia que responde a cuestiones m\u00e1s estructurales como es las situaciones de extrema vulnerabilidad por las que atraviesan las personas en situaci\u00f3n de calle\u201d.<\/p>\n<p>Katcoff enfatiz\u00f3 que la problem\u00e1tica de las personas en situaci\u00f3n de calle es \u00abestructural\u00bb y va m\u00e1s all\u00e1 de los meses de invierno, persistiendo incluso con temperaturas m\u00e1s c\u00e1lidas. La situaci\u00f3n se agrava por el desfinanciamiento en salud y educaci\u00f3n, la falta de alimentos en centros de salud y la informalidad laboral. \u00abEs necesario poner el centro en esta urgencia tan sentida, que la vemos todos los d\u00edas\u00bb, concluy\u00f3 la concejala.<\/p>\n","protected":false},"excerpt":{"rendered":"<p>La concejala Julieta Katcoff, del bloque PTS-FITU, anunci\u00f3 la presentaci\u00f3n de dos proyectos en el Concejo Deliberante de Neuqu\u00e9n. Las iniciativas buscan obtener informaci\u00f3n del Ejecutivo municipal sobre la continuidad de la asistencia a personas en situaci\u00f3n de calle, ante el pr\u00f3ximo cierre de un centro de contenci\u00f3n provincial. Katcoff explic\u00f3 que su inter\u00e9s radica [&hellip;]<\/p>\n","protected":false},"author":1,"featured_media":163557,"comment_status":"closed","ping_status":"closed","sticky":false,"template":"","format":"standard","meta":[],"categories":[2],"tags":[],"_links":{"self":[{"href":"http:\/\/cordobainforma.info\/index.php\/wp-json\/wp\/v2\/posts\/163556"}],"collection":[{"href":"http:\/\/cordobainforma.info\/index.php\/wp-json\/wp\/v2\/posts"}],"about":[{"href":"http:\/\/cordobainforma.info\/index.php\/wp-json\/wp\/v2\/types\/post"}],"author":[{"embeddable":true,"href":"http:\/\/cordobainforma.info\/index.php\/wp-json\/wp\/v2\/users\/1"}],"replies":[{"embeddable":true,"href":"http:\/\/cordobainforma.info\/index.php\/wp-json\/wp\/v2\/comments?post=163556"}],"version-history":[{"count":0,"href":"http:\/\/cordobainforma.info\/index.php\/wp-json\/wp\/v2\/posts\/163556\/revisions"}],"wp:featuredmedia":[{"embeddable":true,"href":"http:\/\/cordobainforma.info\/index.php\/wp-json\/wp\/v2\/media\/163557"}],"wp:attachment":[{"href":"http:\/\/cordobainforma.info\/index.php\/wp-json\/wp\/v2\/media?parent=163556"}],"wp:term":[{"taxonomy":"category","embeddable":true,"href":"http:\/\/cordobainforma.info\/index.php\/wp-json\/wp\/v2\/categories?post=163556"},{"taxonomy":"post_tag","embeddable":true,"href":"http:\/\/cordobainforma.info\/index.php\/wp-json\/wp\/v2\/tags?post=163556"}],"curies":[{"name":"wp","href":"https:\/\/api.w.org\/{rel}","templated":true}]}}