{"id":163197,"date":"2025-07-29T09:47:03","date_gmt":"2025-07-29T09:47:03","guid":{"rendered":"http:\/\/cordobainforma.info\/index.php\/2025\/07\/29\/primera-reaccion-del-kremlin-al-nuevo-ultimatum-de-trump\/"},"modified":"2025-07-29T09:47:03","modified_gmt":"2025-07-29T09:47:03","slug":"primera-reaccion-del-kremlin-al-nuevo-ultimatum-de-trump","status":"publish","type":"post","link":"http:\/\/cordobainforma.info\/index.php\/2025\/07\/29\/primera-reaccion-del-kremlin-al-nuevo-ultimatum-de-trump\/","title":{"rendered":"Primera reacci\u00f3n del Kremlin al nuevo ultim\u00e1tum de Trump"},"content":{"rendered":"<p><img src=\"http:\/\/cordobainforma.info\/wp-content\/uploads\/2025\/07\/primera-reaccion-del-kremlin-al-nuevo-ultimatum-de-trump.jpg\"><\/p>\n<p>El portavoz presidencial ruso, Dmitri Peskov, ha afirmado este martes que el Kremlin ha tomado nota del nuevo ultim\u00e1tum del presidente estadounidense, Donald Trump, quien la jornada anterior prometi\u00f3 fijar una nueva fecha l\u00edmite para que Mosc\u00fa alcance un acuerdo sobre el conflicto ucraniano.&nbsp;<\/p>\n<p>\u00abHemos tomado nota de la declaraci\u00f3n del presidente Trump de ayer. La operaci\u00f3n militar especial contin\u00faa. Mantenemos nuestro compromiso con el proceso de paz para resolver el conflicto en torno a Ucrania y <strong>garantizar nuestros intereses<\/strong> en este acuerdo\u00bb, <a href=\"https:\/\/t.me\/youlistenedmayak\/38182\" target=\"_blank\" rel=\"noopener noreferrer\">anunci\u00f3<\/a> Peskov este martes ante periodistas. \u00abEn este punto, quisiera evitar cualquier valoraci\u00f3n\u00bb, agreg\u00f3.<\/p>\n<div class=\"ReadMore-root Section-root Section-is1to3-xs_is1to1\" data-widgets=\"ReadMore\">\n<div class=\"Section-container Section-isRow-isTop-isWrap\">\n<article class=\"Card-root Card-is1to1 Card-default \">\n<div class=\"Card-imageWrap\">\n<div class=\"Card-picture\"> <picture class=\"Picture-root Picture-default\"><!--[if IE 9]><video style=\"display: none;\"><![endif]--><source media=\"(-webkit-min-device-pixel-ratio: 2) and (min-resolution: 120dpi)\" srcset=\"http:\/\/cordobainforma.info\/wp-content\/uploads\/2025\/07\/primera-reaccion-del-kremlin-al-nuevo-ultimatum-de-trump-2.jpg 850w, http:\/\/cordobainforma.info\/wp-content\/uploads\/2025\/07\/primera-reaccion-del-kremlin-al-nuevo-ultimatum-de-trump-3.jpg 1960w\"><source srcset=\"http:\/\/cordobainforma.info\/wp-content\/uploads\/2025\/07\/primera-reaccion-del-kremlin-al-nuevo-ultimatum-de-trump-2.jpg, https:\/\/actualidad.rt.com\/actualidad\/460, http:\/\/cordobainforma.info\/wp-content\/uploads\/2025\/07\/primera-reaccion-del-kremlin-al-nuevo-ultimatum-de-trump-3.jpg 980w\"><!--[if IE 9]><\/video><![endif]--><img data-sizes=\"auto\" src=\"http:\/\/cordobainforma.info\/wp-content\/uploads\/2025\/07\/primera-reaccion-del-kremlin-al-nuevo-ultimatum-de-trump-2.jpg\" class=\"Picture-root Picture-default lazyload\" alt=\"Reuters: Es poco probable que Trump imponga aranceles del 100 % a quienes compren petr\u00f3leo ruso\"><\/picture><!-- noscript pattern --><noscript><img src=\"http:\/\/cordobainforma.info\/wp-content\/uploads\/2025\/07\/primera-reaccion-del-kremlin-al-nuevo-ultimatum-de-trump-3.jpg\" alt=\"Reuters: Es poco probable que Trump imponga aranceles del 100 % a quienes compren petr\u00f3leo ruso\"><\/noscript> <\/div><\/div>\n<\/article><\/div><\/div>\n<p>En el mismo contexto, el vocero <a href=\"https:\/\/t.me\/youlistenedmayak\/38183\" target=\"_blank\" rel=\"noopener noreferrer\">afirm\u00f3<\/a> que, \u00abhasta el momento, el proceso de normalizaci\u00f3n no avanza ni bien ni mal\u00bb. \u00abNos gustar\u00eda ver <strong>una mayor din\u00e1mica<\/strong>; esto nos interesa. Para avanzar, se necesitan impulsos por ambas partes. Mantenemos este inter\u00e9s y esperamos que este proceso adquiera mayor dinamismo\u00bb, dijo.<\/p>\n<p>El inquilino de la Casa Blanca&nbsp;<a href=\"https:\/\/actualidad.rt.com\/actualidad\/559205-trump-rusia-nueva-fecha-limite\" target=\"_blank\" rel=\"nofollow noopener noreferrer\">lanz\u00f3<\/a> el lunes un nuevo ultim\u00e1tum a Mosc\u00fa durante la reuni\u00f3n que mantuvo con el primer ministro brit\u00e1nico, Keir Starmer, en Escocia. \u00abVoy a fijar una nueva fecha l\u00edmite de&nbsp;<strong>unos 10 o 12 d\u00edas<\/strong>&nbsp;a partir de hoy. No hay raz\u00f3n para esperar\u00bb, dijo el mandatario, a\u00f1adiendo que quer\u00eda ser \u00abgeneroso\u00bb, pero que no ve ning\u00fan progreso al respecto.&nbsp;El inquilino de la Casa Blanca tambi\u00e9n reafirm\u00f3 su disposici\u00f3n a imponer sanciones secundarias a Mosc\u00fa y a sus socios comerciales.<\/p>\n<p>El plazo anunciado por Trump a mediados de julio <a href=\"https:\/\/actualidad.rt.com\/actualidad\/557672-trump-promete-imponer-tarifas-importacion\" target=\"_blank\" rel=\"nofollow noopener noreferrer\">fue<\/a> mayor: de 50 d\u00edas para lograr un acuerdo&nbsp;que evite la imposici\u00f3n por EE.UU.&nbsp;aranceles secundarios del 100 % a los pa\u00edses que comercien con el gigante euroasi\u00e1tico.<\/p>\n<ul>\n<li>El portavoz del Kremlin, Dmitri Peskov,&nbsp;<a href=\"https:\/\/actualidad.rt.com\/actualidad\/557755-respuesta-contundente-kremlin-amenazas-trump\" target=\"_blank\" rel=\"nofollow noopener noreferrer\">explic\u00f3<\/a>&nbsp;previamente que se puede decir \u00abcon toda certeza\u00bb que estas decisiones que se toman en Washington son percibidas por la parte ucraniana,&nbsp;<strong>no como una se\u00f1al de paz<\/strong>, sino como una se\u00f1al para continuar el conflicto. Asimismo, resalt\u00f3 que Mosc\u00fa mantiene su disposici\u00f3n a seguir construyendo un di\u00e1logo,&nbsp;mientras&nbsp;que<strong>&nbsp;Kiev no ha hecho ninguna propuesta<\/strong>&nbsp;al respecto.&nbsp;<\/li>\n<\/ul>\n<ul>\n<li>Tras el nuevo anuncio, el&nbsp;vicepresidente del Consejo de Seguridad y expresidente de Rusia, Dmitri Medv\u00e9dev, <a href=\"https:\/\/actualidad.rt.com\/actualidad\/559238-camino-joe-dormilon-medvedev-trump\" target=\"_blank\" rel=\"nofollow noopener noreferrer\">aconsej\u00f3<\/a> a Trump&nbsp;<strong>que no repita los errores de su antecesor<\/strong>, Joe Biden.&nbsp;\u00abDeber\u00eda recordar 2 cosas: 1. Que Rusia no es Israel, ni siquiera Ir\u00e1n. 2. Que cada nuevo ultim\u00e1tum es una amenaza y un paso hacia la guerra. No entre Rusia y Ucrania, sino con su propio pa\u00eds\u00bb, advirti\u00f3&nbsp;Medv\u00e9dev en su cuenta de&nbsp;X.<\/li>\n<\/ul>\n","protected":false},"excerpt":{"rendered":"<p>El portavoz presidencial ruso, Dmitri Peskov, ha afirmado este martes que el Kremlin ha tomado nota del nuevo ultim\u00e1tum del presidente estadounidense, Donald Trump, quien la jornada anterior prometi\u00f3 fijar una nueva fecha l\u00edmite para que Mosc\u00fa alcance un acuerdo sobre el conflicto ucraniano.&nbsp; \u00abHemos tomado nota de la declaraci\u00f3n del presidente Trump de ayer. [&hellip;]<\/p>\n","protected":false},"author":1,"featured_media":163198,"comment_status":"closed","ping_status":"closed","sticky":false,"template":"","format":"standard","meta":[],"categories":[22],"tags":[],"_links":{"self":[{"href":"http:\/\/cordobainforma.info\/index.php\/wp-json\/wp\/v2\/posts\/163197"}],"collection":[{"href":"http:\/\/cordobainforma.info\/index.php\/wp-json\/wp\/v2\/posts"}],"about":[{"href":"http:\/\/cordobainforma.info\/index.php\/wp-json\/wp\/v2\/types\/post"}],"author":[{"embeddable":true,"href":"http:\/\/cordobainforma.info\/index.php\/wp-json\/wp\/v2\/users\/1"}],"replies":[{"embeddable":true,"href":"http:\/\/cordobainforma.info\/index.php\/wp-json\/wp\/v2\/comments?post=163197"}],"version-history":[{"count":0,"href":"http:\/\/cordobainforma.info\/index.php\/wp-json\/wp\/v2\/posts\/163197\/revisions"}],"wp:featuredmedia":[{"embeddable":true,"href":"http:\/\/cordobainforma.info\/index.php\/wp-json\/wp\/v2\/media\/163198"}],"wp:attachment":[{"href":"http:\/\/cordobainforma.info\/index.php\/wp-json\/wp\/v2\/media?parent=163197"}],"wp:term":[{"taxonomy":"category","embeddable":true,"href":"http:\/\/cordobainforma.info\/index.php\/wp-json\/wp\/v2\/categories?post=163197"},{"taxonomy":"post_tag","embeddable":true,"href":"http:\/\/cordobainforma.info\/index.php\/wp-json\/wp\/v2\/tags?post=163197"}],"curies":[{"name":"wp","href":"https:\/\/api.w.org\/{rel}","templated":true}]}}