{"id":163032,"date":"2025-07-27T12:37:00","date_gmt":"2025-07-27T12:37:00","guid":{"rendered":"https:\/\/somoscordobeses.com\/2025\/07\/27\/el-112-aconseja-no-salir-a-la-calle-en-cordoba-durante-las-horas-centrales-de-manana-lunes-por-el-aviso-naranja\/"},"modified":"2025-07-27T12:37:00","modified_gmt":"2025-07-27T12:37:00","slug":"el-112-aconseja-no-salir-a-la-calle-en-cordoba-durante-las-horas-centrales-de-manana-lunes-por-el-aviso-naranja","status":"publish","type":"post","link":"http:\/\/cordobainforma.info\/index.php\/2025\/07\/27\/el-112-aconseja-no-salir-a-la-calle-en-cordoba-durante-las-horas-centrales-de-manana-lunes-por-el-aviso-naranja\/","title":{"rendered":"El 112 aconseja no salir a la calle en C\u00f3rdoba durante las horas centrales de ma\u00f1ana lunes por el aviso naranja"},"content":{"rendered":"<div><img src=\"http:\/\/cordobainforma.info\/wp-content\/uploads\/2025\/07\/el-112-aconseja-no-salir-a-la-calle-en-cordoba-durante-las-horas-centrales-de-manana-lunes-por-el-aviso-naranja.jpg\" class=\"ff-og-image-inserted\"><\/div>\n<p>El servicio de <strong>Emergencias 112<\/strong><strong>, <\/strong>servicio de la Agencia de Emergencias de Andaluc\u00eda adscrita la Consejer\u00eda de la Presidencia, Interior, Di\u00e1logo Social y Simplificaci\u00f3n Administrativa de la <strong>Junta de Andaluc\u00eda<\/strong>, aconseja <strong>no salir a la calle en las horas centrales del d\u00eda<\/strong>, siempre que sea posible, ante una nueva jornada marcada por las altas temperaturas <strong>este lunes, cuando se activar\u00e1 el aviso naranja<\/strong> por <strong>calor<\/strong><strong> en la <\/strong><strong>Campi\u00f1a de C\u00f3rdoba<\/strong> y amarillos en todas las provincias, salvo C\u00e1diz y Almer\u00eda.<\/p>\n<p>Adem\u00e1s, el 112 ofrece una serie de <strong>recomendaciones a la poblaci\u00f3n<\/strong> para <strong>prevenir riesgos asociados al calor<\/strong>. En una nota de prensa, este organismo explica que \u00absiempre que sea posible, hay que <strong>evitar salir a la calle en las horas centrales del d\u00eda<\/strong>\u00ab, y cuando haya que hacerlo \u00abse debe usar <strong>protecci\u00f3n solar, sombrero o gorra y gafas de sol homologadas<\/strong> para protegernos del sol\u00bb. Es mejor vestir con <strong>ropas claras y de tejidos ligeros<\/strong> y llevar siempre una <strong>botella de agua<\/strong>.<\/p>\n<p>Se debe <strong>dejar el ejercicio y los esfuerzos f\u00edsicos para las primeras horas del d\u00eda o el anochecer<\/strong>. Y es muy importante recordar que no se puede dejar nunca a nadie, tampoco a las mascotas, en el interior de veh\u00edculos parados, \u00abni siquiera por un momento\u00bb.<\/p>\n<h2>Beber agua<\/h2>\n<p>Es fundamental <strong>beber agua de forma peri\u00f3dica y continua, cada dos horas como m\u00e1ximo<\/strong>, aunque no se tenga sensaci\u00f3n de sed. En cuanto a la hidrataci\u00f3n, hay que prestar especial atenci\u00f3n a <strong>personas mayores<\/strong>, enfermos cr\u00f3nicos y ni\u00f1os peque\u00f1os, asegurarse de que beben mucha agua.<\/p>\n<p>Se recomiendan durante estos d\u00edas de altas temperaturas las <strong>comidas ligeras, fr\u00edas y frescas, evitando las copiosas y muy calientes<\/strong> y el consumo de <strong>alcohol<\/strong>.<\/p>\n<h2>Cortinas y persianas<\/h2>\n<p>El 112 aconseja cerrar bien las ventanas, cortinas y persianas m\u00e1s expuestas al sol durante las horas de m\u00e1s calor y usar el <strong>ventilador <\/strong>o <strong>el aire acondicionado<\/strong>. Si no se dispone de estos aparatos, lo m\u00e1s aconsejable es <strong>permanecer en las habitaciones m\u00e1s frescas<\/strong> de la casa, as\u00ed como <strong>tomar ba\u00f1os o refrescarse la piel<\/strong> con toallas h\u00famedas.<\/p>\n<p>Ante cualquier situaci\u00f3n de emergencia, la ciudadan\u00eda tiene a su disposici\u00f3n el tel\u00e9fono 112 gratuito, multiling\u00fce y activo las 24 horas todos los d\u00edas del a\u00f1o.<\/p>\n","protected":false},"excerpt":{"rendered":"<p>El servicio de Emergencias 112, servicio de la Agencia de Emergencias de Andaluc\u00eda adscrita la Consejer\u00eda de la Presidencia, Interior, Di\u00e1logo Social y Simplificaci\u00f3n Administrativa de la Junta de Andaluc\u00eda, aconseja no salir a la calle en las horas centrales del d\u00eda, siempre que sea posible, ante una nueva jornada marcada por las altas temperaturas [&hellip;]<\/p>\n","protected":false},"author":1,"featured_media":163033,"comment_status":"closed","ping_status":"closed","sticky":false,"template":"","format":"standard","meta":[],"categories":[2],"tags":[],"_links":{"self":[{"href":"http:\/\/cordobainforma.info\/index.php\/wp-json\/wp\/v2\/posts\/163032"}],"collection":[{"href":"http:\/\/cordobainforma.info\/index.php\/wp-json\/wp\/v2\/posts"}],"about":[{"href":"http:\/\/cordobainforma.info\/index.php\/wp-json\/wp\/v2\/types\/post"}],"author":[{"embeddable":true,"href":"http:\/\/cordobainforma.info\/index.php\/wp-json\/wp\/v2\/users\/1"}],"replies":[{"embeddable":true,"href":"http:\/\/cordobainforma.info\/index.php\/wp-json\/wp\/v2\/comments?post=163032"}],"version-history":[{"count":0,"href":"http:\/\/cordobainforma.info\/index.php\/wp-json\/wp\/v2\/posts\/163032\/revisions"}],"wp:featuredmedia":[{"embeddable":true,"href":"http:\/\/cordobainforma.info\/index.php\/wp-json\/wp\/v2\/media\/163033"}],"wp:attachment":[{"href":"http:\/\/cordobainforma.info\/index.php\/wp-json\/wp\/v2\/media?parent=163032"}],"wp:term":[{"taxonomy":"category","embeddable":true,"href":"http:\/\/cordobainforma.info\/index.php\/wp-json\/wp\/v2\/categories?post=163032"},{"taxonomy":"post_tag","embeddable":true,"href":"http:\/\/cordobainforma.info\/index.php\/wp-json\/wp\/v2\/tags?post=163032"}],"curies":[{"name":"wp","href":"https:\/\/api.w.org\/{rel}","templated":true}]}}