{"id":161046,"date":"2025-07-09T23:47:01","date_gmt":"2025-07-09T23:47:01","guid":{"rendered":"https:\/\/playfmradio.com\/?p=11144"},"modified":"2025-07-09T23:47:01","modified_gmt":"2025-07-09T23:47:01","slug":"rayos-laser-presenta-su-nuevo-disco-ya-no-estoy-aqui-en-cordoba","status":"publish","type":"post","link":"http:\/\/cordobainforma.info\/index.php\/2025\/07\/09\/rayos-laser-presenta-su-nuevo-disco-ya-no-estoy-aqui-en-cordoba\/","title":{"rendered":"Rayos L\u00e1ser presenta su nuevo disco \u201cYa No Estoy Aqu\u00ed\u201d en C\u00f3rdoba"},"content":{"rendered":"<p>La banda cordobesa Rayos L\u00e1ser vuelve a los escenarios de la ciudad con un show especial para presentar en vivo su nuevo disco: Ya No Estoy Aqu\u00ed. La cita es el s\u00e1bado 12 de julio a las 19:00 hs en Sala Formosa (Ach\u00e1val Rodr\u00edguez 349).<\/p>\n<p>Formados en 2011 en Villa Mar\u00eda, Rayos L\u00e1ser lleva m\u00e1s de una d\u00e9cada haciendo m\u00fasica, con seis discos de estudio y un recorrido que los llev\u00f3 por Am\u00e9rica Latina y Europa. Con nominaciones a los Latin Grammy, MTV EMAs y Premios Gardel, se ganaron un lugar fuerte<br \/>dentro del pop\/rock argentino actual.<\/p>\n<div id=\"attachment_11146\" class=\"wp-caption alignnone\" readability=\"49\"><img loading=\"lazy\" fetchpriority=\"high\" decoding=\"async\" aria-describedby=\"caption-attachment-11146\" src=\"http:\/\/cordobainforma.info\/wp-content\/uploads\/2025\/07\/rayos-laser-presenta-su-nuevo-disco-ya-no-estoy-aqui-en-cordoba.jpg\" alt width=\"300\" height=\"300\" class=\"size-medium wp-image-11146\" srcset=\"http:\/\/cordobainforma.info\/wp-content\/uploads\/2025\/07\/rayos-laser-presenta-su-nuevo-disco-ya-no-estoy-aqui-en-cordoba.jpg 300w, http:\/\/cordobainforma.info\/wp-content\/uploads\/2025\/07\/rayos-laser-presenta-su-nuevo-disco-ya-no-estoy-aqui-en-cordoba-1.jpg 1024w, http:\/\/cordobainforma.info\/wp-content\/uploads\/2025\/07\/rayos-laser-presenta-su-nuevo-disco-ya-no-estoy-aqui-en-cordoba-2.jpg 150w, http:\/\/cordobainforma.info\/wp-content\/uploads\/2025\/07\/rayos-laser-presenta-su-nuevo-disco-ya-no-estoy-aqui-en-cordoba-3.jpg 768w, http:\/\/cordobainforma.info\/wp-content\/uploads\/2025\/07\/rayos-laser-presenta-su-nuevo-disco-ya-no-estoy-aqui-en-cordoba-4.jpg 1536w, http:\/\/cordobainforma.info\/wp-content\/uploads\/2025\/07\/rayos-laser-presenta-su-nuevo-disco-ya-no-estoy-aqui-en-cordoba-5.jpg 2048w, http:\/\/cordobainforma.info\/wp-content\/uploads\/2025\/07\/rayos-laser-presenta-su-nuevo-disco-ya-no-estoy-aqui-en-cordoba-6.jpg 690w, http:\/\/cordobainforma.info\/wp-content\/uploads\/2025\/07\/rayos-laser-presenta-su-nuevo-disco-ya-no-estoy-aqui-en-cordoba-7.jpg 170w\" sizes=\"(max-width: 300px) 100vw, 300px\"><\/p>\n<p id=\"caption-attachment-11146\" class=\"wp-caption-text\">{\u00abremix_data\u00bb:[],\u00bbremix_entry_point\u00bb:\u00bbchallenges\u00bb,\u00bbsource_tags\u00bb:[],\u00bborigin\u00bb:\u00bbunknown\u00bb,\u00bbtotal_draw_time\u00bb:0,\u00bbtotal_draw_actions\u00bb:0,\u00bblayers_used\u00bb:0,\u00bbbrushes_used\u00bb:0,\u00bbphotos_added\u00bb:0,\u00bbtotal_editor_actions\u00bb:{},\u00bbtools_used\u00bb:{\u00abai_enhance\u00bb:1,\u00bbsquare_fit\u00bb:1},\u00bbis_sticker\u00bb:false,\u00bbedited_since_last_sticker_save\u00bb:true,\u00bbcontainsFTESticker\u00bb:false}<\/p>\n<\/div>\n<p>Su nuevo \u00e1lbum, Ya No Estoy Aqu\u00ed, fue producido por Mariano Otero y muestra una banda m\u00e1s madura, con canciones que hablan del desapego, del amor y del dolor, sin perder su estilo directo y mel\u00f3dico.<\/p>\n<p>\ud83d\udccd D\u00f3nde: Sala Formosa \u2013 Ach\u00e1val Rodr\u00edguez 349, C\u00f3rdoba<br \/>\ud83d\uddd3 Cu\u00e1ndo: S\u00e1bado 12 de julio \u2013 19:00 hs<br \/>\ud83c\udf9f Entradas a la venta en alpogo.com<\/p>\n<p>Si sos fan de Rayos L\u00e1ser o quer\u00e9s conocer su nueva etapa, esta fecha es para agendar.<\/p>\n<p> <!-- AUTHOR PART ========================= --> <!-- AUTHOR PART END ========================= --> <\/p>\n","protected":false},"excerpt":{"rendered":"<p>La banda cordobesa Rayos L\u00e1ser vuelve a los escenarios de la ciudad con un show especial para presentar en vivo su nuevo disco: Ya No Estoy Aqu\u00ed. La cita es el s\u00e1bado 12 de julio a las 19:00 hs en Sala Formosa (Ach\u00e1val Rodr\u00edguez 349). Formados en 2011 en Villa Mar\u00eda, Rayos L\u00e1ser lleva m\u00e1s [&hellip;]<\/p>\n","protected":false},"author":1,"featured_media":161047,"comment_status":"closed","ping_status":"closed","sticky":false,"template":"","format":"standard","meta":[],"categories":[23,2],"tags":[],"_links":{"self":[{"href":"http:\/\/cordobainforma.info\/index.php\/wp-json\/wp\/v2\/posts\/161046"}],"collection":[{"href":"http:\/\/cordobainforma.info\/index.php\/wp-json\/wp\/v2\/posts"}],"about":[{"href":"http:\/\/cordobainforma.info\/index.php\/wp-json\/wp\/v2\/types\/post"}],"author":[{"embeddable":true,"href":"http:\/\/cordobainforma.info\/index.php\/wp-json\/wp\/v2\/users\/1"}],"replies":[{"embeddable":true,"href":"http:\/\/cordobainforma.info\/index.php\/wp-json\/wp\/v2\/comments?post=161046"}],"version-history":[{"count":0,"href":"http:\/\/cordobainforma.info\/index.php\/wp-json\/wp\/v2\/posts\/161046\/revisions"}],"wp:featuredmedia":[{"embeddable":true,"href":"http:\/\/cordobainforma.info\/index.php\/wp-json\/wp\/v2\/media\/161047"}],"wp:attachment":[{"href":"http:\/\/cordobainforma.info\/index.php\/wp-json\/wp\/v2\/media?parent=161046"}],"wp:term":[{"taxonomy":"category","embeddable":true,"href":"http:\/\/cordobainforma.info\/index.php\/wp-json\/wp\/v2\/categories?post=161046"},{"taxonomy":"post_tag","embeddable":true,"href":"http:\/\/cordobainforma.info\/index.php\/wp-json\/wp\/v2\/tags?post=161046"}],"curies":[{"name":"wp","href":"https:\/\/api.w.org\/{rel}","templated":true}]}}