{"id":161044,"date":"2025-07-09T23:49:11","date_gmt":"2025-07-09T23:49:11","guid":{"rendered":"https:\/\/playfmradio.com\/?p=11148"},"modified":"2025-07-09T23:49:11","modified_gmt":"2025-07-09T23:49:11","slug":"airbag-agota-tres-fechas-en-cordoba-con-el-club-de-la-pelea","status":"publish","type":"post","link":"http:\/\/cordobainforma.info\/index.php\/2025\/07\/09\/airbag-agota-tres-fechas-en-cordoba-con-el-club-de-la-pelea\/","title":{"rendered":"Airbag agota tres fechas en C\u00f3rdoba con \u201cEl Club de la Pelea\u201d"},"content":{"rendered":"<p>El rock nacional est\u00e1 m\u00e1s vivo que nunca y C\u00f3rdoba lo sabe: Airbag llega con su gira \u201cEl Club de la Pelea\u201d para presentarse los d\u00edas 11, 12 y 13 de julio en Plaza de la M\u00fasica, y las entradas ya est\u00e1n totalmente agotadas.<\/p>\n<p>La banda integrada por los hermanos Sardelli \u2014Patricio, Gast\u00f3n y Guido\u2014 arrasa en cada ciudad que visita, y la capital cordobesa no fue la excepci\u00f3n. En tiempo r\u00e9cord, se vendieron todas las entradas para las tres noches en el m\u00edtico espacio de Costanera esquina<br \/>Mendoza.<br \/><img loading=\"lazy\" fetchpriority=\"high\" decoding=\"async\" src=\"http:\/\/cordobainforma.info\/wp-content\/uploads\/2025\/07\/airbag-agota-tres-fechas-en-cordoba-con-el-club-de-la-pelea.jpg\" alt width=\"300\" height=\"200\" class=\"alignnone size-medium wp-image-11150\" srcset=\"http:\/\/cordobainforma.info\/wp-content\/uploads\/2025\/07\/airbag-agota-tres-fechas-en-cordoba-con-el-club-de-la-pelea.jpg 300w, http:\/\/cordobainforma.info\/wp-content\/uploads\/2025\/07\/airbag-agota-tres-fechas-en-cordoba-con-el-club-de-la-pelea-1.jpg 1024w, http:\/\/cordobainforma.info\/wp-content\/uploads\/2025\/07\/airbag-agota-tres-fechas-en-cordoba-con-el-club-de-la-pelea-2.jpg 768w, http:\/\/cordobainforma.info\/wp-content\/uploads\/2025\/07\/airbag-agota-tres-fechas-en-cordoba-con-el-club-de-la-pelea-3.jpg 1536w, http:\/\/cordobainforma.info\/wp-content\/uploads\/2025\/07\/airbag-agota-tres-fechas-en-cordoba-con-el-club-de-la-pelea-4.jpg 2048w\" sizes=\"(max-width: 300px) 100vw, 300px\"><br \/>Con un show potente, escenograf\u00eda cinematogr\u00e1fica y una lista de temas que recorre desde sus cl\u00e1sicos hasta el material m\u00e1s reciente, Airbag promete una experiencia inolvidable para quienes consiguieron lugar. El Club de la Pelea no solo es una gira, es un manifiesto de<br \/>actitud rockera, intensidad y conexi\u00f3n con el p\u00fablico.<\/p>\n<p>\ud83d\udccd \u00bfD\u00f3nde? Plaza de la M\u00fasica \u2013 Costanera esq. Mendoza, C\u00f3rdoba Capital<br \/>\ud83d\uddd3 Cu\u00e1ndo: 11, 12 y 13 de julio \u2013 21:00 hs<br \/>\ud83c\udf9f Entradas: AGOTADAS<br \/>\ud83d\udd25 C\u00f3rdoba ya est\u00e1 lista para gritar cada canci\u00f3n y vivir tres noches explosivas.<\/p>\n<p>Si te quedaste afuera, estate atentx a posibles nuevas fechas o sorpresas\u2026 porque esto reci\u00e9n empieza.<\/p>\n<p> <!-- AUTHOR PART ========================= --> <!-- AUTHOR PART END ========================= --> <\/p>\n","protected":false},"excerpt":{"rendered":"<p>El rock nacional est\u00e1 m\u00e1s vivo que nunca y C\u00f3rdoba lo sabe: Airbag llega con su gira \u201cEl Club de la Pelea\u201d para presentarse los d\u00edas 11, 12 y 13 de julio en Plaza de la M\u00fasica, y las entradas ya est\u00e1n totalmente agotadas. La banda integrada por los hermanos Sardelli \u2014Patricio, Gast\u00f3n y Guido\u2014 [&hellip;]<\/p>\n","protected":false},"author":1,"featured_media":161045,"comment_status":"closed","ping_status":"closed","sticky":false,"template":"","format":"standard","meta":[],"categories":[23,2],"tags":[],"_links":{"self":[{"href":"http:\/\/cordobainforma.info\/index.php\/wp-json\/wp\/v2\/posts\/161044"}],"collection":[{"href":"http:\/\/cordobainforma.info\/index.php\/wp-json\/wp\/v2\/posts"}],"about":[{"href":"http:\/\/cordobainforma.info\/index.php\/wp-json\/wp\/v2\/types\/post"}],"author":[{"embeddable":true,"href":"http:\/\/cordobainforma.info\/index.php\/wp-json\/wp\/v2\/users\/1"}],"replies":[{"embeddable":true,"href":"http:\/\/cordobainforma.info\/index.php\/wp-json\/wp\/v2\/comments?post=161044"}],"version-history":[{"count":0,"href":"http:\/\/cordobainforma.info\/index.php\/wp-json\/wp\/v2\/posts\/161044\/revisions"}],"wp:featuredmedia":[{"embeddable":true,"href":"http:\/\/cordobainforma.info\/index.php\/wp-json\/wp\/v2\/media\/161045"}],"wp:attachment":[{"href":"http:\/\/cordobainforma.info\/index.php\/wp-json\/wp\/v2\/media?parent=161044"}],"wp:term":[{"taxonomy":"category","embeddable":true,"href":"http:\/\/cordobainforma.info\/index.php\/wp-json\/wp\/v2\/categories?post=161044"},{"taxonomy":"post_tag","embeddable":true,"href":"http:\/\/cordobainforma.info\/index.php\/wp-json\/wp\/v2\/tags?post=161044"}],"curies":[{"name":"wp","href":"https:\/\/api.w.org\/{rel}","templated":true}]}}