{"id":161039,"date":"2025-07-09T16:18:13","date_gmt":"2025-07-09T16:18:13","guid":{"rendered":"https:\/\/cordoba.gob.ar\/?p=79225"},"modified":"2025-07-09T16:18:13","modified_gmt":"2025-07-09T16:18:13","slug":"tras-el-retiro-de-170-toneladas-de-residuos-la-plantacion-de-arboles-da-forma-al-nuevo-espacio-comunitario-de-la-ciudad","status":"publish","type":"post","link":"http:\/\/cordobainforma.info\/index.php\/2025\/07\/09\/tras-el-retiro-de-170-toneladas-de-residuos-la-plantacion-de-arboles-da-forma-al-nuevo-espacio-comunitario-de-la-ciudad\/","title":{"rendered":"Tras el retiro de 170 toneladas de residuos, la plantaci\u00f3n de \u00e1rboles da forma al nuevo espacio comunitario de la ciudad"},"content":{"rendered":"<div><img src=\"http:\/\/cordobainforma.info\/wp-content\/uploads\/2025\/07\/tras-el-retiro-de-170-toneladas-de-residuos-la-plantacion-de-arboles-da-forma-al-nuevo-espacio-comunitario-de-la-ciudad.jpg\" class=\"ff-og-image-inserted\"><\/div>\n<ul>\n<li data-prosemirror-content-type=\"node\" data-prosemirror-node-name=\"paragraph\" data-prosemirror-node-block=\"true\"><strong>Se trata de un exbasural en la intersecci\u00f3n de los barrios La Toma, Los Robles e Industrial Oeste, donde los vecinos ya conforman una comisi\u00f3n para proteger la futura plaza de C\u00f3rdoba Capital.<\/strong><\/li>\n<\/ul>\n<hr>\n<p data-prosemirror-content-type=\"node\" data-prosemirror-node-name=\"paragraph\" data-prosemirror-node-block=\"true\">La Municipalidad de C\u00f3rdoba intensifica los trabajos de puesta en valor de un antiguo basural de la ciudad, donde iban a parar cientos de toneladas de residuos, para convertirlo en un espacio saludable, recreativo y de encuentro.<\/p>\n<p data-prosemirror-content-type=\"node\" data-prosemirror-node-name=\"paragraph\" data-prosemirror-node-block=\"true\">La transformaci\u00f3n de este espacio, ubicado en la intersecci\u00f3n de los barrios La Toma, Los Robles e Industrial Oeste, se enmarca en el Programa Ambiental para Centros Vecinales, por el cual los vecinos presentaron propuestas al municipio que luego se convierten en obras ejecutadas por las empresas de recolecci\u00f3n de residuos.<\/p>\n<p data-prosemirror-content-type=\"node\" data-prosemirror-node-name=\"paragraph\" data-prosemirror-node-block=\"true\">En este caso, Lusa trabaja en el lugar, en un esfuerzo conjunto con el municipio, a trav\u00e9s de la Secretar\u00eda de Ambiente y Econom\u00eda Circular y la Secretar\u00eda de Fortalecimiento Vecinal y Deportes.<\/p>\n<p data-prosemirror-content-type=\"node\" data-prosemirror-node-name=\"paragraph\" data-prosemirror-node-block=\"true\">En los \u00faltimos d\u00edas, se retiraron las \u00faltimas 174 toneladas de residuos arrojadas clandestinamente. El sector ya cuenta con juegos infantiles y se plantaron 20 \u00e1rboles de flora nativa: diez cina cina y diez molles.<\/p>\n<p data-prosemirror-content-type=\"node\" data-prosemirror-node-name=\"paragraph\" data-prosemirror-node-block=\"true\">Los centros vecinales trabajan comprometidamente, junto con vecinos y vecinas de estos barrios, para ponerle un nuevo nombre a este espacio y formar una comisi\u00f3n vecinal encargada de su cuidado. Entre otros trabajos, tambi\u00e9n se est\u00e1 preparando una cancha de f\u00fatbol 5 y se delimitaron espacios para la creaci\u00f3n de huertas comunitarias.<\/p>\n<p data-prosemirror-content-type=\"node\" data-prosemirror-node-name=\"paragraph\" data-prosemirror-node-block=\"true\">Se realiz\u00f3 el cerramiento del lugar, con estructuras de madera donadas por Epec, en un claro ejemplo de Econom\u00eda Circular a trav\u00e9s de la reutilizaci\u00f3n y el aprovechamiento de 70 postes de alumbrado p\u00fablico en desuso.<\/p>\n","protected":false},"excerpt":{"rendered":"<p>Se trata de un exbasural en la intersecci\u00f3n de los barrios La Toma, Los Robles e Industrial Oeste, donde los vecinos ya conforman una comisi\u00f3n para proteger la futura plaza de C\u00f3rdoba Capital. La Municipalidad de C\u00f3rdoba intensifica los trabajos de puesta en valor de un antiguo basural de la ciudad, donde iban a parar [&hellip;]<\/p>\n","protected":false},"author":1,"featured_media":161040,"comment_status":"closed","ping_status":"closed","sticky":false,"template":"","format":"standard","meta":[],"categories":[2],"tags":[],"_links":{"self":[{"href":"http:\/\/cordobainforma.info\/index.php\/wp-json\/wp\/v2\/posts\/161039"}],"collection":[{"href":"http:\/\/cordobainforma.info\/index.php\/wp-json\/wp\/v2\/posts"}],"about":[{"href":"http:\/\/cordobainforma.info\/index.php\/wp-json\/wp\/v2\/types\/post"}],"author":[{"embeddable":true,"href":"http:\/\/cordobainforma.info\/index.php\/wp-json\/wp\/v2\/users\/1"}],"replies":[{"embeddable":true,"href":"http:\/\/cordobainforma.info\/index.php\/wp-json\/wp\/v2\/comments?post=161039"}],"version-history":[{"count":0,"href":"http:\/\/cordobainforma.info\/index.php\/wp-json\/wp\/v2\/posts\/161039\/revisions"}],"wp:featuredmedia":[{"embeddable":true,"href":"http:\/\/cordobainforma.info\/index.php\/wp-json\/wp\/v2\/media\/161040"}],"wp:attachment":[{"href":"http:\/\/cordobainforma.info\/index.php\/wp-json\/wp\/v2\/media?parent=161039"}],"wp:term":[{"taxonomy":"category","embeddable":true,"href":"http:\/\/cordobainforma.info\/index.php\/wp-json\/wp\/v2\/categories?post=161039"},{"taxonomy":"post_tag","embeddable":true,"href":"http:\/\/cordobainforma.info\/index.php\/wp-json\/wp\/v2\/tags?post=161039"}],"curies":[{"name":"wp","href":"https:\/\/api.w.org\/{rel}","templated":true}]}}