{"id":161025,"date":"2025-07-10T00:43:33","date_gmt":"2025-07-10T00:43:33","guid":{"rendered":"http:\/\/cordobainforma.info\/index.php\/2025\/07\/10\/el-cadaver-en-un-placar-de-nueva-cordoba-nueva-fiscalia-para-delitos-ciberneticos\/"},"modified":"2025-07-10T00:43:33","modified_gmt":"2025-07-10T00:43:33","slug":"el-cadaver-en-un-placar-de-nueva-cordoba-nueva-fiscalia-para-delitos-ciberneticos","status":"publish","type":"post","link":"http:\/\/cordobainforma.info\/index.php\/2025\/07\/10\/el-cadaver-en-un-placar-de-nueva-cordoba-nueva-fiscalia-para-delitos-ciberneticos\/","title":{"rendered":"El cad\u00e1ver en un placar de <b>Nueva C\u00f3rdoba<\/b> \/ Nueva fiscal\u00eda para delitos cibern\u00e9ticos"},"content":{"rendered":"<p>Avanza la investigaci\u00f3n del terrible descubrimiento en un departamento. Se suma una fiscal\u00eda para tratar casos en entornos digitales. <\/p>\n","protected":false},"excerpt":{"rendered":"<p>Avanza la investigaci\u00f3n del terrible descubrimiento en un departamento. Se suma una fiscal\u00eda para tratar casos en entornos digitales.<\/p>\n","protected":false},"author":1,"featured_media":0,"comment_status":"closed","ping_status":"closed","sticky":false,"template":"","format":"standard","meta":[],"categories":[23],"tags":[],"_links":{"self":[{"href":"http:\/\/cordobainforma.info\/index.php\/wp-json\/wp\/v2\/posts\/161025"}],"collection":[{"href":"http:\/\/cordobainforma.info\/index.php\/wp-json\/wp\/v2\/posts"}],"about":[{"href":"http:\/\/cordobainforma.info\/index.php\/wp-json\/wp\/v2\/types\/post"}],"author":[{"embeddable":true,"href":"http:\/\/cordobainforma.info\/index.php\/wp-json\/wp\/v2\/users\/1"}],"replies":[{"embeddable":true,"href":"http:\/\/cordobainforma.info\/index.php\/wp-json\/wp\/v2\/comments?post=161025"}],"version-history":[{"count":0,"href":"http:\/\/cordobainforma.info\/index.php\/wp-json\/wp\/v2\/posts\/161025\/revisions"}],"wp:attachment":[{"href":"http:\/\/cordobainforma.info\/index.php\/wp-json\/wp\/v2\/media?parent=161025"}],"wp:term":[{"taxonomy":"category","embeddable":true,"href":"http:\/\/cordobainforma.info\/index.php\/wp-json\/wp\/v2\/categories?post=161025"},{"taxonomy":"post_tag","embeddable":true,"href":"http:\/\/cordobainforma.info\/index.php\/wp-json\/wp\/v2\/tags?post=161025"}],"curies":[{"name":"wp","href":"https:\/\/api.w.org\/{rel}","templated":true}]}}