{"id":160992,"date":"2025-07-09T23:04:21","date_gmt":"2025-07-09T23:04:21","guid":{"rendered":"https:\/\/www.clarin.com\/deportes\/arribo-pussetto-independiente-eyecto-delanteros-seguiran-plantel-julio-vaccari_0_vEL4R7aNlr.html"},"modified":"2025-07-09T23:04:21","modified_gmt":"2025-07-09T23:04:21","slug":"el-arribo-de-pussetto-a-independiente-eyecto-a-otros-dos-delanteros-quienes-son-los-que-no-seguiran-en-el-plantel-de-julio-vaccari","status":"publish","type":"post","link":"http:\/\/cordobainforma.info\/index.php\/2025\/07\/09\/el-arribo-de-pussetto-a-independiente-eyecto-a-otros-dos-delanteros-quienes-son-los-que-no-seguiran-en-el-plantel-de-julio-vaccari\/","title":{"rendered":"El arribo de Pussetto a Independiente eyect\u00f3 a otros dos delanteros: qui\u00e9nes son los que no seguir\u00e1n en el plantel de Julio Vaccari"},"content":{"rendered":"<p><img src=\"http:\/\/cordobainforma.info\/wp-content\/uploads\/2025\/07\/el-arribo-de-pussetto-a-independiente-eyecto-a-otros-dos-delanteros-quienes-son-los-que-no-seguiran-en-el-plantel-de-julio-vaccari.jpg\"><\/p>\n<div><img src=\"http:\/\/cordobainforma.info\/wp-content\/uploads\/2025\/07\/el-arribo-de-pussetto-a-independiente-eyecto-a-otros-dos-delanteros-quienes-son-los-que-no-seguiran-en-el-plantel-de-julio-vaccari-2.jpg\" class=\"ff-og-image-inserted\"><\/div>\n<div id=\"element-body-0\" readability=\"40.637532133676\">\n<p><a href=\"https:\/\/www.clarin.com\/deportes\/fin-novela-mexicana-independiente-deja-ir-angulo-pumas-cambio-llegada-delantero-pidio-vaccari_0_eqIOckAC4x.html\" target=\"_blank\" title=\"Con la llegada asegurada de Ignacio Pussetto, quien estar\u00e1 aterrizando en la Argentina por estas horas para proveniente desde Pumas de M\u00e9xico\" alt=\"Con la llegada asegurada de Ignacio Pussetto, quien estar\u00e1 aterrizando en la Argentina por estas horas para proveniente desde Pumas de M\u00e9xico\" rel=\"noopener noreferrer\">Con la llegada asegurada de <\/a><strong><a href=\"https:\/\/www.clarin.com\/deportes\/fin-novela-mexicana-independiente-deja-ir-angulo-pumas-cambio-llegada-delantero-pidio-vaccari_0_eqIOckAC4x.html\" target=\"_blank\" title=\"Con la llegada asegurada de Ignacio Pussetto, quien estar\u00e1 aterrizando en la Argentina por estas horas para proveniente desde Pumas de M\u00e9xico\" alt=\"Con la llegada asegurada de Ignacio Pussetto, quien estar\u00e1 aterrizando en la Argentina por estas horas para proveniente desde Pumas de M\u00e9xico\" rel=\"noopener noreferrer\">Ignacio Pussetto<\/a><\/strong><a href=\"https:\/\/www.clarin.com\/deportes\/fin-novela-mexicana-independiente-deja-ir-angulo-pumas-cambio-llegada-delantero-pidio-vaccari_0_eqIOckAC4x.html\" target=\"_blank\" title=\"Con la llegada asegurada de Ignacio Pussetto, quien estar\u00e1 aterrizando en la Argentina por estas horas para proveniente desde Pumas de M\u00e9xico\" alt=\"Con la llegada asegurada de Ignacio Pussetto, quien estar\u00e1 aterrizando en la Argentina por estas horas para proveniente desde Pumas de M\u00e9xico\" rel=\"noopener noreferrer\">, quien estar\u00e1 aterrizando en la Argentina por estas horas para proveniente desde Pumas de M\u00e9xico<\/a>, a cambio del pase de \u00c1lvaro \u00c1ngulo m\u00e1s 1,5 millones de d\u00f3lares que cobra <strong>Independiente<\/strong>, desde Avellaneda <strong>se desprendieron de dos de sus delanteros <\/strong>que no iban a tener mucho lugar en el nuevo plantel: <strong>Mat\u00edas Gim\u00e9nez <\/strong>e <strong>Ignacio Maestro Puch<\/strong>.<\/p>\n<\/div>\n<div id=\"element-body-1\" readability=\"62\">\n<p>Gim\u00e9nez fue vendido a <strong>Argentinos Juniors<\/strong>. El atacante sanjuanino de 26 a\u00f1os que disput\u00f3 40 partidos con el Rojo y marc\u00f3 8 goles, se convirti\u00f3 en refuerzo del Bicho a cambio de 2 millones de d\u00f3lares brutos por el 80 por ciento de su ficha (Independiente pose\u00eda el 55 y San Mart\u00edn de San Juan, el 45 por ciento del pase).<\/p>\n<\/div>\n<div id=\"element-body-2\" readability=\"61\">\n<p>El Diablo deb\u00eda 1 mill\u00f3n de d\u00f3lares al club de La Paternal por la compra de Santiago Montiel m\u00e1s 100 mil de la moneda extranjera por una diferencia de tipo de cambio del pase de Gabriel Avalos. De este modo, todo queda saldado y a su vez Independiente se queda con un 20 por ciento de Gim\u00e9nez de cara a una futura venta.<\/p>\n<\/div>\n<div id=\"element-body-3\" readability=\"60\">\n<p>Por su parte, <strong>Maestro Puch fue a pr\u00e9stamo sin cargo y sin opci\u00f3n justamente al &#8216;Santo&#8217; sanjuanino<\/strong> por 18 meses con dos cl\u00e1usulas de repesca: en diciembre y a mitad de 2026. Jug\u00f3 34 encuentros y anot\u00f3 apenas un tanto con la camiseta roja.<\/p>\n<\/div>\n<div id=\"element-body-5\" readability=\"63\">\n<p><strong>Los dos se despidieron del cuerpo t\u00e9cnico y sus compa\u00f1eros<\/strong>. De este modo, <strong>Julio Vaccari <\/strong>se queda con Gabriel \u00c1valos, Pussetto y Santiago Hidalgo como alternativas de centrodelanteros. Este domingo ante <strong>Sarmiento en Jun\u00edn <\/strong>ser\u00e1 Avalos el titular, pero sabe el guaran\u00ed que tendr\u00e1 que pelear a partir de ahora con el ex Hurac\u00e1n.<\/p>\n<\/div>\n","protected":false},"excerpt":{"rendered":"<p>Con la llegada asegurada de Ignacio Pussetto, quien estar\u00e1 aterrizando en la Argentina por estas horas para proveniente desde Pumas de M\u00e9xico, a cambio del pase de \u00c1lvaro \u00c1ngulo m\u00e1s 1,5 millones de d\u00f3lares que cobra Independiente, desde Avellaneda se desprendieron de dos de sus delanteros que no iban a tener mucho lugar en el [&hellip;]<\/p>\n","protected":false},"author":1,"featured_media":160993,"comment_status":"closed","ping_status":"closed","sticky":false,"template":"","format":"standard","meta":[],"categories":[20],"tags":[],"_links":{"self":[{"href":"http:\/\/cordobainforma.info\/index.php\/wp-json\/wp\/v2\/posts\/160992"}],"collection":[{"href":"http:\/\/cordobainforma.info\/index.php\/wp-json\/wp\/v2\/posts"}],"about":[{"href":"http:\/\/cordobainforma.info\/index.php\/wp-json\/wp\/v2\/types\/post"}],"author":[{"embeddable":true,"href":"http:\/\/cordobainforma.info\/index.php\/wp-json\/wp\/v2\/users\/1"}],"replies":[{"embeddable":true,"href":"http:\/\/cordobainforma.info\/index.php\/wp-json\/wp\/v2\/comments?post=160992"}],"version-history":[{"count":0,"href":"http:\/\/cordobainforma.info\/index.php\/wp-json\/wp\/v2\/posts\/160992\/revisions"}],"wp:featuredmedia":[{"embeddable":true,"href":"http:\/\/cordobainforma.info\/index.php\/wp-json\/wp\/v2\/media\/160993"}],"wp:attachment":[{"href":"http:\/\/cordobainforma.info\/index.php\/wp-json\/wp\/v2\/media?parent=160992"}],"wp:term":[{"taxonomy":"category","embeddable":true,"href":"http:\/\/cordobainforma.info\/index.php\/wp-json\/wp\/v2\/categories?post=160992"},{"taxonomy":"post_tag","embeddable":true,"href":"http:\/\/cordobainforma.info\/index.php\/wp-json\/wp\/v2\/tags?post=160992"}],"curies":[{"name":"wp","href":"https:\/\/api.w.org\/{rel}","templated":true}]}}