{"id":160990,"date":"2025-07-09T23:47:38","date_gmt":"2025-07-09T23:47:38","guid":{"rendered":"https:\/\/www.clarin.com\/deportes\/carlos-tevez-asumio-dt-talleres-escandalo-cocca-deje-unico-club-podia-sacarme-comodidad_0_l4ZeWnp5pD.html"},"modified":"2025-07-09T23:47:38","modified_gmt":"2025-07-09T23:47:38","slug":"carlos-tevez-asumio-como-dt-de-talleres-tras-el-escandalo-con-cocca-deje-todo-era-el-unico-club-que-podia-sacarme-de-la-comodidad","status":"publish","type":"post","link":"http:\/\/cordobainforma.info\/index.php\/2025\/07\/09\/carlos-tevez-asumio-como-dt-de-talleres-tras-el-escandalo-con-cocca-deje-todo-era-el-unico-club-que-podia-sacarme-de-la-comodidad\/","title":{"rendered":"Carlos Tevez asumi\u00f3 como DT de Talleres tras el esc\u00e1ndalo con Cocca: \u00abDej\u00e9 todo, era el \u00fanico club que pod\u00eda sacarme de la comodidad\u00bb"},"content":{"rendered":"<p><img src=\"http:\/\/cordobainforma.info\/wp-content\/uploads\/2025\/07\/carlos-tevez-asumio-como-dt-de-talleres-tras-el-escandalo-con-cocca-deje-todo-era-el-unico-club-que-podia-sacarme-de-la-comodidad.jpg\"><\/p>\n<div><img src=\"http:\/\/cordobainforma.info\/wp-content\/uploads\/2025\/07\/carlos-tevez-asumio-como-dt-de-talleres-tras-el-escandalo-con-cocca-deje-todo-era-el-unico-club-que-podia-sacarme-de-la-comodidad-2.jpg\" class=\"ff-og-image-inserted\"><\/div>\n<div id=\"element-body-0\" readability=\"64\">\n<p>En menos de 24 horas del esc\u00e1ndalo de la abrupta salida de Diego Cocca a un mes y medio de su asunci\u00f3n, Talleres acord\u00f3 la llegada de Carlos Tevez, que fue presentado oficialmente con una conferencia de prensa en el Centro de Alto Rendimiento Amadeo Nuccetelli y que este viernes debutar\u00e1 a las 20:00 ante <strong>San Lorenzo<\/strong> en el Torneo Clausura. <strong>\u201cTalleres era el \u00fanico club de la Argentina que pod\u00eda movilizarme para sacarme de la comodidad. Hoy tenemos que meter huevo, levantar el pasto y ser intensos para despu\u00e9s pensar en jugar bien\u201d<\/strong>, dijo el Apache.<\/p>\n<\/div>\n<div id=\"element-body-1\" readability=\"62\">\n<p>Al lado del flamante t\u00e9cnico estuvo el presidente <strong>Andr\u00e9s Fassi<\/strong>, que habl\u00f3 m\u00e1s que Carlitos ya que debi\u00f3 responder sobre el conflicto con Cocca: <strong>\u201cEstoy agradecido por estas semanas que Diego le dio a Talleres, pero \u00e9l tom\u00f3 una decisi\u00f3n personal y hay que mirar para adelante. Nunca me hab\u00eda pasado una situaci\u00f3n como esta. Es at\u00edpico\u201d<\/strong>.<\/p>\n<\/div>\n<div id=\"element-body-2\" readability=\"66\">\n<p>Tevez habl\u00f3 de este nuevo desaf\u00edo luego de sus ciclos en Rosario Central y en Independiente, y tambi\u00e9n de la posici\u00f3n del equipo, que arrancar\u00e1 pen\u00faltimo n la tabla anual, por encima de San Mart\u00edn de San Juan: \u201cEstaba de vacaciones con mi mujer y mi hijo y dej\u00e9 todo para estar ac\u00e1. Estoy como en mi casa, muchos a\u00f1os vine a C\u00f3rdoba y estoy feliz. Conf\u00edo plenamente en los muchachos. Ac\u00e1 va a estar el que quiera estar. El que quiera estar, bienvenido al barco. Lo que tenga que hablar puertas adentro, ustedes no lo sabr\u00e1n porque son cosas que quedan en el vestuario. Yo creo en este plantel y me gustar\u00eda que se quedaran todos\u201d.<\/p>\n<\/div>\n<div id=\"element-body-3\" readability=\"63\">\n<p><strong>Diego Cocca<\/strong>, por su parte, fren\u00f3 en el aeropuerto antes de subirse al avi\u00f3n para abandonar C\u00f3rdoba. Se par\u00f3 delante de la mara\u00f1a de periodistas y c\u00e1maras y, sin aceptar preguntas, dio los motivos de su sorpresivo portazo.<\/p>\n<\/div>\n<div id=\"element-body-4\" readability=\"28.785928143713\">\n<blockquote class=\"twitter-tweet\" readability=\"8.5928143712575\">\n<p lang=\"es\" dir=\"ltr\">\ud83d\udde3\ufe0f \u00abEL ESCENARIO NO ERA EL QUE YO QUER\u00cdA. HAY CUATRO JUGADORES CON POSIBILIDAD DE VENTA Y NO HA VENIDO NING\u00daN REFUERZO\u00bb<\/p>\n<p>\ud83c\udf99\ufe0f Diego Cocca rompi\u00f3 el silencio tras su salida de <a href=\"https:\/\/twitter.com\/hashtag\/Talleres?src=hash&amp;ref_src=twsrc%5Etfw\">#Talleres<\/a>, a poco menos de dos meses de su llegada y sin realizar su debut oficial. <a href=\"https:\/\/t.co\/NeF1KOA1oY\">pic.twitter.com\/NeF1KOA1oY<\/a><\/p>\n<p>\u2014 TyC Sports (@TyCSports) <a href=\"https:\/\/twitter.com\/TyCSports\/status\/1943006917044957479?ref_src=twsrc%5Etfw\">July 9, 2025<\/a><\/p><\/blockquote><\/div>\n<div id=\"element-body-5\" readability=\"63\">\n<p>\u201cEl escenario no era el que yo quer\u00eda. Lo hab\u00edamos hablado y lamentablemente, por un mont\u00f3n de motivos, no se puedo llegar a esa realizaci\u00f3n. Internamente las cosas no se estaban teniendo claras. Hay tres o cuatro jugadores que todav\u00eda tienen posibilidad de venta y no ha venido ning\u00fan refuerzo\u201d, explic\u00f3.<\/p>\n<\/div>\n<div id=\"element-body-6\" readability=\"61\">\n<p>Y agreg\u00f3: \u201cEsto es muy simple y muy claro, hay que tomar decisiones. Es un l\u00e1stima, m\u00ed no me gusta. Es un momento realmente inc\u00f3modo. Yo ten\u00eda la ilusi\u00f3n de hacer las cosas bien en Talleres y tener un equipo competitivo en serio\u201d.<\/p>\n<\/div>\n<div id=\"element-body-7\" readability=\"63\">\n<p>Seg\u00fan supo <strong>Clar\u00edn<\/strong>, lo que colm\u00f3 la paciencia de Cocca fue la salida de <strong>Gast\u00f3n Benav\u00eddez <\/strong>a pr\u00e9stamo a <strong>Athletico Paranaense<\/strong> de Brasil, adem\u00e1s de las posibles partidas de <strong>Juan Portillo<\/strong> y <strong>Galarza Fonda<\/strong> a River. La negociaci\u00f3n con el club de N\u00fa\u00f1ez tambi\u00e9n fue un factor de rispidez. Es que <strong>River ofrece dinero m\u00e1s jugadores a cambio, <\/strong>pero no los nombres que quer\u00eda Cocca: <strong>Miguel Borja<\/strong> y <strong>Mat\u00edas Kranevitter<\/strong>.<\/p>\n<\/div>\n<div id=\"element-body-8\" readability=\"60\">\n<p><strong>No llega nadie y encima se van<\/strong>. Las cosas en la intimidad del vestuario tampoco hab\u00edan arrancado bien para Cocca. Es que el DT deb\u00eda recomponer un grupo erosionado. Y algunos comentarios suyos en la conferencia de prensa de presentaci\u00f3n ya no cayeron muy bien en los referentes. Todo esto hizo un combo explosivo que hizo renunciar a Cocca a un mes y medio de haber sido presentado y a tres d\u00edas de lo que iba a ser su estreno.<\/p>\n<\/div>\n<div id=\"element-body-9\" readability=\"62\">\n<p>Fassi se refiri\u00f3 a la falta de incorporaciones: <strong>\u00abEl 90 por ciento de los jugadores que nos dieron el t\u00edtulo contra River est\u00e1n ac\u00e1, imag\u00ednense si no confiamos en este plantel. Sabiendo que estamos dispuestos a reforzarnos en un mercado complicado que comenz\u00f3 bastante m\u00e1s tarde. Esos dos o tres jugadores que pueden llegar todav\u00eda no han llegado, pero confiamos en este plantel. Faltan venir un central y un centrodelantero\u00bb<\/strong>.<\/p>\n<\/div>\n<div id=\"element-body-10\" readability=\"63\">\n<p>Adem\u00e1s, enfatiz\u00f3: <strong>\u00abYo a veces me r\u00edo. Dicen&#8230; Platense llev\u00f3 5 refuerzos, Instituto llev\u00f3 7. No siempre traer cantidad te va a garantizar rendimiento. Esa gente que opina, que llenan espacios, los que escriben&#8230; Es complejo explicar que tenemos un muy buen plantel\u00bb<\/strong>.<\/p>\n<\/div>\n<div id=\"element-body-11\" readability=\"63\">\n<p>Por \u00faltimo, el directivo se refiri\u00f3 a las cr\u00edticas y el disconformismo de muchos hinchas por el presente del equipo y por la llegada de Tevez: <strong>\u00abVemos a 30 personas gritando y autom\u00e1ticamente decimos &#8216;la gente&#8217;, no muchachos, Talleres tiene m\u00e1s de 2 millones de hinchas. Vemos cien personas en redes sociales que tal vez ni son de Talleres y ya decimos &#8216;la gente&#8217;. Estamos equivocados. A esa gente que quiere criticar le decimos que venga porque Talleres tiene que ser uno solo y tenemos que estar todos unidos\u00bb<\/strong>.<\/p>\n<\/div>\n","protected":false},"excerpt":{"rendered":"<p>En menos de 24 horas del esc\u00e1ndalo de la abrupta salida de Diego Cocca a un mes y medio de su asunci\u00f3n, Talleres acord\u00f3 la llegada de Carlos Tevez, que fue presentado oficialmente con una conferencia de prensa en el Centro de Alto Rendimiento Amadeo Nuccetelli y que este viernes debutar\u00e1 a las 20:00 ante [&hellip;]<\/p>\n","protected":false},"author":1,"featured_media":160991,"comment_status":"closed","ping_status":"closed","sticky":false,"template":"","format":"standard","meta":[],"categories":[20],"tags":[],"_links":{"self":[{"href":"http:\/\/cordobainforma.info\/index.php\/wp-json\/wp\/v2\/posts\/160990"}],"collection":[{"href":"http:\/\/cordobainforma.info\/index.php\/wp-json\/wp\/v2\/posts"}],"about":[{"href":"http:\/\/cordobainforma.info\/index.php\/wp-json\/wp\/v2\/types\/post"}],"author":[{"embeddable":true,"href":"http:\/\/cordobainforma.info\/index.php\/wp-json\/wp\/v2\/users\/1"}],"replies":[{"embeddable":true,"href":"http:\/\/cordobainforma.info\/index.php\/wp-json\/wp\/v2\/comments?post=160990"}],"version-history":[{"count":0,"href":"http:\/\/cordobainforma.info\/index.php\/wp-json\/wp\/v2\/posts\/160990\/revisions"}],"wp:featuredmedia":[{"embeddable":true,"href":"http:\/\/cordobainforma.info\/index.php\/wp-json\/wp\/v2\/media\/160991"}],"wp:attachment":[{"href":"http:\/\/cordobainforma.info\/index.php\/wp-json\/wp\/v2\/media?parent=160990"}],"wp:term":[{"taxonomy":"category","embeddable":true,"href":"http:\/\/cordobainforma.info\/index.php\/wp-json\/wp\/v2\/categories?post=160990"},{"taxonomy":"post_tag","embeddable":true,"href":"http:\/\/cordobainforma.info\/index.php\/wp-json\/wp\/v2\/tags?post=160990"}],"curies":[{"name":"wp","href":"https:\/\/api.w.org\/{rel}","templated":true}]}}