{"id":160982,"date":"2025-07-09T08:19:48","date_gmt":"2025-07-09T08:19:48","guid":{"rendered":"https:\/\/somoscordobeses.com\/2025\/07\/09\/dolor-por-el-fallecimiento-de-una-exdocente-de-la-escuela-presidente-sarmiento\/"},"modified":"2025-07-09T08:19:48","modified_gmt":"2025-07-09T08:19:48","slug":"dolor-por-el-fallecimiento-de-una-exdocente-de-la-escuela-presidente-sarmiento","status":"publish","type":"post","link":"http:\/\/cordobainforma.info\/index.php\/2025\/07\/09\/dolor-por-el-fallecimiento-de-una-exdocente-de-la-escuela-presidente-sarmiento\/","title":{"rendered":"Dolor por el fallecimiento de una exdocente de la Escuela Presidente Sarmiento"},"content":{"rendered":"<div><img src=\"http:\/\/cordobainforma.info\/wp-content\/uploads\/2025\/07\/dolor-por-el-fallecimiento-de-una-exdocente-de-la-escuela-presidente-sarmiento.jpg\" class=\"ff-og-image-inserted\"><\/div>\n<p>Villa Carlos Paz. Cerca de las 16 de ayer falleci\u00f3 la exdocente de la Escuela Presidente Sarmiento de Villa Carlos Paz, Ana Mar\u00eda Deguer, quien hab\u00eda dejado la actividad en 2008 y semanas atr\u00e1s sufri\u00f3 un ACV.<br \/>La mujer ejerci\u00f3 la docencia por a\u00f1os. Era mam\u00e1 del reconocido bombero voluntario Juan Manuel Cabrera, conocido como El Colo.<br \/>Sus restos son velados en la sala de la empresa Brandalise y ser\u00e1n sepultados este mi\u00e9rcoles en el cementerio local.&nbsp;<br \/>&nbsp;<\/p>\n","protected":false},"excerpt":{"rendered":"<p>Villa Carlos Paz. Cerca de las 16 de ayer falleci\u00f3 la exdocente de la Escuela Presidente Sarmiento de Villa Carlos Paz, Ana Mar\u00eda Deguer, quien hab\u00eda dejado la actividad en 2008 y semanas atr\u00e1s sufri\u00f3 un ACV.La mujer ejerci\u00f3 la docencia por a\u00f1os. Era mam\u00e1 del reconocido bombero voluntario Juan Manuel Cabrera, conocido como El [&hellip;]<\/p>\n","protected":false},"author":1,"featured_media":160983,"comment_status":"closed","ping_status":"closed","sticky":false,"template":"","format":"standard","meta":[],"categories":[2],"tags":[],"_links":{"self":[{"href":"http:\/\/cordobainforma.info\/index.php\/wp-json\/wp\/v2\/posts\/160982"}],"collection":[{"href":"http:\/\/cordobainforma.info\/index.php\/wp-json\/wp\/v2\/posts"}],"about":[{"href":"http:\/\/cordobainforma.info\/index.php\/wp-json\/wp\/v2\/types\/post"}],"author":[{"embeddable":true,"href":"http:\/\/cordobainforma.info\/index.php\/wp-json\/wp\/v2\/users\/1"}],"replies":[{"embeddable":true,"href":"http:\/\/cordobainforma.info\/index.php\/wp-json\/wp\/v2\/comments?post=160982"}],"version-history":[{"count":0,"href":"http:\/\/cordobainforma.info\/index.php\/wp-json\/wp\/v2\/posts\/160982\/revisions"}],"wp:featuredmedia":[{"embeddable":true,"href":"http:\/\/cordobainforma.info\/index.php\/wp-json\/wp\/v2\/media\/160983"}],"wp:attachment":[{"href":"http:\/\/cordobainforma.info\/index.php\/wp-json\/wp\/v2\/media?parent=160982"}],"wp:term":[{"taxonomy":"category","embeddable":true,"href":"http:\/\/cordobainforma.info\/index.php\/wp-json\/wp\/v2\/categories?post=160982"},{"taxonomy":"post_tag","embeddable":true,"href":"http:\/\/cordobainforma.info\/index.php\/wp-json\/wp\/v2\/tags?post=160982"}],"curies":[{"name":"wp","href":"https:\/\/api.w.org\/{rel}","templated":true}]}}