{"id":160980,"date":"2025-07-09T08:19:56","date_gmt":"2025-07-09T08:19:56","guid":{"rendered":"https:\/\/somoscordobeses.com\/2025\/07\/09\/tevez-fue-anunciado-como-nuevo-tecnico-de-talleres\/"},"modified":"2025-07-09T08:19:56","modified_gmt":"2025-07-09T08:19:56","slug":"tevez-fue-anunciado-como-nuevo-tecnico-de-talleres","status":"publish","type":"post","link":"http:\/\/cordobainforma.info\/index.php\/2025\/07\/09\/tevez-fue-anunciado-como-nuevo-tecnico-de-talleres\/","title":{"rendered":"Tevez fue anunciado como nuevo t\u00e9cnico de Talleres"},"content":{"rendered":"<div><img src=\"http:\/\/cordobainforma.info\/wp-content\/uploads\/2025\/07\/tevez-fue-anunciado-como-nuevo-tecnico-de-talleres.jpg\" class=\"ff-og-image-inserted\"><\/div>\n<p>C\u00f3rdoba. Carlos Tevez es el nuevo director t\u00e9cnico de Talleres tras la abrupta renuncia de Diego Cocca, quien dej\u00f3 su cargo antes de dirigir un partido oficial. La salida del ex DT de Racing gener\u00f3 sorpresa tanto en la dirigencia como en los hinchas, ya que el entrenador hab\u00eda llegado a la instituci\u00f3n a fines de mayo y su desvinculaci\u00f3n fue atribuida a la falta de incorporaciones y un desencuentro con la dirigencia encabezada por Andr\u00e9s Fassi.<br \/>La urgencia en Talleres se explica por el inminente inicio del Torneo Clausura de la Liga Profesional de F\u00fatbol. El equipo debutar\u00e1 este viernes ante San Lorenzo en C\u00f3rdoba y la directiva busca asegurar r\u00e1pidamente un reemplazante en el banco de suplentes para evitar un escenario de incertidumbre en el plantel profesional. El nombre de Tevez surgi\u00f3 como el principal candidato y r\u00e1pido se avanzaron las conversaciones para concretar su llegada. En la noche de este martes se confirm\u00f3 su incorporaci\u00f3n como entrenador de la T.<br \/>El Apache asumir\u00e1 nuevamente al mando de un plantel argentino poco m\u00e1s de un a\u00f1o despu\u00e9s de su salida de Independiente el 17 de mayo de 2024, donde tambi\u00e9n tuvo un ciclo breve tras su paso inicial por Rosario Central. En ambos clubes, el ex futbolista acumul\u00f3 experiencia y transit\u00f3 distintos desaf\u00edos como entrenador, aunque todav\u00eda no consigui\u00f3 consolidarse en un proyecto a largo plazo.<br \/>\u201cValoramos en Carlos Tevez su convicci\u00f3n en el ????????????????, ?????????????????????? ?????????????????????????? ?? ?????????????????? ???? ??????????????????\u201d, inform\u00f3 la entidad cordobesa en un comunicado publicado en sus redes sociales.<br \/>Adem\u00e1s, el ex delantero de Boca Juniors asumir\u00e1 de inmediato: \u201cEl flamante cuerpo t\u00e9cnico se integra a los profesionales que forman parte del cuerpo t\u00e9cnico institucional y el primer entrenamiento de Carlos T\u00e9vez como Director T\u00e9cnico albiazul se realizar\u00e1 este ????\u00e9???????????? ?? ???? ?????????? por la tarde en el Centro de Alto Rendimiento Deportivo Amadeo Nuccetelli\u00bb.<br \/>El contexto deportivo de Talleres presenta varias dificultades. El equipo viene de un semestre flojo, en el que termin\u00f3 en los \u00faltimos puestos de la Zona B, fue eliminado en la primera fase de la Copa Libertadores y qued\u00f3 fuera temprano de la Copa Argentina ante Armenio. El \u00fanico logro reciente fue la conquista de la Supercopa Internacional frente a River, obtenida por penales, pero la falta de resultados consistentes llev\u00f3 a un clima de presi\u00f3n interna y externa.<\/p>\n","protected":false},"excerpt":{"rendered":"<p>C\u00f3rdoba. Carlos Tevez es el nuevo director t\u00e9cnico de Talleres tras la abrupta renuncia de Diego Cocca, quien dej\u00f3 su cargo antes de dirigir un partido oficial. La salida del ex DT de Racing gener\u00f3 sorpresa tanto en la dirigencia como en los hinchas, ya que el entrenador hab\u00eda llegado a la instituci\u00f3n a fines [&hellip;]<\/p>\n","protected":false},"author":1,"featured_media":160981,"comment_status":"closed","ping_status":"closed","sticky":false,"template":"","format":"standard","meta":[],"categories":[2],"tags":[],"_links":{"self":[{"href":"http:\/\/cordobainforma.info\/index.php\/wp-json\/wp\/v2\/posts\/160980"}],"collection":[{"href":"http:\/\/cordobainforma.info\/index.php\/wp-json\/wp\/v2\/posts"}],"about":[{"href":"http:\/\/cordobainforma.info\/index.php\/wp-json\/wp\/v2\/types\/post"}],"author":[{"embeddable":true,"href":"http:\/\/cordobainforma.info\/index.php\/wp-json\/wp\/v2\/users\/1"}],"replies":[{"embeddable":true,"href":"http:\/\/cordobainforma.info\/index.php\/wp-json\/wp\/v2\/comments?post=160980"}],"version-history":[{"count":0,"href":"http:\/\/cordobainforma.info\/index.php\/wp-json\/wp\/v2\/posts\/160980\/revisions"}],"wp:featuredmedia":[{"embeddable":true,"href":"http:\/\/cordobainforma.info\/index.php\/wp-json\/wp\/v2\/media\/160981"}],"wp:attachment":[{"href":"http:\/\/cordobainforma.info\/index.php\/wp-json\/wp\/v2\/media?parent=160980"}],"wp:term":[{"taxonomy":"category","embeddable":true,"href":"http:\/\/cordobainforma.info\/index.php\/wp-json\/wp\/v2\/categories?post=160980"},{"taxonomy":"post_tag","embeddable":true,"href":"http:\/\/cordobainforma.info\/index.php\/wp-json\/wp\/v2\/tags?post=160980"}],"curies":[{"name":"wp","href":"https:\/\/api.w.org\/{rel}","templated":true}]}}