{"id":160943,"date":"2025-07-09T05:49:34","date_gmt":"2025-07-09T05:49:34","guid":{"rendered":"http:\/\/cordobainforma.info\/index.php\/2025\/07\/09\/trump-se-jacta-de-sus-ataques-a-iran-con-un-video-y-se-autoproclama-pacificador\/"},"modified":"2025-07-09T05:49:34","modified_gmt":"2025-07-09T05:49:34","slug":"trump-se-jacta-de-sus-ataques-a-iran-con-un-video-y-se-autoproclama-pacificador","status":"publish","type":"post","link":"http:\/\/cordobainforma.info\/index.php\/2025\/07\/09\/trump-se-jacta-de-sus-ataques-a-iran-con-un-video-y-se-autoproclama-pacificador\/","title":{"rendered":"Trump se jacta de sus ataques a Ir\u00e1n con un video y se autoproclama \u00abpacificador\u00bb"},"content":{"rendered":"<p><img src=\"http:\/\/cordobainforma.info\/wp-content\/uploads\/2025\/07\/trump-se-jacta-de-sus-ataques-a-iran-con-un-video-y-se-autoproclama-pacificador.jpg\"><\/p>\n<div><img src=\"http:\/\/cordobainforma.info\/wp-content\/uploads\/2025\/07\/trump-se-jacta-de-sus-ataques-a-iran-con-un-video-y-se-autoproclama-pacificador-2.jpg\" class=\"ff-og-image-inserted\"><\/div>\n<div readability=\"32\">\n<p><span>Publicado:<\/span><time class=\"Timestamp-root Timestamp-isBlackColor \" datetime=\"2025-07-09T05:49:34+00:00\"> 9 jul 2025 05:49 GMT <\/time><\/p>\n<\/div>\n<div readability=\"33\">\n<p> En un video publicado por el presidente estadounidense se afirma que los bombardeos contra la Rep\u00fablica Isl\u00e1mica hicieron al mundo \u00abm\u00e1s seguro\u00bb. <\/p>\n<\/div>\n<div readability=\"58.484947643979\">\n<p>Donald Trump se jact\u00f3 de sus ataques a Ir\u00e1n en un video que <a href=\"https:\/\/truthsocial.com\/@realDonaldTrump\/114820561219593151\" target=\"_blank\" rel=\"noopener noreferrer\">public\u00f3<\/a> en&nbsp;la red social Truth Social, y en&nbsp;el que se refiere a s\u00ed mismo&nbsp;como&nbsp;<strong>\u00abpacificador\u00bb.<\/strong><\/p>\n<p>En el video se afirma que los bombardeos \u00abde Trump a las instalaciones de armas nucleares de Ir\u00e1n <strong>hicieron al mundo m\u00e1s seguro<\/strong>\u00ab, dando por sentado que Teher\u00e1n estaba construyendo armas&nbsp;at\u00f3micas, pese a que esta posibilidad fue refutada en repetidas ocasiones por el Organismo Internacional de Energ\u00eda At\u00f3mica (OIEA) y por el propio Gobierno iran\u00ed.&nbsp;<\/p>\n<p>\u00abDurante d\u00e9cadas Ir\u00e1n ha esperado para la guerra contra Estados Unidos,&nbsp;llegando incluso a conspirar para asesinar al presidente Trump. Su objetivo es la muerte de EE.UU., la destrucci\u00f3n de Israel, el terror. <strong>Solo el presidente Trump tuvo el coraje de detenerlos<\/strong>\u00ab, reza el video.&nbsp;<\/p>\n<p>EE.UU. <a href=\"https:\/\/actualidad.rt.com\/actualidad\/555091-trump-anuncia-exitoso-ataque-eeuu\" target=\"_blank\" rel=\"noopener noreferrer\">atac\u00f3<\/a> las instalaciones nucleares&nbsp;de Fordo, Natanz e Isfah\u00e1n con bombas antib\u00fanker. \u00ab<strong>\u00a1Ha llegado la hora de la paz!<\/strong>\u00ab,&nbsp;manifest\u00f3&nbsp;el inquilino de la Casa Blanca al anunciar la ofensiva. Antes de convertirse en presidente, Trump&nbsp;prometi\u00f3 que acabar\u00eda con todas las guerras, una afirmaci\u00f3n con la que supuestamente&nbsp;buscaba el <strong>Premio Nobel de la Paz<\/strong>. Por sus ataques contra Ir\u00e1n, el primer ministro israel\u00ed, Benjam\u00edn Netanyahu, mand\u00f3 una carta al Comit\u00e9 del Premio Nobel <a href=\"https:\/\/actualidad.rt.com\/actualidad\/556996-netanyahu-postula-trump-premio-nobel-paz\" target=\"_blank\" rel=\"noopener noreferrer\">recomendado<\/a> a Trump como merecedor del prestigioso premio.<\/p>\n<\/div>\n","protected":false},"excerpt":{"rendered":"<p>Publicado: 9 jul 2025 05:49 GMT En un video publicado por el presidente estadounidense se afirma que los bombardeos contra la Rep\u00fablica Isl\u00e1mica hicieron al mundo \u00abm\u00e1s seguro\u00bb. Donald Trump se jact\u00f3 de sus ataques a Ir\u00e1n en un video que public\u00f3 en&nbsp;la red social Truth Social, y en&nbsp;el que se refiere a s\u00ed mismo&nbsp;como&nbsp;\u00abpacificador\u00bb. [&hellip;]<\/p>\n","protected":false},"author":1,"featured_media":160944,"comment_status":"closed","ping_status":"closed","sticky":false,"template":"","format":"standard","meta":[],"categories":[22],"tags":[],"_links":{"self":[{"href":"http:\/\/cordobainforma.info\/index.php\/wp-json\/wp\/v2\/posts\/160943"}],"collection":[{"href":"http:\/\/cordobainforma.info\/index.php\/wp-json\/wp\/v2\/posts"}],"about":[{"href":"http:\/\/cordobainforma.info\/index.php\/wp-json\/wp\/v2\/types\/post"}],"author":[{"embeddable":true,"href":"http:\/\/cordobainforma.info\/index.php\/wp-json\/wp\/v2\/users\/1"}],"replies":[{"embeddable":true,"href":"http:\/\/cordobainforma.info\/index.php\/wp-json\/wp\/v2\/comments?post=160943"}],"version-history":[{"count":0,"href":"http:\/\/cordobainforma.info\/index.php\/wp-json\/wp\/v2\/posts\/160943\/revisions"}],"wp:featuredmedia":[{"embeddable":true,"href":"http:\/\/cordobainforma.info\/index.php\/wp-json\/wp\/v2\/media\/160944"}],"wp:attachment":[{"href":"http:\/\/cordobainforma.info\/index.php\/wp-json\/wp\/v2\/media?parent=160943"}],"wp:term":[{"taxonomy":"category","embeddable":true,"href":"http:\/\/cordobainforma.info\/index.php\/wp-json\/wp\/v2\/categories?post=160943"},{"taxonomy":"post_tag","embeddable":true,"href":"http:\/\/cordobainforma.info\/index.php\/wp-json\/wp\/v2\/tags?post=160943"}],"curies":[{"name":"wp","href":"https:\/\/api.w.org\/{rel}","templated":true}]}}