{"id":160941,"date":"2025-07-09T07:38:56","date_gmt":"2025-07-09T07:38:56","guid":{"rendered":"http:\/\/cordobainforma.info\/index.php\/2025\/07\/09\/un-nino-de-5-anos-herido-por-cubrir-a-su-madre-durante-un-ataque-ucraniano-en-kursk\/"},"modified":"2025-07-09T07:38:56","modified_gmt":"2025-07-09T07:38:56","slug":"un-nino-de-5-anos-herido-por-cubrir-a-su-madre-durante-un-ataque-ucraniano-en-kursk","status":"publish","type":"post","link":"http:\/\/cordobainforma.info\/index.php\/2025\/07\/09\/un-nino-de-5-anos-herido-por-cubrir-a-su-madre-durante-un-ataque-ucraniano-en-kursk\/","title":{"rendered":"Un ni\u00f1o de 5 a\u00f1os herido por cubrir a su madre durante un ataque ucraniano en Kursk"},"content":{"rendered":"<p><img src=\"http:\/\/cordobainforma.info\/wp-content\/uploads\/2025\/07\/un-nino-de-5-anos-herido-por-cubrir-a-su-madre-durante-un-ataque-ucraniano-en-kursk.jpg\"><\/p>\n<div readability=\"32\">\n<p><span>Publicado:<\/span><time class=\"Timestamp-root Timestamp-isBlackColor \" datetime=\"2025-07-09T07:38:56+00:00\"> 9 jul 2025 07:38 GMT <\/time><\/p>\n<\/div>\n<div readability=\"33\">\n<p> Seis personas fueron hospitalizadas despu\u00e9s de un ataque con drones de Kiev contra una playa fluvial. <\/p>\n<\/div>\n<div readability=\"74.443561208267\">\n<p>Un ni\u00f1o de 5 a\u00f1os result\u00f3 herido intentando cubrir a su madre durante un&nbsp;ataque con drones que el r\u00e9gimen de Kiev perpetr\u00f3 la noche del martes contra una playa fluvial de la ciudad rusa de Kursk, <a href=\"https:\/\/t.me\/Hinshtein\/13081\" target=\"_blank\" rel=\"noopener noreferrer\">cont\u00f3<\/a> Alex\u00e1nder Jinsht\u00e9in, gobernador en funciones de la provincia fronteriza.&nbsp;<\/p>\n<p>Jinsht\u00e9in lleg\u00f3 al hospital al que fueron trasladadas las seis personas heridas en el ataque y habl\u00f3 con ellas. \u00abTras examinarlos, los m\u00e9dicos diagnosticaron un <strong>estado grave en tres de los heridos, entre ellos un ni\u00f1o<\/strong>. Los prepararon para realizarles operaciones quir\u00fargicas, \u00a1todas las cuales, afortunadamente, tuvieron \u00e9xito! Consegu\u00ed hablar con los heridos e intent\u00e9 animarles\u00bb, asever\u00f3.&nbsp;<\/p>\n<div class=\"ReadMore-root Section-root Section-is1to3-xs_is1to1\" data-widgets=\"ReadMore\">\n<div class=\"Section-container Section-isRow-isTop-isWrap\">\n<article class=\"Card-root Card-is1to1 Card-default \">\n<div class=\"Card-imageWrap\">\n<div class=\"Card-picture\"> <picture class=\"Picture-root Picture-default\"><!--[if IE 9]><video style=\"display: none;\"><![endif]--><source media=\"(-webkit-min-device-pixel-ratio: 2) and (min-resolution: 120dpi)\" srcset=\"http:\/\/cordobainforma.info\/wp-content\/uploads\/2025\/07\/un-nino-de-5-anos-herido-por-cubrir-a-su-madre-durante-un-ataque-ucraniano-en-kursk-2.jpg 850w, http:\/\/cordobainforma.info\/wp-content\/uploads\/2025\/07\/un-nino-de-5-anos-herido-por-cubrir-a-su-madre-durante-un-ataque-ucraniano-en-kursk-3.jpg 1960w\"><source srcset=\"http:\/\/cordobainforma.info\/wp-content\/uploads\/2025\/07\/un-nino-de-5-anos-herido-por-cubrir-a-su-madre-durante-un-ataque-ucraniano-en-kursk-2.jpg, https:\/\/actualidad.rt.com\/actualidad\/460, http:\/\/cordobainforma.info\/wp-content\/uploads\/2025\/07\/un-nino-de-5-anos-herido-por-cubrir-a-su-madre-durante-un-ataque-ucraniano-en-kursk-3.jpg 980w\"><!--[if IE 9]><\/video><![endif]--><img data-sizes=\"auto\" src=\"http:\/\/cordobainforma.info\/wp-content\/uploads\/2025\/07\/un-nino-de-5-anos-herido-por-cubrir-a-su-madre-durante-un-ataque-ucraniano-en-kursk-2.jpg\" class=\"Picture-root Picture-default lazyload\" alt=\"Tres muertos en un ataque ucraniano contra una playa en Rusia\"><\/picture><!-- noscript pattern --><noscript><img src=\"http:\/\/cordobainforma.info\/wp-content\/uploads\/2025\/07\/un-nino-de-5-anos-herido-por-cubrir-a-su-madre-durante-un-ataque-ucraniano-en-kursk-3.jpg\" alt=\"Tres muertos en un ataque ucraniano contra una playa en Rusia\"><\/noscript> <\/div><\/div>\n<\/article><\/div><\/div>\n<p>El gobernador afirm\u00f3 que, seg\u00fan testigos,&nbsp;uno de los heridos, <strong>Anatoli, de 5 a\u00f1os, cubri\u00f3 a su madre con&nbsp;su cuerpo durante el ataque<\/strong>. \u00abEs un hombre de verdad: no se asust\u00f3, no se confundi\u00f3, <strong>se apresur\u00f3 a salvar a la persona m\u00e1s querida<\/strong>\u00ab, manifest\u00f3. Adem\u00e1s, el funcionario comunic\u00f3 que el ni\u00f1o tiene quemaduras graves, y ahora est\u00e1 en cuidados intensivos, agregando que junto con su madre ser\u00e1 trasladado a Mosc\u00fa.&nbsp;<\/p>\n<p>Al mismo tiempo, Jinsht\u00e9in asegur\u00f3 que <strong>los ciudadanos de Kursk son \u00abaut\u00e9nticos h\u00e9roes\u00bb<\/strong> y se\u00f1al\u00f3 que est\u00e1 \u00abprofundamente conmovido por la forma en que nuestros residentes intentaron ayudarse unos a otros\u00bb. En este contexto, cont\u00f3 sobre otro herido, un hombre que paseaba por la playa, que al o\u00edr los gritos de una mujer y un ni\u00f1o corri\u00f3 a ayudarles, y en ese momento deton\u00f3 una munici\u00f3n, dej\u00e1ndole herido. \u00abEsto vale mucho: <strong>\u00a1ning\u00fan ataque enemigo puede doblegar a nuestra gente persistente y valiente!<\/strong>\u00ab, subray\u00f3.<\/p>\n<ul>\n<li>En el ataque ucraniano tambi\u00e9n <strong><a href=\"https:\/\/actualidad.rt.com\/actualidad\/557111-tres-civiles-mueren-ataque-ucraniano\" target=\"_blank\" rel=\"noopener noreferrer\">murieron<\/a>&nbsp;tres hombres<\/strong>. Uno de ellos era un efectivo de la Guardia Nacional de Rusia (Rosgvardia), que estaba ayudando a evacuar a los civiles del lugar de los hechos cuando se produjo una segunda explosi\u00f3n.<\/li>\n<\/ul>\n<\/div>\n","protected":false},"excerpt":{"rendered":"<p>Publicado: 9 jul 2025 07:38 GMT Seis personas fueron hospitalizadas despu\u00e9s de un ataque con drones de Kiev contra una playa fluvial. Un ni\u00f1o de 5 a\u00f1os result\u00f3 herido intentando cubrir a su madre durante un&nbsp;ataque con drones que el r\u00e9gimen de Kiev perpetr\u00f3 la noche del martes contra una playa fluvial de la ciudad [&hellip;]<\/p>\n","protected":false},"author":1,"featured_media":160942,"comment_status":"closed","ping_status":"closed","sticky":false,"template":"","format":"standard","meta":[],"categories":[22],"tags":[],"_links":{"self":[{"href":"http:\/\/cordobainforma.info\/index.php\/wp-json\/wp\/v2\/posts\/160941"}],"collection":[{"href":"http:\/\/cordobainforma.info\/index.php\/wp-json\/wp\/v2\/posts"}],"about":[{"href":"http:\/\/cordobainforma.info\/index.php\/wp-json\/wp\/v2\/types\/post"}],"author":[{"embeddable":true,"href":"http:\/\/cordobainforma.info\/index.php\/wp-json\/wp\/v2\/users\/1"}],"replies":[{"embeddable":true,"href":"http:\/\/cordobainforma.info\/index.php\/wp-json\/wp\/v2\/comments?post=160941"}],"version-history":[{"count":0,"href":"http:\/\/cordobainforma.info\/index.php\/wp-json\/wp\/v2\/posts\/160941\/revisions"}],"wp:featuredmedia":[{"embeddable":true,"href":"http:\/\/cordobainforma.info\/index.php\/wp-json\/wp\/v2\/media\/160942"}],"wp:attachment":[{"href":"http:\/\/cordobainforma.info\/index.php\/wp-json\/wp\/v2\/media?parent=160941"}],"wp:term":[{"taxonomy":"category","embeddable":true,"href":"http:\/\/cordobainforma.info\/index.php\/wp-json\/wp\/v2\/categories?post=160941"},{"taxonomy":"post_tag","embeddable":true,"href":"http:\/\/cordobainforma.info\/index.php\/wp-json\/wp\/v2\/tags?post=160941"}],"curies":[{"name":"wp","href":"https:\/\/api.w.org\/{rel}","templated":true}]}}