{"id":160935,"date":"2025-07-09T06:40:05","date_gmt":"2025-07-09T06:40:05","guid":{"rendered":"https:\/\/www.mujerhoy.com\/moda\/no-te-pierdas\/kate-middleton-look-gala-vestido-givenchy-tiara-favorita-diana-gales-20250709083731-nt.html"},"modified":"2025-07-09T06:40:05","modified_gmt":"2025-07-09T06:40:05","slug":"el-impresionante-look-de-gala-de-kate-middleton-estrena-vestido-rojo-de-givenchy-y-la-tiara-favorita-de-diana-de-gales","status":"publish","type":"post","link":"http:\/\/cordobainforma.info\/index.php\/2025\/07\/09\/el-impresionante-look-de-gala-de-kate-middleton-estrena-vestido-rojo-de-givenchy-y-la-tiara-favorita-de-diana-de-gales\/","title":{"rendered":"El impresionante look de gala de Kate Middleton: estrena vestido rojo de Givenchy y la tiara favorita de Diana de Gales"},"content":{"rendered":"<div class=\"media_block\"><\/div>\n<p><!-- AUTHOR --><\/p>\n<div class=\"voc-author-timesocial \">\n<!-- AUTHOR --><\/p>\n<div class=\"voc-author-timesocial__signature \">\n<!-- IMAGE AUTHOR -->\n<picture class=\"voc-image-signature\">\n<img class=\"voc-image-signature__img\" src=\"http:\/\/cordobainforma.info\/wp-content\/uploads\/2025\/07\/el-impresionante-look-de-gala-de-kate-middleton-estrena-vestido-rojo-de-givenchy-y-la-tiara-favorita-de-diana-de-gales.jpg\" alt=\"Patricia Mart\u00edn\">\n<\/picture>\n<!-- INFO AUTHOR --> <\/div><\/div>\n<p><!-- COMPONENTS --><\/p>\n<p class=\"voc-paragraph\"><strong>Kate Middleton<\/strong> ha retomado su <strong>agenda oficial<\/strong> por todo lo alto, gracias a la Visita de Estado de Emmanuel y Brigitte Macron al Reino Unido. L<a href=\"https:\/\/www.mujerhoy.com\/temas\/personajes\/kate-middleton.html\" data-voc-vtm-id=\"in-text-traffic\" title=\"a princesa de Gales\" data-mrf-link=\"www.mujerhoy.com\">a princesa de Gales<\/a> no solo recibi\u00f3 a al presidente franc\u00e9s y a la primera dama a su llegada al pa\u00eds, sino que tampoco falt\u00f3 a la cena de gala ofrecida por Carlos y Camila en el Castillo de Windsor. <\/p>\n<p class=\"voc-paragraph\">Nos encanta ver a Kate en este tipo de actos institucionales, ya que siempre acierta y demuestra por qu\u00e9 es considerada una de<strong> las royals m\u00e1s elegantes <\/strong>.Un claro ejemplo de ello es el <a href=\"https:\/\/www.mujerhoy.com\/moda\/no-te-pierdas\/kate-middleton-look-elegante-dos-piezas-nude-tocado-joyas-vuelta-visitas-estado-20250708134647-nt.html\" data-voc-vtm-id=\"in-text-traffic\" title=\"total look de Dior\" data-mrf-link=\"www.mujerhoy.com\">total look de Dior<\/a> que luci\u00f3 durante la ma\u00f1ana. <\/p>\n<div class=\"v-c-cmp v-c-cmp--t1 \">\n<div class=\"v-cmp-rld v-cmp-rld--2 \">\n<div class=\"v-cnt-m v-cnt-m--m\">\n<div class=\"v-cnt-m__c\">\n<div class=\"v-cnt-m__w v-cnt-m__w--1\">\n<p class=\"v-cnt-m__t\">\nTAMBI\u00c9N TE INTERESA\n<\/p>\n<\/div>\n<\/div>\n<\/div>\n<div class=\"v-g v-g--2-c v-g--bdr-min-xs\">\n<div class=\"v-g__c \">\n<article class=\"v-a v-a--cmp-rld v-a--cmp-rld-2 v-a--p-l\">\n<div class=\"v-a-img-c\">\n<figure class=\"v-a-fig\">\n<a href=\"https:\/\/www.mujerhoy.com\/moda\/no-te-pierdas\/kate-middleton-trooping-the-colour-look-elegante-sofisticado-vestido-azul-elegante-tocado-joyas-20250614122436-nt.html#vtm_modulosEngag=mod-rel:moda:noticia:1:cmp:2-not\" class=\"v-a-link\" title=\"Kate Middleton acierta con el vestido azul m\u00e1s elegante y tocado a juego en el desfile del Trooping the Colour\"><br \/>\n<img loading=\"lazy\" class=\"v-a-img\" src=\"http:\/\/cordobainforma.info\/wp-content\/uploads\/2025\/07\/el-impresionante-look-de-gala-de-kate-middleton-estrena-vestido-rojo-de-givenchy-y-la-tiara-favorita-de-diana-de-gales-1.jpg\" alt=\"Kate Middleton acierta con el vestido azul m\u00e1s elegante y tocado a juego en el desfile del Trooping the Colour\"><br \/>\n<\/a><br \/>\n<\/figure>\n<\/div>\n<\/article>\n<\/div>\n<div class=\"v-g__c \">\n<article class=\"v-a v-a--cmp-rld v-a--cmp-rld-2 v-a--p-l\">\n<div class=\"v-a-img-c\">\n<figure class=\"v-a-fig\">\n<a href=\"https:\/\/www.mujerhoy.com\/moda\/no-te-pierdas\/kate-middleton-estrena-collar-eslabones-accesorio-joyas-verano-20250612124450-nt.html#vtm_modulosEngag=mod-rel:moda:noticia:2:cmp:2-not\" class=\"v-a-link\" title=\"Kate Middleton estrena el collar tendencia que jam\u00e1s pensaste que lucir\u00eda\"><br \/>\n<img loading=\"lazy\" class=\"v-a-img\" src=\"http:\/\/cordobainforma.info\/wp-content\/uploads\/2025\/07\/el-impresionante-look-de-gala-de-kate-middleton-estrena-vestido-rojo-de-givenchy-y-la-tiara-favorita-de-diana-de-gales-2.jpg\" alt=\"Kate Middleton estrena el collar tendencia que jam\u00e1s pensaste que lucir\u00eda\"><br \/>\n<\/a><br \/>\n<\/figure>\n<\/div>\n<\/article>\n<\/div>\n<\/div>\n<\/div>\n<\/div>\n<p class=\"voc-paragraph\">Para la noche, la princesa de Gales no defraud\u00f3, y eligi\u00f3 un <strong>look de gala espectacular<\/strong>, estrenando un nuevo vestido largo y, lo m\u00e1s importante, volviendo a llevar una tiara (llevaba sin ponerse una desde diciembre de 2023). <\/p>\n<p><h3 class=\"v-cmp-suh\">\nEl look de Kate Middleton, al detalle<br \/>\n<\/h3>\n<\/p>\n<p class=\"voc-paragraph\">La elecci\u00f3n del vestido de Kate no solo fue excelente estil\u00edsticamente hablando, tambi\u00e9n fue toda una declaraci\u00f3n de intenciones: escogi\u00f3 un <strong>dise\u00f1o de Sarah Burton para Givenchy,<\/strong> es decir, el dise\u00f1o de una mujer brit\u00e1nica para una firma francesa, un s\u00edmbolo de la relaci\u00f3n entre los dos pa\u00edses europeos. <\/p>\n<div class=\"v-c-cmp \">\n<div class=\"v-cmp-m v-cmp-m--t1\">\n<article class=\"v-a v-a--cmp-m v-c-cmp--m-p\">\n<div class=\"v-a-img-c v-a-img-c--fw-xs\">\n<div class=\"v-a-fig\">\n<div class=\"v-a-link\">\n<img loading=\"lazy\" src=\"http:\/\/cordobainforma.info\/wp-content\/uploads\/2025\/07\/el-impresionante-look-de-gala-de-kate-middleton-estrena-vestido-rojo-de-givenchy-y-la-tiara-favorita-de-diana-de-gales-3.jpg\" class=\"v-a-img\" width=\"650\" height=\"975\" alt=\"Kate Middleton con vestido de gala de Givenchy\" data-voc-vtm-id=\"in-text-traffic\">\n<\/div><figcaption class=\"v-fc\">\n<span class=\"v-fc__t\"><br \/>\nKate Middleton con vestido de gala de Givenchy<br \/>\n<\/span><br \/>\n<span class=\"v-fc__p\"><br \/>\nGTRES<br \/>\n<\/span><br \/>\n<\/figcaption><\/div>\n<\/div>\n<\/article>\n<\/div>\n<\/div>\n<p class=\"voc-paragraph\">Se trata de <strong>un vestido en color rojo<\/strong>, largo, de gasa fluida con capa integrada, que cae elegantemente desde los hombros hasta el suelo, creando un efecto et\u00e9reo y majestuoso. Entallado en la cintura, con<strong> falda con vuelo<\/strong> y ligera que aporta movimiento. El cuerpo es de l\u00edneas limpias con sutiles plisados que a\u00f1aden textura, y tiene un escote redondo y cerrado, lo que da protagonismo a las joyas y condecoraicones reales.<\/p>\n<p class=\"voc-paragraph\">Completa el look con un <strong>bolso tipo clutch<\/strong>, tambi\u00e9n de Givenchy, con acabado satinado y flores en relieve, y zapatos de sal\u00f3n aterciopelados, acabados en punta y tac\u00f3n fino, de Jimmy Choo. <\/p>\n<p class=\"voc-paragraph\">No podemos dejar sin destacar las joyas, empezando por la tiara, que volvi\u00f3 a lucir despu\u00e9s de casi 2 a\u00f1os. Eligi\u00f3 la <strong>tiara Cambridge Lover&#8217;s Nudo<\/strong>, la favorita de Lady Di. Una pieza formada por 19 arcos de diamantes decorados con 39 perlas, de las m\u00e1s bellas y lujosas del joyero brit\u00e1nico.<\/p>\n<p class=\"voc-paragraph\">Los pendientes tambi\u00e9n son hist\u00f3ricos, y pertenecieron a la reina Isabel II. Tienen por nombre <strong>Greville Chandelier<\/strong>, est\u00e1n fabricados en platino con diamantes pro Cartier, y fueron un regalo de bodas de su madre. <\/p>\n<p class=\"voc-paragraph\">En el aspecto beauty, Kate Middleton lleva <strong>el pelo suelto<\/strong> peinado con raya al medio y sujetado por la tiara, y peinado con ondas suaves. El maquillaje, muy favorecedor, se centra en unos ojos ahumados con sombras oscuras, y labial rosa para elevar el tono natural del labio. <\/p>\n<div class=\"v-c-cmp v-c-cmp--t1 \">\n<div class=\"v-cmp-rld v-cmp-rld--2 \">\n<div class=\"v-cnt-m v-cnt-m--m\">\n<div class=\"v-cnt-m__c\">\n<div class=\"v-cnt-m__w v-cnt-m__w--1\">\n<p class=\"v-cnt-m__t\">\nTAMBI\u00c9N TE INTERESA\n<\/p>\n<\/div>\n<\/div>\n<\/div>\n<div class=\"v-g v-g--2-c v-g--bdr-min-xs\">\n<div class=\"v-g__c \">\n<article class=\"v-a v-a--cmp-rld v-a--cmp-rld-2 v-a--p-l\">\n<div class=\"v-a-img-c\">\n<figure class=\"v-a-fig\">\n<a href=\"https:\/\/www.mujerhoy.com\/moda\/no-te-pierdas\/kate-middleton-rescata-armario-traje-sastreria-favorecedor-20250610162056-nt.html#vtm_modulosEngag=mod-rel:moda:noticia:1:cmp:2-not\" class=\"v-a-link\" title=\"Kate Middleton rescata de su armario el traje de sastrer\u00eda m\u00e1s favorecedor: perfecto para looks de oficina\"><br \/>\n<img loading=\"lazy\" class=\"v-a-img\" src=\"http:\/\/cordobainforma.info\/wp-content\/uploads\/2025\/07\/el-impresionante-look-de-gala-de-kate-middleton-estrena-vestido-rojo-de-givenchy-y-la-tiara-favorita-de-diana-de-gales-4.jpg\" alt=\"Kate Middleton rescata de su armario el traje de sastrer\u00eda m\u00e1s favorecedor: perfecto para looks de oficina\"><br \/>\n<\/a><br \/>\n<\/figure>\n<\/div>\n<\/article>\n<\/div>\n<div class=\"v-g__c \">\n<article class=\"v-a v-a--cmp-rld v-a--cmp-rld-2 v-a--p-l\">\n<div class=\"v-a-img-c\">\n<figure class=\"v-a-fig\">\n<a href=\"https:\/\/www.mujerhoy.com\/moda\/no-te-pierdas\/kate-middleton-look-novia-vestido-desfile-dia-jarretera-elegante-20250617111001-nt.html#vtm_modulosEngag=mod-rel:moda:noticia:2:cmp:2-not\" class=\"v-a-link\" title=\"Kate Middleton arrasa con un look de inspiraci\u00f3n nupcial en el desfile del D\u00eda de la Jarretera: toda de blanco y con pamela XL\"><br \/>\n<img loading=\"lazy\" class=\"v-a-img\" src=\"http:\/\/cordobainforma.info\/wp-content\/uploads\/2025\/07\/el-impresionante-look-de-gala-de-kate-middleton-estrena-vestido-rojo-de-givenchy-y-la-tiara-favorita-de-diana-de-gales-5.jpg\" alt=\"Kate Middleton arrasa con un look de inspiraci\u00f3n nupcial en el desfile del D\u00eda de la Jarretera: toda de blanco y con pamela XL\"><br \/>\n<\/a><br \/>\n<\/figure>\n<\/div>\n<\/article>\n<\/div>\n<\/div>\n<\/div>\n<\/div>\n","protected":false},"excerpt":{"rendered":"<p>Kate Middleton ha retomado su agenda oficial por todo lo alto, gracias a la Visita de Estado de Emmanuel y Brigitte Macron al Reino Unido. La princesa de Gales no solo recibi\u00f3 a al presidente franc\u00e9s y a la primera dama a su llegada al pa\u00eds, sino que tampoco falt\u00f3 a la cena de gala [&hellip;]<\/p>\n","protected":false},"author":1,"featured_media":160936,"comment_status":"closed","ping_status":"closed","sticky":false,"template":"","format":"standard","meta":[],"categories":[24],"tags":[],"_links":{"self":[{"href":"http:\/\/cordobainforma.info\/index.php\/wp-json\/wp\/v2\/posts\/160935"}],"collection":[{"href":"http:\/\/cordobainforma.info\/index.php\/wp-json\/wp\/v2\/posts"}],"about":[{"href":"http:\/\/cordobainforma.info\/index.php\/wp-json\/wp\/v2\/types\/post"}],"author":[{"embeddable":true,"href":"http:\/\/cordobainforma.info\/index.php\/wp-json\/wp\/v2\/users\/1"}],"replies":[{"embeddable":true,"href":"http:\/\/cordobainforma.info\/index.php\/wp-json\/wp\/v2\/comments?post=160935"}],"version-history":[{"count":0,"href":"http:\/\/cordobainforma.info\/index.php\/wp-json\/wp\/v2\/posts\/160935\/revisions"}],"wp:featuredmedia":[{"embeddable":true,"href":"http:\/\/cordobainforma.info\/index.php\/wp-json\/wp\/v2\/media\/160936"}],"wp:attachment":[{"href":"http:\/\/cordobainforma.info\/index.php\/wp-json\/wp\/v2\/media?parent=160935"}],"wp:term":[{"taxonomy":"category","embeddable":true,"href":"http:\/\/cordobainforma.info\/index.php\/wp-json\/wp\/v2\/categories?post=160935"},{"taxonomy":"post_tag","embeddable":true,"href":"http:\/\/cordobainforma.info\/index.php\/wp-json\/wp\/v2\/tags?post=160935"}],"curies":[{"name":"wp","href":"https:\/\/api.w.org\/{rel}","templated":true}]}}