{"id":160926,"date":"2025-07-09T06:50:00","date_gmt":"2025-07-09T06:50:00","guid":{"rendered":"http:\/\/cordobainforma.info\/index.php\/2025\/07\/09\/pese-a-recibir-la-excarcelacion-alesia-abaigar-sigue-bajo-arresto-domiciliario-porque-se-le-fijo-una-fianza-millonaria\/"},"modified":"2025-07-09T06:50:00","modified_gmt":"2025-07-09T06:50:00","slug":"pese-a-recibir-la-excarcelacion-alesia-abaigar-sigue-bajo-arresto-domiciliario-porque-se-le-fijo-una-fianza-millonaria","status":"publish","type":"post","link":"http:\/\/cordobainforma.info\/index.php\/2025\/07\/09\/pese-a-recibir-la-excarcelacion-alesia-abaigar-sigue-bajo-arresto-domiciliario-porque-se-le-fijo-una-fianza-millonaria\/","title":{"rendered":"Pese a recibir la excarcelaci\u00f3n, Alesia Abaigar sigue bajo arresto domiciliario porque se le fij\u00f3 una fianza millonaria"},"content":{"rendered":"<div class=\"media_block\"><\/div>\n<p>La jueza federal de San Isidro <a target=\"_blank\" href=\"https:\/\/www.perfil.com\/noticias\/politica\/excarcelaron-a-alesia-abaigar-la-funcionaria-que-vandalizo-con-excremento-la-casa-de-espert.phtml\" rel=\"noopener noreferrer\"><strong>Sandra Arroyo Salgado<\/strong><\/a> dispuso una<strong> fianza de 30 millones de pesos antes de excarcelar a la funcionaria bonaerense Alesia Abaigar<\/strong>, quien se encuentra con <strong>prisi\u00f3n domiciliaria<\/strong> por supuestamente haber arrojado excrementos contra la casa del diputado libertario <a target=\"_blank\" href=\"https:\/\/www.perfil.com\/noticias\/politica\/familiares-de-abaigar-y-los-nuevos-detenidos-por-la-bosta-en-lo-de-espert-denuncian-sadismo-e-ilegalidad.phtml\" rel=\"noopener noreferrer\"><strong>Jos\u00e9 Luis Espert<\/strong><\/a>.<\/p>\n<p>La defensa de Abaigar <strong>apel\u00f3 el monto de la fianza<\/strong> ante la C\u00e1mara Federal de San Mart\u00edn. Mientras tanto, la funcionaria seguir\u00e1 con <strong>arresto domiciliario y tobillera electr\u00f3nica<\/strong>. Adem\u00e1s, una vez otorgada la excarcelaci\u00f3n dispuesta el lunes por la C\u00e1mara Federal de San Mart\u00edn, la magistrada dispuso que la joven <strong>se presente una vez a la semana en su Juzgado<\/strong>. \u200b<\/p>\n<div>\n<figure class=\"image\"><picture><source media=\"(max-width: 440px)\" srcset=\"https:\/\/fotos.perfil.com\/\/2025\/06\/25\/440\/0\/alesia-abaigar-2049409.png?webp\"><source media=\"(max-width: 1019px)\" srcset=\"https:\/\/fotos.perfil.com\/\/2025\/06\/25\/712\/0\/alesia-abaigar-2049409.png?webp\"><img alt=\"ALESIA-ABAIGAR\" src=\"http:\/\/cordobainforma.info\/wp-content\/uploads\/2025\/07\/pese-a-recibir-la-excarcelacion-alesia-abaigar-sigue-bajo-arresto-domiciliario-porque-se-le-fijo-una-fianza-millonaria.jpg\" loading=\"lazy\"><\/picture><figcaption>Alesia Abaidar<\/figcaption><\/figure>\n<\/p><\/div>\n<p>El abogado de Abaidar, Daniel Llermanos, pidi\u00f3 una cauci\u00f3n juratoria, pero el lunes 7 de julio <strong>la C\u00e1mara dej\u00f3 a criterio de la magistrada el tipo de fianza a imponer<\/strong> y las condiciones para la excarcelaci\u00f3n.<\/p>\n<div class=\"subscription\" readability=\"6.683257918552\">\n<p> Esto no les gusta a los autoritarios <\/p>\n<div class=\"subscription__container\" readability=\"6.1467391304348\">\n<div class=\"subscription__text-wrapper\" readability=\"31.20652173913\">\n<p> El ejercicio del periodismo profesional y cr\u00edtico es un pilar fundamental de la democracia. Por eso molesta a quienes creen ser los due\u00f1os de la verdad. <\/p>\n<\/p><\/div><\/div><\/div>\n<p>Abaigar se encuentra imputada por \u201c<strong>atentado contra el orden p\u00fablico, en concurso ideal con amenazas agravadas e incitaci\u00f3n a la persecuci\u00f3n u odio contra una persona a causa de sus ideas pol\u00edticas<\/strong>\u201d.<\/p>\n<p>Los jueces del Tribunal de Apelaciones de San Mart\u00edn N\u00e9stor Barral y Alberto Lugones dieron la orden de liberarla porque \u201cno se advierte\u201d cu\u00e1les ser\u00edan \u201caquellas diligencias probatorias que podr\u00edan verse frustradas o entorpecidas en caso de que la causante recupere su libertad ambulatoria\u201d y <strong>no hay riesgo de fuga<\/strong>.<\/p>\n<h2>\u00abEsto podr\u00eda haber sido una contravenci\u00f3n\u00bb: Abaigar acus\u00f3 a la Justicia de montar un \u00abshow medi\u00e1tico\u00bb <\/h2>\n<p>La funcionaria bonaerense del Ministerio de Mujeres y Diversidad hizo sus <a target=\"_blank\" href=\"https:\/\/www.perfil.com\/noticias\/politica\/hablo-alesia-abaigar-tras-su-excarcelacion-fue-un-show-mediatico-con-costo-sobre-mi-cuerpo-y-psiquismo.phtml\" rel=\"noopener noreferrer\">primeras declaraciones p\u00fablicas en radio PERFIL<\/a> tras la excarcelaci\u00f3n. En comunicaci\u00f3n con <em>Una vida tranquila<\/em>, asegur\u00f3 que vivi\u00f3 \u00abun calvario\u00bb y defini\u00f3 su detenci\u00f3n como un <strong>\u00abshow medi\u00e1tico\u00bb<\/strong>. \u00abNecesitan llenar la pantalla con con este show porque,<strong> como mucho, esto podr\u00eda haber sido una contravenci\u00f3n<\/strong>, no es para nada un atentado, en todo caso es un escrache\u00bb, remarc\u00f3 Abaigar.<\/p>\n<p>Adem\u00e1s, asoci\u00f3 su detenci\u00f3n con la intenci\u00f3n del <strong>desv\u00edo de la agenda medi\u00e1tica<\/strong>. A pesar de entender los hechos de esa forma y sentir que eso la tranquiliz\u00f3, aclar\u00f3 que su encarcelamiento de 12 d\u00edas tuvo un gran<strong> impacto sobre su salud<\/strong>. \u00abEl costo que tuvo atravesar todo eso, porque <strong>lo pas\u00e9 con con mi cuerpo<\/strong>, <strong>con mi psiquismo<\/strong>, y el da\u00f1o adem\u00e1s que le han hecho a a mi madre estando ah\u00ed,<strong> no es gratuito<\/strong>\u00ab, afirm\u00f3. <\/p>\n<p>La funcionaria sostuvo que tanto ella, como a la concejal<strong> Eva Mieri <\/strong>o <strong>Cristina Fern\u00e1ndez de Kirchner<\/strong>, que permanecen presas, fueron <strong>tratadas con <\/strong>\u00ab<strong>sa\u00f1a<\/strong>\u00ab.. \u00abEsto es absolutamente aleccionador, \u00bfno? <strong>Molesta mucho, much\u00edsimo, una mujer en pol\u00edtica<\/strong>, molestan much\u00edsimo las mujeres en el mundo de los negocios,<strong> <\/strong><strong>molestan mucho las mujeres que cuestionan el sistema<\/strong> tal cual est\u00e1\u00bb, declar\u00f3. <\/p>\n<h2>Sigue presa Eva Mieri, la concejala de Quilmes<\/h2>\n<p>Tras rechazar su pedido de excarcelaci\u00f3n, <strong>el s\u00e1bado 5 de julio trasladaron a <a target=\"_blank\" href=\"https:\/\/www.perfil.com\/noticias\/politica\/detuvieron-a-la-concejal-de-quilmes-y-a-otras-tres-personas-por-el-escrache-a-la-casa-de-jose-luis-espert.phtml\" rel=\"noopener noreferrer\">Eva Mieri<\/a><\/strong>, otra de las acusadas de atacar la casa de Espert, <strong>a la c\u00e1rcel de mujeres en Ezeiza<\/strong>.<\/p>\n<p>Arroyo Salgado le asigna a esta funcionaria la <strong>responsabilidad de haber sacado la camioneta Chevrolet S10 del Municipio de Quilmes para perpetrar el ataque<\/strong>, y le sum\u00f3 el delito de \u201calteraci\u00f3n de la numeraci\u00f3n de un objeto registrado\u201d al tener el veh\u00edculo la patente parcialmente cubierta.<\/p>\n<p class=\"destacadoNota\"><a target=\"_blank\" href=\"https:\/\/www.perfil.com\/noticias\/politica\/kicillof-maximo-y-massa-definen-los-detalles-del-frente-peronista-en-la-previa-a-su-presentacion.phtml\" rel=\"noopener noreferrer\">Kicillof, M\u00e1ximo y Massa definen los detalles del frente peronista en la previa a su presentaci\u00f3n<\/a><\/p>\n<p>Seg\u00fan la reconstrucci\u00f3n de la Justicia, <strong>Mieri habl\u00f3 con Abaigar antes de realizar el escrache<\/strong> en el frente de la casa de Espert, mensajes que, para los investigadores, confirman una organizaci\u00f3n coordinada.<\/p>\n<p>La concejala quilme\u00f1a, <strong>mano derecha de Mayra Mendoza, elimin\u00f3 toda la informaci\u00f3n de su celular <\/strong>horas antes del ataque. Ese fue un factor central para mantenerla detenida.<\/p>\n<div>\n<figure class=\"image\"><picture><source media=\"(max-width: 440px)\" srcset=\"http:\/\/cordobainforma.info\/wp-content\/uploads\/2025\/07\/pese-a-recibir-la-excarcelacion-alesia-abaigar-sigue-bajo-arresto-domiciliario-porque-se-le-fijo-una-fianza-millonaria-1.webp\"><source media=\"(max-width: 1019px)\" srcset=\"https:\/\/fotos.perfil.com\/\/2025\/07\/02\/712\/0\/eva-mieri-consejal-20250702-2053916.jpg?webp\"><img alt=\"Eva mieri consejal 20250702\" src=\"http:\/\/cordobainforma.info\/wp-content\/uploads\/2025\/07\/pese-a-recibir-la-excarcelacion-alesia-abaigar-sigue-bajo-arresto-domiciliario-porque-se-le-fijo-una-fianza-millonaria.webp\" loading=\"lazy\"><\/picture><figcaption>Eva Mieri<\/figcaption><\/figure>\n<\/p><\/div>\n<p>El 17 de junio pasado, las dos mujeres habr\u00edan llegado al domicilio del diputado, ubicado en Beccar, alrededor de las 19. Adem\u00e1s de la S10 se us\u00f3 un Renault Clio en el que habr\u00eda viajado <strong>el resto de los involucrados: Candelaria Montes Cat\u00e9, Aldana Muzzio e Iv\u00e1n D\u00edaz Bianchi<\/strong>.<\/p>\n<p>La materia fecal fue trasladada en bolsas en la caja de la camioneta. Tambi\u00e9n llevaron un pasacalles que expresaba: \u201c<strong>Ac\u00e1 vive la mierda de Espert<\/strong>\u201d.<\/p>\n<p><em>HM\/ML<\/em><\/p>\n","protected":false},"excerpt":{"rendered":"<p>La jueza federal de San Isidro Sandra Arroyo Salgado dispuso una fianza de 30 millones de pesos antes de excarcelar a la funcionaria bonaerense Alesia Abaigar, quien se encuentra con prisi\u00f3n domiciliaria por supuestamente haber arrojado excrementos contra la casa del diputado libertario Jos\u00e9 Luis Espert. La defensa de Abaigar apel\u00f3 el monto de la [&hellip;]<\/p>\n","protected":false},"author":1,"featured_media":160927,"comment_status":"closed","ping_status":"closed","sticky":false,"template":"","format":"standard","meta":[],"categories":[2],"tags":[],"_links":{"self":[{"href":"http:\/\/cordobainforma.info\/index.php\/wp-json\/wp\/v2\/posts\/160926"}],"collection":[{"href":"http:\/\/cordobainforma.info\/index.php\/wp-json\/wp\/v2\/posts"}],"about":[{"href":"http:\/\/cordobainforma.info\/index.php\/wp-json\/wp\/v2\/types\/post"}],"author":[{"embeddable":true,"href":"http:\/\/cordobainforma.info\/index.php\/wp-json\/wp\/v2\/users\/1"}],"replies":[{"embeddable":true,"href":"http:\/\/cordobainforma.info\/index.php\/wp-json\/wp\/v2\/comments?post=160926"}],"version-history":[{"count":0,"href":"http:\/\/cordobainforma.info\/index.php\/wp-json\/wp\/v2\/posts\/160926\/revisions"}],"wp:featuredmedia":[{"embeddable":true,"href":"http:\/\/cordobainforma.info\/index.php\/wp-json\/wp\/v2\/media\/160927"}],"wp:attachment":[{"href":"http:\/\/cordobainforma.info\/index.php\/wp-json\/wp\/v2\/media?parent=160926"}],"wp:term":[{"taxonomy":"category","embeddable":true,"href":"http:\/\/cordobainforma.info\/index.php\/wp-json\/wp\/v2\/categories?post=160926"},{"taxonomy":"post_tag","embeddable":true,"href":"http:\/\/cordobainforma.info\/index.php\/wp-json\/wp\/v2\/tags?post=160926"}],"curies":[{"name":"wp","href":"https:\/\/api.w.org\/{rel}","templated":true}]}}