{"id":160909,"date":"2025-07-08T22:24:09","date_gmt":"2025-07-08T22:24:09","guid":{"rendered":"http:\/\/cordobainforma.info\/index.php\/2025\/07\/08\/cordoba-marco-un-record-en-ventas-de-autos-usados-durante-el-primer-semestre-de-2025\/"},"modified":"2025-07-08T22:24:09","modified_gmt":"2025-07-08T22:24:09","slug":"cordoba-marco-un-record-en-ventas-de-autos-usados-durante-el-primer-semestre-de-2025","status":"publish","type":"post","link":"http:\/\/cordobainforma.info\/index.php\/2025\/07\/08\/cordoba-marco-un-record-en-ventas-de-autos-usados-durante-el-primer-semestre-de-2025\/","title":{"rendered":"<b>C\u00f3rdoba<\/b> marc\u00f3 un r\u00e9cord en ventas de autos usados durante el primer semestre de 2025"},"content":{"rendered":"<p>Comportamiento econ\u00f3mico. Uno de los factores que explican este fen\u00f3meno es la retracci\u00f3n del mercado de autos 0 km, afectado por la inflaci\u00f3n, la&nbsp;&#8230; <\/p>\n","protected":false},"excerpt":{"rendered":"<p>Comportamiento econ\u00f3mico. Uno de los factores que explican este fen\u00f3meno es la retracci\u00f3n del mercado de autos 0 km, afectado por la inflaci\u00f3n, la&nbsp;&#8230;<\/p>\n","protected":false},"author":1,"featured_media":0,"comment_status":"closed","ping_status":"closed","sticky":false,"template":"","format":"standard","meta":[],"categories":[23],"tags":[],"_links":{"self":[{"href":"http:\/\/cordobainforma.info\/index.php\/wp-json\/wp\/v2\/posts\/160909"}],"collection":[{"href":"http:\/\/cordobainforma.info\/index.php\/wp-json\/wp\/v2\/posts"}],"about":[{"href":"http:\/\/cordobainforma.info\/index.php\/wp-json\/wp\/v2\/types\/post"}],"author":[{"embeddable":true,"href":"http:\/\/cordobainforma.info\/index.php\/wp-json\/wp\/v2\/users\/1"}],"replies":[{"embeddable":true,"href":"http:\/\/cordobainforma.info\/index.php\/wp-json\/wp\/v2\/comments?post=160909"}],"version-history":[{"count":0,"href":"http:\/\/cordobainforma.info\/index.php\/wp-json\/wp\/v2\/posts\/160909\/revisions"}],"wp:attachment":[{"href":"http:\/\/cordobainforma.info\/index.php\/wp-json\/wp\/v2\/media?parent=160909"}],"wp:term":[{"taxonomy":"category","embeddable":true,"href":"http:\/\/cordobainforma.info\/index.php\/wp-json\/wp\/v2\/categories?post=160909"},{"taxonomy":"post_tag","embeddable":true,"href":"http:\/\/cordobainforma.info\/index.php\/wp-json\/wp\/v2\/tags?post=160909"}],"curies":[{"name":"wp","href":"https:\/\/api.w.org\/{rel}","templated":true}]}}