{"id":160872,"date":"2025-07-09T01:36:36","date_gmt":"2025-07-09T01:36:36","guid":{"rendered":"https:\/\/www.clarin.com\/deportes\/velez-campeon-supercopa-internacional-consolida-sexto-tabla-historica-titulos-futbol-argentino_0_69aOygiXDU.html"},"modified":"2025-07-09T01:36:36","modified_gmt":"2025-07-09T01:36:36","slug":"velez-campeon-de-la-supercopa-internacional-se-consolida-como-el-sexto-en-la-tabla-historica-de-titulos-del-futbol-argentino","status":"publish","type":"post","link":"http:\/\/cordobainforma.info\/index.php\/2025\/07\/09\/velez-campeon-de-la-supercopa-internacional-se-consolida-como-el-sexto-en-la-tabla-historica-de-titulos-del-futbol-argentino\/","title":{"rendered":"V\u00e9lez, campe\u00f3n de la Supercopa Internacional: se consolida como el &#8216;sexto&#8217; en la tabla hist\u00f3rica de t\u00edtulos del f\u00fatbol argentino"},"content":{"rendered":"<p><img src=\"http:\/\/cordobainforma.info\/wp-content\/uploads\/2025\/07\/velez-campeon-de-la-supercopa-internacional-se-consolida-como-el-sexto-en-la-tabla-historica-de-titulos-del-futbol-argentino.jpg\"><\/p>\n<div><img src=\"http:\/\/cordobainforma.info\/wp-content\/uploads\/2025\/07\/velez-campeon-de-la-supercopa-internacional-se-consolida-como-el-sexto-en-la-tabla-historica-de-titulos-del-futbol-argentino-2.jpg\" class=\"ff-og-image-inserted\"><\/div>\n<div id=\"element-body-0\" readability=\"67\">\n<p><strong>La tercera fue la vencida<\/strong>. Despu\u00e9s de dos finales perdidas ante Estudiantes, <strong>V\u00e9lez logr\u00f3 su segunda copa nacional despu\u00e9s de 11 a\u00f1os<\/strong>. Con la conquista este martes de la <strong>Supercopa Internacional<\/strong>, lleg\u00f3 a los <strong>18 t\u00edtulos en su historia <\/strong>y se consolida en el <strong>sexto puesto entre los m\u00e1s ganadores <\/strong>(los que est\u00e1n en actividad) de estrellas oficiales del f\u00fatbol argentino. Arriba siguen estando <strong>Boca<\/strong>, <strong>River<\/strong>, <strong>Independiente<\/strong>, <strong>Racing <\/strong>y <strong>San Lorenzo<\/strong>, este \u00faltimo compartido con Alumni, que se disolvi\u00f3 en 1913.<\/p>\n<\/div>\n<div id=\"element-body-1\" readability=\"66\">\n<p>La anterior Copa Nacional para el &#8216;Fort\u00edn&#8217; fue la Supercopa Argentina, final que le gan\u00f3 a Arsenal por 1-0 el 30 de enero de 2014 en San Luis. En 2024, con <strong>Gustavo Quinteros <\/strong>de entrenador, fue protagonista de todo, perdi\u00f3 la final de la Copa de la Liga y del Trofeo de Campeones con Estudiantes, y de la Copa Argentina con Central C\u00f3rdoba de Santiago del Estero. Sin embargo, se qued\u00f3 con el trofeo m\u00e1s importante del a\u00f1o: <strong>el torneo de la Liga Profesional<\/strong>.<\/p>\n<\/div>\n<div id=\"element-body-2\" readability=\"69\">\n<p>V\u00e9lez, fundado en 1910, comenz\u00f3 jugando, como la mayor\u00eda de los clubes, en las categor\u00edas de ascenso. En 1919 era el l\u00edder de la zona Oeste del torneo de Intermedia cuando se produjo la segunda escisi\u00f3n del f\u00fatbol argentino. Un grupo importante de clubes, entre ellos River, Independiente, Racing y San Lorenzo, crearon la Asociaci\u00f3n Amateurs de Football. V\u00e9lez fue invitado a sumarse y as\u00ed empez\u00f3 a jugar en Primera. Ese a\u00f1o fue subcampe\u00f3n de Racing, que logr\u00f3 su s\u00e9ptimo t\u00edtulo consecutivo.<\/p>\n<\/div>\n<div id=\"element-body-3\" readability=\"66\">\n<p>Desde entonces, V\u00e9lez se convirti\u00f3 en un equipo de Primera con buenas y regulares campa\u00f1as. Pero en 1940 se produjo el \u00fanico descenso de su historia. Estuvo tres temporadas en la vieja Primera B y en 1943, el primer a\u00f1o que la categor\u00eda m\u00e1s importante de ascenso fue profesional, se coron\u00f3 campe\u00f3n. Desde 1944 juega de manera ininterrumpida en la m\u00e1xima categor\u00eda (se cumplieron 81 a\u00f1os) y es el segundo equipo, despu\u00e9s de Boca, que nunca descendi\u00f3, en tener ese privilegio.<\/p>\n<\/div>\n<div id=\"element-body-4\" readability=\"61\">\n<p>Si el rival de este domingo fue el primer chico en romper la hegemon\u00eda de los grandes, V\u00e9lez fue el segundo. En el Nacional de 1968 empat\u00f3 el primer puesto con River y Racing y se necesit\u00f3 de un triangular final para definir el campe\u00f3n. El Fort\u00edn igual\u00f3 con el Millonario 1-1 y el 28 de diciembre le gan\u00f3 4-2 a Racing en el Gas\u00f3metro y se coron\u00f3 campe\u00f3n por primera vez de un torneo superior.<\/p>\n<\/div>\n<div id=\"element-body-5\" readability=\"65\">\n<p>En aquel equipo campe\u00f3n estaba Carlos Bianchi, el hacedor de la gesta de los 90. El ex centrodelantero arrib\u00f3 a V\u00e9lez en diciembre de 1992 y en tres a\u00f1os y medio construy\u00f3 el ciclo m\u00e1s importante de la historia del club. Campe\u00f3n del Clausura 93, de la Libertadores y la Europea-Sudamericana (conocida como Intercontinental), el Apertura 95, la Interamericana 96 y el Clausura 96. Este \u00faltimo lo comparti\u00f3 en las \u00faltimas cuatro fechas con Osvaldo Piazza, ya que Bianchi se fue a dirigir a la Roma de Italia.<\/p>\n<\/div>\n<div id=\"element-body-7\" readability=\"64\">\n<p>Con Piazza como continuador, V\u00e9lez gan\u00f3 la Supercopa 96 y la Recopa 97, sus \u00faltimos t\u00edtulos internacionales. Luego lleg\u00f3 Marcelo Bielsa y con un equipo renovado, gan\u00f3 el Clausura 98. Siete a\u00f1os despu\u00e9s, con Miguel Angel Russo en el banco, se qued\u00f3 con el Clausura 2005.<\/p>\n<\/div>\n<div id=\"element-body-8\" readability=\"68\">\n<p>V\u00e9lez tuvo un nuevo ciclo exitoso con Ricardo Gareca como entrenador: gan\u00f3 el Clausura 2009, Clausura 2011, Inicial 2012 y el t\u00edtulo de la temporada 2012\/13. Luego de cinco a\u00f1os en el club, Gareca se alej\u00f3 y lo sucedi\u00f3 uno de sus ayudantes de campo, Jos\u00e9 Oscar Flores. El Turu tuvo un debut triunfal. Su primer partido fue la final de la Supercopa Argentina, edici\u00f3n 2013, ante Arsenal, el 30 de enero de 2014 en San Luis. V\u00e9lez gan\u00f3 1-0 con gol de H\u00e9ctor Tito Canteros. Ahora, V\u00e9lez sum\u00f3 su segunda copa nacional.<\/p>\n<\/div>\n<div id=\"element-body-10\" readability=\"58\">\n<ul>\n<li>Boca y River, 17<\/li>\n<li>Racing 15<\/li>\n<li>Independiente, 9<\/li>\n<li>Alumni y Hurac\u00e1n, 8<\/li>\n<li>Rosario Central, 7<\/li>\n<li>San Isidro y Estudiantes, 4<\/li>\n<li>Lan\u00fas *, Newell&#8217;s y Rosario Athletic (Atl\u00e9tico del Rosario), 3<\/li>\n<li>Arsenal, Belgrano, Porte\u00f1o, San Lorenzo y V\u00e9lez 2<\/li>\n<li>Atlanta, Atl\u00e9tico Tucum\u00e1n **, Banfield, Central C\u00f3rdoba de Santiago del Estero, Col\u00f3n, Estudiantes, Gimnasia LP, Nueva Chicago, Patronato, Quilmes, San Mart\u00edn de Tucum\u00e1n, Balcarce, Barracas, Tigre, Tiro Federal, Talleres de C\u00f3rdoba, 1.<\/li>\n<\/ul>\n<p>* Torneo provincial recientemente avalado por AFA como Copa Nacional sin una l\u00f3gica hist\u00f3rica. ** Torneo regional recientemente avalado por AFA como Copa Nacional sin una l\u00f3gica hist\u00f3rica.<\/p>\n<\/div>\n<div id=\"element-body-12\" readability=\"58\">\n<ol>\n<li>Boca, 74<\/li>\n<li>River, 72<\/li>\n<li>Independiente, 45<\/li>\n<li>Racing, 41<\/li>\n<li>San Lorenzo, 22<\/li>\n<li>Alumni, 22<\/li>\n<li>V\u00e9lez, 18<\/li>\n<li>Estudiantes, 17<\/li>\n<li>Hurac\u00e1n, 13<\/li>\n<li>Rosario Central, 12<\/li>\n<\/ol>\n<p>*Incluye ligas y copas locales m\u00e1s copas internacionales, siempre en Primera Divisi\u00f3n.<\/p>\n<\/div>\n","protected":false},"excerpt":{"rendered":"<p>La tercera fue la vencida. Despu\u00e9s de dos finales perdidas ante Estudiantes, V\u00e9lez logr\u00f3 su segunda copa nacional despu\u00e9s de 11 a\u00f1os. Con la conquista este martes de la Supercopa Internacional, lleg\u00f3 a los 18 t\u00edtulos en su historia y se consolida en el sexto puesto entre los m\u00e1s ganadores (los que est\u00e1n en actividad) [&hellip;]<\/p>\n","protected":false},"author":1,"featured_media":160873,"comment_status":"closed","ping_status":"closed","sticky":false,"template":"","format":"standard","meta":[],"categories":[20],"tags":[],"_links":{"self":[{"href":"http:\/\/cordobainforma.info\/index.php\/wp-json\/wp\/v2\/posts\/160872"}],"collection":[{"href":"http:\/\/cordobainforma.info\/index.php\/wp-json\/wp\/v2\/posts"}],"about":[{"href":"http:\/\/cordobainforma.info\/index.php\/wp-json\/wp\/v2\/types\/post"}],"author":[{"embeddable":true,"href":"http:\/\/cordobainforma.info\/index.php\/wp-json\/wp\/v2\/users\/1"}],"replies":[{"embeddable":true,"href":"http:\/\/cordobainforma.info\/index.php\/wp-json\/wp\/v2\/comments?post=160872"}],"version-history":[{"count":0,"href":"http:\/\/cordobainforma.info\/index.php\/wp-json\/wp\/v2\/posts\/160872\/revisions"}],"wp:featuredmedia":[{"embeddable":true,"href":"http:\/\/cordobainforma.info\/index.php\/wp-json\/wp\/v2\/media\/160873"}],"wp:attachment":[{"href":"http:\/\/cordobainforma.info\/index.php\/wp-json\/wp\/v2\/media?parent=160872"}],"wp:term":[{"taxonomy":"category","embeddable":true,"href":"http:\/\/cordobainforma.info\/index.php\/wp-json\/wp\/v2\/categories?post=160872"},{"taxonomy":"post_tag","embeddable":true,"href":"http:\/\/cordobainforma.info\/index.php\/wp-json\/wp\/v2\/tags?post=160872"}],"curies":[{"name":"wp","href":"https:\/\/api.w.org\/{rel}","templated":true}]}}